{"id":29553,"date":"2025-10-24T00:44:19","date_gmt":"2025-10-24T00:44:19","guid":{"rendered":"https:\/\/www.europesays.com\/lv\/29553\/"},"modified":"2025-10-24T00:44:19","modified_gmt":"2025-10-24T00:44:19","slug":"latvijas-basketbola-savieniba-apstiprina-septinu-jaunatnes-izlasu-galvenos-trenerus","status":"publish","type":"post","link":"https:\/\/www.europesays.com\/lv\/29553\/","title":{"rendered":"Latvijas Basketbola savien\u012bba apstiprina septi\u0146u jaunatnes izla\u0161u galvenos trenerus"},"content":{"rendered":"<p>Latvijas U20 sievie\u0161u basketbola izlasi turpin\u0101s vad\u012bt Kaspars M\u0101jenieks, kura vad\u012bb\u0101 pag\u0101ju\u0161aj\u0101 vasar\u0101 Latvijas basketbolistes ierindoj\u0101s 11. poz\u012bcij\u0101.<\/p>\n<p>Ar\u012b Latvijas U20 v\u012brie\u0161u basketbola valstsvien\u012bbu turpin\u0101s vad\u012bt Ainars Zvirgzdi\u0146\u0161. Vi\u0146a vad\u012bt\u0101 Latvijas vien\u012bba aizvad\u012btaj\u0101 vasar\u0101 uzvar\u0113ja Eiropas U20 \u010dempion\u0101ta B div\u012bzijas turn\u012br\u0101, nodro\u0161inot atgrie\u0161anos sp\u0113c\u012bg\u0101kaj\u0101 div\u012bzij\u0101.<\/p>\n<p>Latvijas U18 sievie\u0161u izlases galvenais treneris ceturto gadu p\u0113c k\u0101rtas b\u016bs R\u016bdilgs Roz\u012btis, bet par Latvijas U18 v\u012brie\u0161u valstsvien\u012bbas galveno treneri apstiprin\u0101ts Sandis Buskevi\u010ds, kur\u0161 k\u0101 treneris str\u0101d\u0101jis Lietuv\u0101, ar Palangas vien\u012bbu uzvarot Lietuvas Nacion\u0101laj\u0101 l\u012bg\u0101.<\/p>\n<p>Latvijas U17 sievie\u0161u valstsvien\u012bbas vad\u012bba uztic\u0113ta Ilzei Osei-Hlebovickai, kuras vad\u012bb\u0101 Latvijas U16 basketbolistes pag\u0101ju\u0161aj\u0101 vasar\u0101 izc\u012bn\u012bja ceturto vietu Eiropas \u010dempion\u0101t\u0101 un tika pie ce\u013caz\u012bmes uz Pasaules kausa izc\u012b\u0146u.<\/p>\n<p>V\u0113l Latvijas U16 v\u012brie\u0161u izlasi tre\u0161o gadu p\u0113c k\u0101rtas vad\u012bs Edijs \u0160lesers, kur\u0161 sezonas laik\u0101 ar \u0161\u012b vecuma sp\u0113l\u0113t\u0101jiem str\u0101d\u0101s LBS ekselences programmas ietvaros, bet Latvijas U16 sievie\u0161u valstsvien\u012bbas galven\u0101 trenera amat\u0101 apstiprin\u0101ts Elvis Brok\u0101ns, kur\u0161 iepriek\u0161\u0113jos tr\u012bs gadus bija U16 izlases galven\u0101 trenera asistents.<\/p>\n<p class=\"ad-desc ad-desc-main\">Saturs turpin\u0101s p\u0113c rekl\u0101mas<\/p>\n<p class=\"ad-desc ad-desc-sec\">Rekl\u0101ma<\/p>\n<p>Latvijas U16 v\u012brie\u0161u izlases kandid\u0101ti klubu sezonas laik\u0101 \u201cEkselences centra\u201d komand\u0101 piedal\u0101s Nacion\u0101l\u0101s basketbola l\u012bgas \u010dempion\u0101t\u0101, k\u0101 ar\u012b Eiropas Jaunatnes l\u012bgas \u010dempion\u0101t\u0101 un cit\u0101s starptautiskaj\u0101s sacens\u012bb\u0101s.<\/p>\n<p>Jaunatnes izla\u0161u kandid\u0101tes piedal\u0101s Baltijas Sievie\u0161u basketbola l\u012bgas 2. div\u012bzijas un Latvijas Sievie\u0161u basketbola l\u012bgas \u010dempion\u0101t\u0101.<\/p>\n<p>U16 un U18 izla\u0161u 2026. gada sezonu janv\u0101ra s\u0101kum\u0101 ievad\u012bs Baltijas j\u016bras kausa izc\u012b\u0146as turn\u012brs Tallin\u0101.<\/p>\n<p class=\"tv3-fw-500\">Zi\u0146o par k\u013c\u016bdu rakst\u0101<\/p>\n<p class=\"d-md-block d-none\">Iez\u012bm\u0113 k\u013c\u016bdaino tekstu un spied Ctrl+Enter.<\/p>\n<p class=\"d-md-none d-block\">Iez\u012bm\u0113 k\u013c\u016bdaino tekstu un zi\u0146o par to!<\/p>\n","protected":false},"excerpt":{"rendered":"Latvijas U20 sievie\u0161u basketbola izlasi turpin\u0101s vad\u012bt Kaspars M\u0101jenieks, kura vad\u012bb\u0101 pag\u0101ju\u0161aj\u0101 vasar\u0101 Latvijas basketbolistes ierindoj\u0101s 11. poz\u012bcij\u0101.&hellip;\n","protected":false},"author":2,"featured_media":29554,"comment_status":"","ping_status":"","sticky":false,"template":"","format":"standard","meta":{"footnotes":""},"categories":[17],"tags":[35,39,38,36,37,34,7194,40,67],"class_list":{"0":"post-29553","1":"post","2":"type-post","3":"status-publish","4":"format-standard","5":"has-post-thumbnail","7":"category-sports","8":"tag-latvia","9":"tag-latvian","10":"tag-latviesu","11":"tag-latviesu-valoda","12":"tag-latviesuvaloda","13":"tag-latvija","14":"tag-latvijas-basketbola-savieniba","15":"tag-lv","16":"tag-sports"},"share_on_mastodon":{"url":"https:\/\/pubeurope.com\/@lv\/115426378557193078","error":""},"_links":{"self":[{"href":"https:\/\/www.europesays.com\/lv\/wp-json\/wp\/v2\/posts\/29553","targetHints":{"allow":["GET"]}}],"collection":[{"href":"https:\/\/www.europesays.com\/lv\/wp-json\/wp\/v2\/posts"}],"about":[{"href":"https:\/\/www.europesays.com\/lv\/wp-json\/wp\/v2\/types\/post"}],"author":[{"embeddable":true,"href":"https:\/\/www.europesays.com\/lv\/wp-json\/wp\/v2\/users\/2"}],"replies":[{"embeddable":true,"href":"https:\/\/www.europesays.com\/lv\/wp-json\/wp\/v2\/comments?post=29553"}],"version-history":[{"count":0,"href":"https:\/\/www.europesays.com\/lv\/wp-json\/wp\/v2\/posts\/29553\/revisions"}],"wp:featuredmedia":[{"embeddable":true,"href":"https:\/\/www.europesays.com\/lv\/wp-json\/wp\/v2\/media\/29554"}],"wp:attachment":[{"href":"https:\/\/www.europesays.com\/lv\/wp-json\/wp\/v2\/media?parent=29553"}],"wp:term":[{"taxonomy":"category","embeddable":true,"href":"https:\/\/www.europesays.com\/lv\/wp-json\/wp\/v2\/categories?post=29553"},{"taxonomy":"post_tag","embeddable":true,"href":"https:\/\/www.europesays.com\/lv\/wp-json\/wp\/v2\/tags?post=29553"}],"curies":[{"name":"wp","href":"https:\/\/api.w.org\/{rel}","templated":true}]}}