{"id":29582,"date":"2025-10-24T03:13:07","date_gmt":"2025-10-24T03:13:07","guid":{"rendered":"https:\/\/www.europesays.com\/lv\/29582\/"},"modified":"2025-10-24T03:13:07","modified_gmt":"2025-10-24T03:13:07","slug":"miks-dukurs-venecija-negaiditi-uzstajas-kopa-ar-ielu-muzikantu-abi-lente-lv","status":"publish","type":"post","link":"https:\/\/www.europesays.com\/lv\/29582\/","title":{"rendered":"Miks Dukurs Ven\u0113cij\u0101 negaid\u012bti uzst\u0101jas kop\u0101 ar ielu muzikantu Abi\u00a0\u2014\u00a0Lente.lv"},"content":{"rendered":"<p>Miks Dukurs iepriecina ar negaid\u012btu duetu Ven\u0113cij\u0101<\/p>\n<p>Latvie\u0161u m\u016bzi\u0137is Miks Dukurs, kur\u0161 \u0161obr\u012bd bauda romantiskas br\u012bvdienas It\u0101lijas pils\u0113t\u0101 Ven\u0113cij\u0101 kop\u0101 ar savu topo\u0161o sievu Endiju Kalni\u0146u, ir sag\u0101d\u0101jis pat\u012bkamu p\u0101rsteigumu saviem sekot\u0101jiem. Ciemojoties Ven\u0113cij\u0101 oktobra vid\u016b, kad pils\u0113ta ir maz\u0101k apmekl\u0113ta un valda pat\u012bkams rudens laiks, Dukurs ir ne tikai baud\u012bjis pils\u0113tas skaistumu, bet ar\u012b rad\u012bjis muzik\u0101lu sadarb\u012bbu ar viet\u0113jo ielu muzikantu. \u0160is negaid\u012btais muzik\u0101lais kopdarbs noticis pils\u0113tas burv\u012bgaj\u0101s iel\u0101s, kur pulc\u0113jas gan t\u016bristi, gan viet\u0113jie iedz\u012bvot\u0101ji, mekl\u0113jot iedvesmu un baudot pils\u0113tas unik\u0101lo atmosf\u0113ru.<\/p>\n<p>Muzik\u0101la satik\u0161an\u0101s kan\u0101lu pils\u0113t\u0101<\/p>\n<p>Miks Dukurs sav\u0101 \u201cFacebook\u201d profil\u0101 akt\u012bvi dal\u012bjies ar ce\u013cojuma iespaidiem, atkl\u0101jot, ka vi\u0146\u0161 un Endija devu\u0161ies uz Ven\u0113ciju, lai atz\u012bm\u0113tu saderin\u0101\u0161anos. Oktobris ir lielisks m\u0113nesis apmekl\u0113t Ven\u0113ciju, jo laiks ir m\u0113rens, bet t\u016bristu p\u016b\u013ci ir maz\u0101ki nek\u0101 vasaras m\u0113ne\u0161os. Tie\u0161i \u0161aj\u0101, \u0161\u0137ietami nesteidz\u012bgaj\u0101 gaisotn\u0113, Miks sastapis talant\u012bgu ielu muzikantu, v\u0101rd\u0101 Abi, kur\u0161 ikdien\u0101 priec\u0113 gar\u0101mg\u0101j\u0113jus ar savu muzik\u0101lo sniegumu. Abu muzikantu ce\u013ci krustoju\u0161ies nejau\u0161i, radot br\u012bni\u0161\u0137\u012bgu mirkli, ko v\u0113l\u0101k baud\u012bt var\u0113ja ar\u012b citi.<\/p>\n<p> pasaulslavenu dziesmu interpret\u0101cijas <\/p>\n<p>Kop\u0101 ar Abi, Miks Dukurs izpild\u012bjis divas pasaulslavenas dziesmas. Lai gan prec\u012bzi dziesmu nosaukumi nav atkl\u0101ti, \u0161\u0101da negaid\u012bta sadarb\u012bba viennoz\u012bm\u012bgi ir rad\u012bjusi unik\u0101lu m\u0101ksliniecisku pieredzi gan pa\u0161iem m\u016bzi\u0137iem, gan ar\u012b tiem, kuriem paveic\u0101s b\u016bt kl\u0101t \u0161\u012b muzik\u0101l\u0101 br\u012b\u017ea baud\u012bt\u0101jiem. Ielu muzikanti Ven\u0113cij\u0101 ir sastopami bie\u017ei, un vi\u0146u sniegums bie\u017ei vien pie\u0161\u0137ir pils\u0113tai \u012bpa\u0161u \u0161armu un dz\u012bv\u012bgumu. Dukura un Abi kop\u012bg\u0101 uzst\u0101\u0161an\u0101s ir apliecin\u0101jums tam, ka m\u016bzika sp\u0113j vienot cilv\u0113kus neatkar\u012bgi no valodas un kult\u016bras barjer\u0101m, radot neaizmirstamus kop\u012bgus mirk\u013cus.<\/p>\n<p>Romantika un muzik\u0101li piedz\u012bvojumi It\u0101lij\u0101<\/p>\n<p>Miks Dukurs un vi\u0146a l\u012bgava Endija Kalni\u0146a jau vair\u0101kus m\u0113ne\u0161us ir saderin\u0101ju\u0161ies. \u0160is ce\u013cojums uz Ven\u0113ciju ir papildu apliecin\u0101jums vi\u0146u stipraj\u0101m attiec\u012bb\u0101m, kur\u0101s valda m\u012blest\u012bba un savstarp\u0113ja atbalsts. Dukura jaun\u0101k\u0101 dziesma \u201cYou\u201d, kas izdota 2024. gada septembr\u012b, ir velt\u012bta tie\u0161i vi\u0146a m\u012b\u013cotajai. Ven\u0113cija oktobr\u012b pied\u0101v\u0101 mier\u012bg\u0101ku atmosf\u0113ru, ar m\u0113renu temperat\u016bru un maz\u0101k\u0101m cilv\u0113ku mas\u0101m, padarot to par ide\u0101lu galam\u0113r\u0137i romantiskai atp\u016btai un rado\u0161iem mekl\u0113jumiem. Ir iesp\u0113jams, ka m\u016bzi\u0137is turpin\u0101s dal\u012bties ar saviem iespaidiem un muzik\u0101lajiem atkl\u0101jumiem no \u0161\u012b br\u012bni\u0161\u0137\u012bg\u0101 ce\u013cojuma.<\/p>\n","protected":false},"excerpt":{"rendered":"Miks Dukurs iepriecina ar negaid\u012btu duetu Ven\u0113cij\u0101 Latvie\u0161u m\u016bzi\u0137is Miks Dukurs, kur\u0161 \u0161obr\u012bd bauda romantiskas br\u012bvdienas It\u0101lijas pils\u0113t\u0101&hellip;\n","protected":false},"author":2,"featured_media":29583,"comment_status":"","ping_status":"","sticky":false,"template":"","format":"standard","meta":{"footnotes":""},"categories":[19],"tags":[9058,9060,9062,5697,89,9059,2316,90,35,39,38,36,37,34,40,5694,103,9061,9057],"class_list":{"0":"post-29582","1":"post","2":"type-post","3":"status-publish","4":"format-standard","5":"has-post-thumbnail","7":"category-izklaide","8":"tag-abi","9":"tag-celojums","10":"tag-duets","11":"tag-endija-kalnina","12":"tag-entertainment","13":"tag-ielu-muzikants","14":"tag-italija","15":"tag-izklaide","16":"tag-latvia","17":"tag-latvian","18":"tag-latviesu","19":"tag-latviesu-valoda","20":"tag-latviesuvaloda","21":"tag-latvija","22":"tag-lv","23":"tag-miks-dukurs","24":"tag-muzika","25":"tag-saderinasanas","26":"tag-venecija"},"share_on_mastodon":{"url":"https:\/\/pubeurope.com\/@lv\/115426964428872356","error":""},"_links":{"self":[{"href":"https:\/\/www.europesays.com\/lv\/wp-json\/wp\/v2\/posts\/29582","targetHints":{"allow":["GET"]}}],"collection":[{"href":"https:\/\/www.europesays.com\/lv\/wp-json\/wp\/v2\/posts"}],"about":[{"href":"https:\/\/www.europesays.com\/lv\/wp-json\/wp\/v2\/types\/post"}],"author":[{"embeddable":true,"href":"https:\/\/www.europesays.com\/lv\/wp-json\/wp\/v2\/users\/2"}],"replies":[{"embeddable":true,"href":"https:\/\/www.europesays.com\/lv\/wp-json\/wp\/v2\/comments?post=29582"}],"version-history":[{"count":0,"href":"https:\/\/www.europesays.com\/lv\/wp-json\/wp\/v2\/posts\/29582\/revisions"}],"wp:featuredmedia":[{"embeddable":true,"href":"https:\/\/www.europesays.com\/lv\/wp-json\/wp\/v2\/media\/29583"}],"wp:attachment":[{"href":"https:\/\/www.europesays.com\/lv\/wp-json\/wp\/v2\/media?parent=29582"}],"wp:term":[{"taxonomy":"category","embeddable":true,"href":"https:\/\/www.europesays.com\/lv\/wp-json\/wp\/v2\/categories?post=29582"},{"taxonomy":"post_tag","embeddable":true,"href":"https:\/\/www.europesays.com\/lv\/wp-json\/wp\/v2\/tags?post=29582"}],"curies":[{"name":"wp","href":"https:\/\/api.w.org\/{rel}","templated":true}]}}