{"id":29614,"date":"2025-10-24T04:46:07","date_gmt":"2025-10-24T04:46:07","guid":{"rendered":"https:\/\/www.europesays.com\/lv\/29614\/"},"modified":"2025-10-24T04:46:07","modified_gmt":"2025-10-24T04:46:07","slug":"vacijas-generalis-krievija-gatavojas-jaunam-karam-eiropa","status":"publish","type":"post","link":"https:\/\/www.europesays.com\/lv\/29614\/","title":{"rendered":"V\u0101cijas \u0123ener\u0101lis: Krievija gatavojas jaunam karam Eirop\u0101"},"content":{"rendered":"<p class=\"descr\">V\u0101cu \u0123ener\u0101lis Aleksandrs Zolfranks br\u012bdina \u2013 Maskava ne tikai uzlabo savus iero\u010dus, bet ar\u012b gatavojas iesp\u0113jamam jaunam karam, raksta \u201cThe New York Times\u201d.<\/p>\n<p>Lai ar\u012b kaujas Ukrain\u0101 turpin\u0101s katru dienu, Krievija, iesp\u0113jams, jau gatavojas jaunam karam, intervij\u0101 laikrakstam &#8220;The New York Times&#8221; sac\u012bja V\u0101cijas armijas \u0123ener\u0101lis A. Zolfranks.<\/p>\n<p>\u0122ener\u0101lis uzskata, ka Maskava nep\u0101rtraukti pilnveido un stiprina savus bru\u0146otos sp\u0113kus.<\/p>\n<p>Vladimira Putina armija papildina person\u0101la un apr\u012bkojuma rezerves, izstr\u0101d\u0101 modernus iero\u010dus un ieg\u016bto milit\u0101ro pieredzi izmanto jaun\u0101s taktisk\u0101s sh\u0113m\u0101s.<\/p>\n<p>&#8220;Krievu armija p\u0101rstruktur\u0113 savus sauszemes sp\u0113kus, pat turpinot ofens\u012bvu. Vi\u0146i past\u0101v\u012bgi m\u0101c\u0101s,&#8221; sac\u012bja \u0123ener\u0101lis.<\/p>\n<p>P\u0113c Zolfranka dom\u0101m, ja Eiropa neizr\u0101d\u012bs ap\u0146\u0113m\u012bbu, var rasties b\u012bstama sp\u0113ku nel\u012bdzsvarot\u012bba. &#8220;Mums vajadz\u0113tu <a href=\"https:\/\/nra.lv\/pasaule\/504356-ka-tramps-plano-palidzet-ukrainai-ar-kinas-precu-nodevam.htm\" data-item-link=\"true\" data-item-id=\"504356\" rel=\"nofollow noopener\" target=\"_blank\">atbalst\u012bt Ukrainu<\/a> vai dar\u012bt jebko citu, kas nepiecie\u0161ams, lai mazin\u0101tu Krievijas spiedienu ,&#8221; vi\u0146\u0161 uzsv\u0113ra.<\/p>\n<p>\u0122ener\u0101lis ar\u012b pauda ba\u017eas, ka, kam\u0113r Putins r\u012bkojas, Eiropa joproj\u0101m pl\u0101no stiprin\u0101t savas aizsardz\u012bbas sp\u0113jas un str\u012bdas par finans\u0113jumu. &#8220;Krievija uzvar\u0113s,&#8221; br\u012bdina Zolfranks.<\/p>\n<p>\t\t\t\t\t\tinfo<\/p>\n<p>Uzzini pirmais<br \/>kas interesants noticis Latvij\u0101 un pasaul\u0113,<br \/>pievienojoties mums <a href=\"https:\/\/t.me\/neatkariga\" rel=\"nofollow\">Telegram<\/a> vai <a href=\"https:\/\/whatsapp.com\/channel\/0029VaMLFUH5K3zLU5s4wm3y\" rel=\"nofollow noopener\" target=\"_blank\">Whatsapp<\/a> kan\u0101l\u0101<\/p>\n","protected":false},"excerpt":{"rendered":"V\u0101cu \u0123ener\u0101lis Aleksandrs Zolfranks br\u012bdina \u2013 Maskava ne tikai uzlabo savus iero\u010dus, bet ar\u012b gatavojas iesp\u0113jamam jaunam karam,&hellip;\n","protected":false},"author":2,"featured_media":29615,"comment_status":"","ping_status":"","sticky":false,"template":"","format":"standard","meta":{"footnotes":""},"categories":[14],"tags":[23,57,28,29,32,33,22,30,31,35,39,38,36,37,34,40,20,26,27,24,25,54,55,56,21,58],"class_list":{"0":"post-29614","1":"post","2":"type-post","3":"status-publish","4":"format-standard","5":"has-post-thumbnail","7":"category-zinas-no-arvalstim","8":"tag-aktualitates","9":"tag-arvalstim","10":"tag-breaking-news","11":"tag-breakingnews","12":"tag-featured-news","13":"tag-featurednews","14":"tag-headlines","15":"tag-latest-news","16":"tag-latestnews","17":"tag-latvia","18":"tag-latvian","19":"tag-latviesu","20":"tag-latviesu-valoda","21":"tag-latviesuvaloda","22":"tag-latvija","23":"tag-lv","24":"tag-news","25":"tag-popularakas-zinas","26":"tag-popularakaszinas","27":"tag-top-stories","28":"tag-topstories","29":"tag-world","30":"tag-world-news","31":"tag-worldnews","32":"tag-zinas","33":"tag-zinas-no-arvalstim"},"share_on_mastodon":{"url":"https:\/\/pubeurope.com\/@lv\/115427330293656092","error":""},"_links":{"self":[{"href":"https:\/\/www.europesays.com\/lv\/wp-json\/wp\/v2\/posts\/29614","targetHints":{"allow":["GET"]}}],"collection":[{"href":"https:\/\/www.europesays.com\/lv\/wp-json\/wp\/v2\/posts"}],"about":[{"href":"https:\/\/www.europesays.com\/lv\/wp-json\/wp\/v2\/types\/post"}],"author":[{"embeddable":true,"href":"https:\/\/www.europesays.com\/lv\/wp-json\/wp\/v2\/users\/2"}],"replies":[{"embeddable":true,"href":"https:\/\/www.europesays.com\/lv\/wp-json\/wp\/v2\/comments?post=29614"}],"version-history":[{"count":0,"href":"https:\/\/www.europesays.com\/lv\/wp-json\/wp\/v2\/posts\/29614\/revisions"}],"wp:featuredmedia":[{"embeddable":true,"href":"https:\/\/www.europesays.com\/lv\/wp-json\/wp\/v2\/media\/29615"}],"wp:attachment":[{"href":"https:\/\/www.europesays.com\/lv\/wp-json\/wp\/v2\/media?parent=29614"}],"wp:term":[{"taxonomy":"category","embeddable":true,"href":"https:\/\/www.europesays.com\/lv\/wp-json\/wp\/v2\/categories?post=29614"},{"taxonomy":"post_tag","embeddable":true,"href":"https:\/\/www.europesays.com\/lv\/wp-json\/wp\/v2\/tags?post=29614"}],"curies":[{"name":"wp","href":"https:\/\/api.w.org\/{rel}","templated":true}]}}