{"id":29625,"date":"2025-10-24T04:56:07","date_gmt":"2025-10-24T04:56:07","guid":{"rendered":"https:\/\/www.europesays.com\/lv\/29625\/"},"modified":"2025-10-24T04:56:07","modified_gmt":"2025-10-24T04:56:07","slug":"lideru-grupa-sasaurinas-diena","status":"publish","type":"post","link":"https:\/\/www.europesays.com\/lv\/29625\/","title":{"rendered":"L\u012bderu grupa sa\u0161aurin\u0101s \/ Diena"},"content":{"rendered":"<p>\u0100tri g\u016bti v\u0101rti Bilbao nepal\u012bdz\u0113ja Azerbaid\u017e\u0101nas \u010dempionam\u00a0Qarabag\u00a0izvair\u012bties no pirm\u0101 klupiena UEFA \u010cempionu l\u012bgas pamatturn\u012br\u0101. L\u012bdz p\u0101rtraukumam baski pan\u0101ca l\u012bdzsvaru, bet p\u0113d\u0113j\u0101s 20 min\u016bt\u0113s nodro\u0161in\u0101ja\u00a0Athletic\u00a0uzvaru ar 3:1.<\/p>\n<p>&#13;<br \/>\n&#13;<\/p>\n<p>\u00abNepaz\u012bstam l\u012bgu, kur\u0101 t\u0101 sacen\u0161as, ta\u010du t\u0101 ir komanda ar br\u012bni\u0161\u0137\u012bgu c\u012b\u0146assparu,\u00bb pretiniekus no Karabahas paslav\u0113ja uzvaras v\u0101rtu autors Roberts Navaro. L\u012bderu grup\u0101 tikm\u0113r notur\u0113j\u0101s Minhenes\u00a0Bayern\u00a0un Madrides\u00a0Real, sav\u0101 laukum\u0101 g\u016bstot at\u0161\u0137ir\u012bga rakstura uzvaras. Bav\u0101rie\u0161i ar 4:0 sagr\u0101va\u00a0Club Brugge, bet karaliskajam Sp\u0101nijas klubam 1:0 pan\u0101kumu p\u0101r Tur\u012bnas\u00a0Juventus\u00a0nodro\u0161in\u0101ja D\u017e\u016bda Belingema rezultat\u012bvais sitiens. Anglim sezonas s\u0101kums aizrit\u0113jis savainojumu z\u012bm\u0113, un 22 gadus vecajam pussargam tie bija tikai pirmie v\u0101rti sezon\u0101. \u00abVi\u0146\u0161 ir viens no piln\u012bg\u0101kajiem sp\u0113l\u0113t\u0101jiem pasaul\u0113,\u00bb par Belingema sniegumu ar\u012b cit\u0101s sp\u0113les epizod\u0113s priec\u0101j\u0101s Madrides\u00a0Real\u00a0galvenais treneris \u0160abi Alonso.<\/p>\n<p>&#13;<br \/>\n&#13;<\/p>\n<p>Ne maz\u0101k priec\u012bgi tre\u0161dien bija\u00a0Liverpool\u00a0treneri un atbalst\u012bt\u0101ji, jo ar sav\u0101m pirmaj\u0101m rezultat\u012bvaj\u0101m darb\u012bb\u0101m izc\u0113l\u0101s \u0161ovasar par teju 140 miljoniem eiro ieg\u0101d\u0101tais v\u0101cu pussargs Flori\u0101ns Vircs. Vi\u0146\u0161 ar div\u0101m rezultat\u012bv\u0101m piesp\u0113l\u0113m kaldin\u0101ja Anglijas \u010dempionu 5:1 uzvaru Frankfurt\u0113. Tikm\u0113r London\u0101\u00a0Chelsea\u00a0l\u012bdzjut\u0113ji saj\u016bsmin\u0101j\u0101s par jauno talantu uzn\u0101cienu. Sp\u0113l\u0113 pret\u00a0Ajax\u00a0(5:1) vispirms izc\u0113l\u0101s Marks Guju, kur\u0161 19 gadu un 291 dienas vecum\u0101 k\u013cuva par kluba visu laiku jaun\u0101ko v\u0101rtu guv\u0113ju \u010cempionu l\u012bg\u0101, ta\u010du jau puslaika beig\u0101s rekordu p\u0101rsp\u0113ja braz\u012blietis Estevau, kuram ir 18 gadu un 181 diena. Sp\u0113les beig\u0101s Guju bija vairs tikai tre\u0161aj\u0101 viet\u0101, jo otraj\u0101 puslaik\u0101 v\u0101rtus guva par vi\u0146u jaun\u0101kais Tair\u012bks D\u017eord\u017es. Kluba rekords krita ar\u012b Minhen\u0113, kur\u00a0Bayern\u00a0pirmos v\u0101rtus guva 17 gadu un 242 dienas vecais Lenarts Karls.<\/p>\n<p>&#13;<br \/>\n&#13;<\/p>\n<p>Futbols<\/p>\n<p>&#13;<br \/>\n&#13;<\/p>\n<p>UEFA \u010cempionu l\u012bga, 3. k\u0101rta<\/p>\n<p>&#13;<br \/>\n&#13;<\/p>\n<p>Athletic\u00a0(1-0-2) \u2013\u00a0Qarabag\u00a0(2-0-1) 3:1 (Guruseta 40., 88., Navaro 70. \u2013 Andrade 1.),\u00a0Galatasaray\u00a0(2-0-1) \u2013\u00a0Bodo\/Glimt\u00a0(0-2-1) 3:1 (Osimens 3., 33., Akd\u017eins 60. \u2013 Helmersens 75.),\u00a0Monaco\u00a0(0-2-1) \u2013\u00a0Tottenham\u00a0(1-2-0) 0:0,\u00a0Atalanta\u00a0(1-1-1) \u2013\u00a0Slavia\u00a0(0-2-1) 0:0,\u00a0Bayern\u00a0(3-0-0) \u2013\u00a0Brugge\u00a0(1-0-2) 4:0 (Karls 5., Keins 14., Diass 34., D\u017eeksons 79.),\u00a0Chelsea\u00a0(2-0-1) \u2013\u00a0Ajax\u00a0(0-0-3) 5:1 (Guju 18., Kaisedo 27., Fernandess 45. (11 m), Estevau 45. (11 m), D\u017eord\u017es 48. \u2013 Veghorsts 33. (11 m)),\u00a0Eintracht\u00a0(1-0-2) \u2013\u00a0Liverpool\u00a0(2-0-1) 1:5 (Kristensens 26. \u2013 Ekitike 35., van Deiks 39., Konat\u0113 44., Gakpo 66., Soboslajs 70.),\u00a0Real\u00a0(3-0-0) \u2013\u00a0Juventus\u00a0(0-2-1) 1:0 (Belingems 57.),\u00a0Sporting\u00a0(2-0-1) \u2013\u00a0Marseille\u00a0(1-0-2) 2:1 (Katamo 69., Santu\u0161s 86. \u2013 Pai\u0161au 14.)<\/p>\n<p>&#13;<br \/>\n&#13;<\/p>\n<p>\u00a0<\/p>\n<p>&#13;<\/p>\n","protected":false},"excerpt":{"rendered":"\u0100tri g\u016bti v\u0101rti Bilbao nepal\u012bdz\u0113ja Azerbaid\u017e\u0101nas \u010dempionam\u00a0Qarabag\u00a0izvair\u012bties no pirm\u0101 klupiena UEFA \u010cempionu l\u012bgas pamatturn\u012br\u0101. L\u012bdz p\u0101rtraukumam baski pan\u0101ca&hellip;\n","protected":false},"author":2,"featured_media":29626,"comment_status":"","ping_status":"","sticky":false,"template":"","format":"standard","meta":{"footnotes":""},"categories":[17],"tags":[35,39,38,36,37,34,40,67],"class_list":{"0":"post-29625","1":"post","2":"type-post","3":"status-publish","4":"format-standard","5":"has-post-thumbnail","7":"category-sports","8":"tag-latvia","9":"tag-latvian","10":"tag-latviesu","11":"tag-latviesu-valoda","12":"tag-latviesuvaloda","13":"tag-latvija","14":"tag-lv","15":"tag-sports"},"share_on_mastodon":{"url":"https:\/\/pubeurope.com\/@lv\/115427369447427645","error":""},"_links":{"self":[{"href":"https:\/\/www.europesays.com\/lv\/wp-json\/wp\/v2\/posts\/29625","targetHints":{"allow":["GET"]}}],"collection":[{"href":"https:\/\/www.europesays.com\/lv\/wp-json\/wp\/v2\/posts"}],"about":[{"href":"https:\/\/www.europesays.com\/lv\/wp-json\/wp\/v2\/types\/post"}],"author":[{"embeddable":true,"href":"https:\/\/www.europesays.com\/lv\/wp-json\/wp\/v2\/users\/2"}],"replies":[{"embeddable":true,"href":"https:\/\/www.europesays.com\/lv\/wp-json\/wp\/v2\/comments?post=29625"}],"version-history":[{"count":0,"href":"https:\/\/www.europesays.com\/lv\/wp-json\/wp\/v2\/posts\/29625\/revisions"}],"wp:featuredmedia":[{"embeddable":true,"href":"https:\/\/www.europesays.com\/lv\/wp-json\/wp\/v2\/media\/29626"}],"wp:attachment":[{"href":"https:\/\/www.europesays.com\/lv\/wp-json\/wp\/v2\/media?parent=29625"}],"wp:term":[{"taxonomy":"category","embeddable":true,"href":"https:\/\/www.europesays.com\/lv\/wp-json\/wp\/v2\/categories?post=29625"},{"taxonomy":"post_tag","embeddable":true,"href":"https:\/\/www.europesays.com\/lv\/wp-json\/wp\/v2\/tags?post=29625"}],"curies":[{"name":"wp","href":"https:\/\/api.w.org\/{rel}","templated":true}]}}