{"id":29681,"date":"2025-10-24T06:10:10","date_gmt":"2025-10-24T06:10:10","guid":{"rendered":"https:\/\/www.europesays.com\/lv\/29681\/"},"modified":"2025-10-24T06:10:10","modified_gmt":"2025-10-24T06:10:10","slug":"orbana-un-opozicijas-mitini-budapesta-pulce-tukstosus","status":"publish","type":"post","link":"https:\/\/www.europesays.com\/lv\/29681\/","title":{"rendered":"Orb\u0101na un opoz\u012bcijas m\u012bti\u0146i Budape\u0161t\u0101 pulc\u0113 t\u016bksto\u0161us"},"content":{"rendered":"<p>Ung\u0101rij\u0101 23. oktobr\u012b tiek piemin\u0113ta 1956. gada sacel\u0161an\u0101s pret padomju marione\u0161u vald\u012bbu.<\/p>\n<p>Orb\u0101na atbalst\u012bt\u0101ji ceturtdienas r\u012bt\u0101 pulc\u0113j\u0101s uz Donavas tilta un tad dev\u0101s g\u0101jien\u0101 uz Ung\u0101rijas parlamenta \u0113ku. Organizatori to d\u0113v\u0113ja par &#8220;miera g\u0101jienu&#8221;.<\/p>\n<p>Dal\u012bbnieki skand\u0113ja lozungus, atbalstot Orb\u0101nu un vi\u0146a v\u0113st\u012bjumu, ka \u0101rvalstu varas rada riskus Ung\u0101rijai un ka t\u0101 tie\u0161\u0101 veid\u0101 var tikt ierauta Krievijas-Ukrainas kar\u0101.<\/p>\n<p>G\u0101jiena priek\u0161gal\u0101 uz liela transparenta bija uzraksts &#8211; &#8220;M\u0113s negribam mirt par Ukrainu&#8221;.<\/p>\n<p>Nosl\u0113gum\u0101 Orb\u0101ns pie parlamenta uzrun\u0101ja atbalst\u012bt\u0101jus.<\/p>\n<p>Run\u0101 bija jau\u0161ama naid\u012bga attieksme gan pret Ukrainu, gan pret Eiropas Savien\u012bbu (ES). Orb\u0101ns p\u0101rmeta Kijivas atbalst\u012bt\u0101jiem Eirop\u0101, ka tie ievilku\u0161i ES kar\u0101 un ir gatavi &#8220;s\u016bt\u012bt citus mirt&#8221;.<\/p>\n<p>V\u0113l\u0101k opoz\u012bcijas l\u012bdera P\u0113tera Ma\u0123ara atbalst\u012bt\u0101ji pulc\u0113j\u0101s m\u012bti\u0146\u0101 Budape\u0161tas centra laukum\u0101 &#8211; gan lai protest\u0113tu pret vald\u012bbu, gan paustu atbalstu Ma\u0123aram un vi\u0146a Cie\u0146as un br\u012bv\u012bbas partijai (&#8220;Tisza&#8221;).<\/p>\n<p>M\u012bti\u0146\u0101 skan\u0113ja k\u0101 protesta sauk\u013ci pret vald\u012bbu, t\u0101 ar\u012b &#8220;krievi, ejiet m\u0101j\u0101s&#8221; &#8211; sauklis no 1956. gada sacel\u0161an\u0101s un m\u016bsdienu nor\u0101de uz Orb\u0101na draudz\u012bgumu pret Maskavu.<\/p>\n<p>Ceturtdien notiku\u0161ais m\u012bti\u0146u duelis tiek uzskat\u012bts par barometru tam, kura politi\u0137a kampa\u0146as ener\u0123ija, tuvojoties v\u0113l\u0113\u0161an\u0101m, ir liel\u0101ka.<\/p>\n<p>Aptauj\u0101s Orb\u0101na nometne \u0161obr\u012bd no Ma\u0123ara centriski lab\u0113j\u0101s partijas atpaliek.<\/p>\n","protected":false},"excerpt":{"rendered":"Ung\u0101rij\u0101 23. oktobr\u012b tiek piemin\u0113ta 1956. gada sacel\u0161an\u0101s pret padomju marione\u0161u vald\u012bbu. Orb\u0101na atbalst\u012bt\u0101ji ceturtdienas r\u012bt\u0101 pulc\u0113j\u0101s uz&hellip;\n","protected":false},"author":2,"featured_media":29682,"comment_status":"","ping_status":"","sticky":false,"template":"","format":"standard","meta":{"footnotes":""},"categories":[14],"tags":[23,57,28,29,32,33,22,30,31,35,39,38,36,37,34,40,20,26,27,24,25,2497,2508,54,55,56,21,58],"class_list":{"0":"post-29681","1":"post","2":"type-post","3":"status-publish","4":"format-standard","5":"has-post-thumbnail","7":"category-zinas-no-arvalstim","8":"tag-aktualitates","9":"tag-arvalstim","10":"tag-breaking-news","11":"tag-breakingnews","12":"tag-featured-news","13":"tag-featurednews","14":"tag-headlines","15":"tag-latest-news","16":"tag-latestnews","17":"tag-latvia","18":"tag-latvian","19":"tag-latviesu","20":"tag-latviesu-valoda","21":"tag-latviesuvaloda","22":"tag-latvija","23":"tag-lv","24":"tag-news","25":"tag-popularakas-zinas","26":"tag-popularakaszinas","27":"tag-top-stories","28":"tag-topstories","29":"tag-ungarija","30":"tag-viktors-orbans","31":"tag-world","32":"tag-world-news","33":"tag-worldnews","34":"tag-zinas","35":"tag-zinas-no-arvalstim"},"share_on_mastodon":{"url":"https:\/\/pubeurope.com\/@lv\/115427660483644225","error":""},"_links":{"self":[{"href":"https:\/\/www.europesays.com\/lv\/wp-json\/wp\/v2\/posts\/29681","targetHints":{"allow":["GET"]}}],"collection":[{"href":"https:\/\/www.europesays.com\/lv\/wp-json\/wp\/v2\/posts"}],"about":[{"href":"https:\/\/www.europesays.com\/lv\/wp-json\/wp\/v2\/types\/post"}],"author":[{"embeddable":true,"href":"https:\/\/www.europesays.com\/lv\/wp-json\/wp\/v2\/users\/2"}],"replies":[{"embeddable":true,"href":"https:\/\/www.europesays.com\/lv\/wp-json\/wp\/v2\/comments?post=29681"}],"version-history":[{"count":0,"href":"https:\/\/www.europesays.com\/lv\/wp-json\/wp\/v2\/posts\/29681\/revisions"}],"wp:featuredmedia":[{"embeddable":true,"href":"https:\/\/www.europesays.com\/lv\/wp-json\/wp\/v2\/media\/29682"}],"wp:attachment":[{"href":"https:\/\/www.europesays.com\/lv\/wp-json\/wp\/v2\/media?parent=29681"}],"wp:term":[{"taxonomy":"category","embeddable":true,"href":"https:\/\/www.europesays.com\/lv\/wp-json\/wp\/v2\/categories?post=29681"},{"taxonomy":"post_tag","embeddable":true,"href":"https:\/\/www.europesays.com\/lv\/wp-json\/wp\/v2\/tags?post=29681"}],"curies":[{"name":"wp","href":"https:\/\/api.w.org\/{rel}","templated":true}]}}