{"id":29691,"date":"2025-10-24T06:17:15","date_gmt":"2025-10-24T06:17:15","guid":{"rendered":"https:\/\/www.europesays.com\/lv\/29691\/"},"modified":"2025-10-24T06:17:15","modified_gmt":"2025-10-24T06:17:15","slug":"policija-liepaja-reida-ar-dronu-pieker-daudz-parkapeju-raksts","status":"publish","type":"post","link":"https:\/\/www.europesays.com\/lv\/29691\/","title":{"rendered":"Policija Liep\u0101j\u0101 reid\u0101 ar dronu pie\u0137er daudz p\u0101rk\u0101p\u0113ju \/ Raksts"},"content":{"rendered":"<p>Liep\u0101j\u0101 policija s\u0101kusi satiksmes uzraudz\u012bbu ar drona pal\u012bdz\u012bbu. Tre\u0161dien, 22. oktobr\u012b, nepilnas pusstundas laik\u0101 notverti 15 p\u0101rk\u0101p\u0113ji. Policija nor\u0101da, ka turpm\u0101k \u0161\u0101di reidi tiks r\u012bkoti arvien bie\u017e\u0101k.\u00a0\u00a0<\/p>\n<p>Drona izmanto\u0161ana ir iedarb\u012bgs veids, k\u0101 fiks\u0113t p\u0101rk\u0101pumus, piem\u0113ram, krustojumos vai \u0101truma kontrol\u0113, skaidroja Valsts policija\u00a0Kurzemes re\u0123iona p\u0101rvaldes inspektors\u00a0Arturs Jaunzemis:\u00a0<\/p>\n<p>&#8220;B\u016bt\u012bb\u0101 m\u0113s katru dienu tos izmantojam satiksmes uzraudz\u012bb\u0101. Ir ar\u012b gad\u012bjumi, kad droni ir nepiecie\u0161ami cilv\u0113ku mekl\u0113\u0161an\u0101, ja ir pazudu\u0161i, nozudu\u0161i s\u0113\u0146ot\u0101ji, kas liel\u0101koties rakstur\u012bgs \u0161aj\u0101 gadalaik\u0101.&#8221;<\/p>\n<p>Konkr\u0113taj\u0101 reid\u0101 Valsts policija v\u0113l\u0113j\u0101s noskaidrot autovad\u012bt\u0101ju modr\u012bbu \u2013\u00a0ce\u013cu remontu d\u0113\u013c main\u012bti brauk\u0161anas noteikumi. Otrk\u0101rt, viena no t\u0101 d\u0113v\u0113taj\u0101m sali\u0146\u0101m ir \u012bpa\u0161i nepateic\u012bga, un autovad\u012bt\u0101ji te bie\u017ei p\u0101rk\u0101pj noteikumus.<\/p>\n<p>Pirmajam apst\u0101din\u0101tajam \u0161oferim piespriestais sods \u2013 15 eiro.\u00a0Nav ilgi j\u0101gaida, kad policija pamana n\u0101kamos p\u0101rk\u0101p\u0113jus.\u00a0<\/p>\n<p>&#8220;Tie\u0161i p\u0101rk\u0101puma br\u012bdis tiek fiks\u0113ts. Tad, kad transports ir aptur\u0113ts, pieiet inspektors un iepaz\u012bstina ar\u012b ar video. Cilv\u0113ks vai nu piekr\u012bt, vai nepiekr\u012bt, vi\u0146am ir ties\u012bbas apstr\u012bd\u0113t un izteikt savu viedokli. Bet, ja video ir ac\u012bmredzams p\u0101rk\u0101pums, tad ir gr\u016bti apstr\u012bd\u0113t to p\u0101rk\u0101pumu,&#8221; sac\u012bja Jaunzemis.<\/p>\n<p>Autovad\u012bt\u0101ji, kas pak\u013cuvu\u0161i zem drona acs, bie\u017ei vien atz\u012bst k\u013c\u016bdas, kas radu\u0161\u0101s pavir\u0161\u012bbas vai neuzman\u012bbas d\u0113\u013c.<\/p>\n<p style=\"margin-left:40px\">(Ja dr\u012bkst zin\u0101t, par ko tie\u0161i j\u016bs tik\u0101t aptur\u0113ts?)\u00a0Autovad\u012bt\u0101js\u00a0Valdem\u0101rs:\u00a0&#8220;Te, krustojum\u0101, to sali\u0146u\u00a0laikam\u00a0&#8220;nepa\u0146\u0113mu&#8221;\u00a0pareizi.&#8221;<\/p>\n<p style=\"margin-left:40px\">Autovad\u012bt\u0101js\u00a0\u0112riks: &#8220;T\u0101p\u0113c, ka es p\u0101rk\u0101pu kaut ko\u00a0noteikti. T\u0101p\u0113c, ka \u0161is ce\u013c\u0161 visu laiku tika izmantots ne tik intens\u012bvas satiksmes nol\u016bkos. Tagad z\u012bmes ir uzliktas, kuras,\u00a0ja tu regul\u0101ri pirms tam jau esi braucis, tu jau zini, ka t\u0101s te nav, bet kaut kas ir pamain\u012bjies, j\u0101.&#8221;<\/p>\n<p>Reids \u0161aj\u0101 viet\u0101 ilga aptuveni 20 min\u016btes, kuru laik\u0101\u00a0aptur\u0113ti 15 \u0161oferi.\u00a0<\/p>\n<p>Pag\u0101ju\u0161aj\u0101 ned\u0113\u013c\u0101 l\u012bdz\u012bg\u0101 reid\u0101 atkl\u0101ti 55 p\u0101rk\u0101p\u0113ji. Policija nor\u0101d\u012bja, ka dronu satiksmes kontrol\u0113\u0161anai izmanto katru dienu, ta\u010du ar\u012b reidus r\u012bkos arvien bie\u017e\u0101k.<\/p>\n<p>                    Valodas k\u013c\u016bda rakst\u0101?<\/p>\n<p class=\"d-none d-md-block\">Iez\u012bm\u0113jiet tekstu un spiediet Ctrl+Enter, lai nos\u016bt\u012btu labojamo teksta fragmentu redaktoram! Par faktu k\u013c\u016bd\u0101m l\u016bdzam zi\u0146ot e-past\u0101 <a href=\"https:\/\/www.lsm.lv\/cdn-cgi\/l\/email-protection\" class=\"__cf_email__\" data-cfemail=\"3a485f5e5b515953505b7a56495714564c\" rel=\"nofollow noopener\" target=\"_blank\">[email\u00a0protected]<\/a>.<\/p>\n<p class=\"d-md-none\">Iez\u012bm\u0113jiet tekstu un spiediet uz Zi\u0146ot par k\u013c\u016bdu pogas, lai nos\u016bt\u012btu labojamo teksta fragmentu redaktoram!<\/p>\n<p>\n                    Zi\u0146ot par k\u013c\u016bdu\n                <\/p>\n","protected":false},"excerpt":{"rendered":"Liep\u0101j\u0101 policija s\u0101kusi satiksmes uzraudz\u012bbu ar drona pal\u012bdz\u012bbu. Tre\u0161dien, 22. oktobr\u012b, nepilnas pusstundas laik\u0101 notverti 15 p\u0101rk\u0101p\u0113ji. Policija&hellip;\n","protected":false},"author":2,"featured_media":29692,"comment_status":"","ping_status":"","sticky":false,"template":"","format":"standard","meta":{"footnotes":""},"categories":[12],"tags":[23,28,29,32,33,22,30,31,35,39,38,36,37,34,40,20,26,27,24,25,21],"class_list":{"0":"post-29691","1":"post","2":"type-post","3":"status-publish","4":"format-standard","5":"has-post-thumbnail","7":"category-latvija","8":"tag-aktualitates","9":"tag-breaking-news","10":"tag-breakingnews","11":"tag-featured-news","12":"tag-featurednews","13":"tag-headlines","14":"tag-latest-news","15":"tag-latestnews","16":"tag-latvia","17":"tag-latvian","18":"tag-latviesu","19":"tag-latviesu-valoda","20":"tag-latviesuvaloda","21":"tag-latvija","22":"tag-lv","23":"tag-news","24":"tag-popularakas-zinas","25":"tag-popularakaszinas","26":"tag-top-stories","27":"tag-topstories","28":"tag-zinas"},"share_on_mastodon":{"url":"https:\/\/pubeurope.com\/@lv\/115427688073324019","error":""},"_links":{"self":[{"href":"https:\/\/www.europesays.com\/lv\/wp-json\/wp\/v2\/posts\/29691","targetHints":{"allow":["GET"]}}],"collection":[{"href":"https:\/\/www.europesays.com\/lv\/wp-json\/wp\/v2\/posts"}],"about":[{"href":"https:\/\/www.europesays.com\/lv\/wp-json\/wp\/v2\/types\/post"}],"author":[{"embeddable":true,"href":"https:\/\/www.europesays.com\/lv\/wp-json\/wp\/v2\/users\/2"}],"replies":[{"embeddable":true,"href":"https:\/\/www.europesays.com\/lv\/wp-json\/wp\/v2\/comments?post=29691"}],"version-history":[{"count":0,"href":"https:\/\/www.europesays.com\/lv\/wp-json\/wp\/v2\/posts\/29691\/revisions"}],"wp:featuredmedia":[{"embeddable":true,"href":"https:\/\/www.europesays.com\/lv\/wp-json\/wp\/v2\/media\/29692"}],"wp:attachment":[{"href":"https:\/\/www.europesays.com\/lv\/wp-json\/wp\/v2\/media?parent=29691"}],"wp:term":[{"taxonomy":"category","embeddable":true,"href":"https:\/\/www.europesays.com\/lv\/wp-json\/wp\/v2\/categories?post=29691"},{"taxonomy":"post_tag","embeddable":true,"href":"https:\/\/www.europesays.com\/lv\/wp-json\/wp\/v2\/tags?post=29691"}],"curies":[{"name":"wp","href":"https:\/\/api.w.org\/{rel}","templated":true}]}}