{"id":29722,"date":"2025-10-24T06:40:09","date_gmt":"2025-10-24T06:40:09","guid":{"rendered":"https:\/\/www.europesays.com\/lv\/29722\/"},"modified":"2025-10-24T06:40:09","modified_gmt":"2025-10-24T06:40:09","slug":"krievu-modes-vesturnieku-aleksandru-vasiljevu-lidosta-aiztur-saistiba-ar-luvras-zadzibu","status":"publish","type":"post","link":"https:\/\/www.europesays.com\/lv\/29722\/","title":{"rendered":"Krievu modes v\u0113sturnieku Aleksandru Vasi\u013cjevu lidost\u0101 aiztur saist\u012bb\u0101 ar Luvras z\u0101dz\u012bbu"},"content":{"rendered":"<p>    <img decoding=\"async\" src=\"https:\/\/www.europesays.com\/lv\/wp-content\/uploads\/2025\/10\/Aleksandrs-Vasiljevs.jpg\" alt=\"&#10;Aleksandrs Vasi\u013cjevs Modes muzeja atkl\u0101\u0161an\u0101.&#10;\"\/><\/p>\n<p>Aleksandrs Vasi\u013cjevs Modes muzeja atkl\u0101\u0161an\u0101.<\/p>\n<p>Publicit\u0101tes foto\n<\/p>\n<p>Modes v\u0113sturnieku Aleksandru Vasi\u013cjevu aiztur\u0113ja uz ASV robe\u017eas. Vi\u0146a \u010demod\u0101nu p\u0101rbaud\u012bja, aizbildinoties ar Luvras aplaup\u012b\u0161anu, v\u0113sta \u0101rzemju mediji. <\/p>\n<p>        Las\u012bt\u0101kie<br \/>\n        <a data-imagesrc=\"{&quot;300&quot;:&quot;https:\\\/\\\/lastatic.ams3.cdn.digitaloceanspaces.com\\\/2025\\\/10\\\/oul-2-300x200.png&quot;,&quot;1024&quot;:&quot;https:\\\/\\\/lastatic.ams3.cdn.digitaloceanspaces.com\\\/2025\\\/10\\\/oul-2-1024x683.png&quot;,&quot;1536&quot;:&quot;https:\\\/\\\/lastatic.ams3.cdn.digitaloceanspaces.com\\\/2025\\\/10\\\/oul-2-1536x1024.png&quot;,&quot;500&quot;:&quot;https:\\\/\\\/lastatic.ams3.cdn.digitaloceanspaces.com\\\/2025\\\/10\\\/oul-2-500x333.png&quot;,&quot;800&quot;:&quot;https:\\\/\\\/lastatic.ams3.cdn.digitaloceanspaces.com\\\/2025\\\/10\\\/oul-2-800x533.png&quot;,&quot;1800&quot;:&quot;https:\\\/\\\/lastatic.ams3.cdn.digitaloceanspaces.com\\\/2025\\\/10\\\/oul-2.png&quot;}\" data-focuspoint=\"&quot;&quot;\" data-p=\"2445017\" href=\"https:\/\/www.la.lv\/tu-pati-sev-pieliec-klat-gadus-8-ieradumi-kas-liek-sievietem-novecot-atrak\" class=\"content-item lazy-load\" wp_automatic_readability=\"26.5\" rel=\"nofollow noopener\" target=\"_blank\"><\/p>\n<p>                                <img decoding=\"async\" src=\"\" alt=\"\" style=\"\" data-imageid=\"\"\/><\/p>\n<p>\n                                                Tu pati sev pieliec kl\u0101t gadus! 8 ieradumi, kas liek sieviet\u0113m novecot \u0101tr\u0101k\n                            <\/p>\n<p><\/a><a data-imagesrc=\"{&quot;300&quot;:&quot;https:\\\/\\\/lastatic.ams3.cdn.digitaloceanspaces.com\\\/2025\\\/03\\\/20250311_zaf_x99_169-1-300x200.jpg&quot;,&quot;768&quot;:&quot;https:\\\/\\\/lastatic.ams3.cdn.digitaloceanspaces.com\\\/2025\\\/03\\\/20250311_zaf_x99_169-1-768x512.jpg&quot;,&quot;200&quot;:&quot;https:\\\/\\\/lastatic.ams3.cdn.digitaloceanspaces.com\\\/2025\\\/03\\\/20250311_zaf_x99_169-1-200x133.jpg&quot;,&quot;400&quot;:&quot;https:\\\/\\\/lastatic.ams3.cdn.digitaloceanspaces.com\\\/2025\\\/03\\\/20250311_zaf_x99_169-1-400x267.jpg&quot;,&quot;500&quot;:&quot;https:\\\/\\\/lastatic.ams3.cdn.digitaloceanspaces.com\\\/2025\\\/03\\\/20250311_zaf_x99_169-1-500x334.jpg&quot;,&quot;800&quot;:&quot;https:\\\/\\\/lastatic.ams3.cdn.digitaloceanspaces.com\\\/2025\\\/03\\\/20250311_zaf_x99_169-1-800x534.jpg&quot;,&quot;1000&quot;:&quot;https:\\\/\\\/lastatic.ams3.cdn.digitaloceanspaces.com\\\/2025\\\/03\\\/20250311_zaf_x99_169-1.jpg&quot;}\" data-focuspoint=\"&quot;&quot;\" data-p=\"2454685\" href=\"https:\/\/www.la.lv\/ukraini-sauj-pa-maskavu-krievija-zino-ka-piedzivojusi-lielako-uzbrukumu-kops-kara-sakuma-pret-ukrainu\" class=\"content-item lazy-load\" wp_automatic_readability=\"27\" rel=\"nofollow noopener\" target=\"_blank\"><\/p>\n<p>                                <img decoding=\"async\" src=\"\" alt=\"\" style=\"\" data-imageid=\"\"\/><\/p>\n<p>                                TV24<\/p>\n<p>                                            Ukrai\u0146i \u0161auj pa Maskavu! Krievija zi\u0146o, ka piedz\u012bvojusi liel\u0101ko uzbrukumu kop\u0161 kara s\u0101kuma pret Ukrainu\n                            <\/p>\n<p><\/a><a data-imagesrc=\"{&quot;300&quot;:&quot;https:\\\/\\\/lastatic.ams3.cdn.digitaloceanspaces.com\\\/2025\\\/10\\\/png-13-300x200.png&quot;,&quot;1024&quot;:&quot;https:\\\/\\\/lastatic.ams3.cdn.digitaloceanspaces.com\\\/2025\\\/10\\\/png-13-1024x683.png&quot;,&quot;1536&quot;:&quot;https:\\\/\\\/lastatic.ams3.cdn.digitaloceanspaces.com\\\/2025\\\/10\\\/png-13-1536x1024.png&quot;,&quot;500&quot;:&quot;https:\\\/\\\/lastatic.ams3.cdn.digitaloceanspaces.com\\\/2025\\\/10\\\/png-13-500x333.png&quot;,&quot;800&quot;:&quot;https:\\\/\\\/lastatic.ams3.cdn.digitaloceanspaces.com\\\/2025\\\/10\\\/png-13-800x533.png&quot;,&quot;1800&quot;:&quot;https:\\\/\\\/lastatic.ams3.cdn.digitaloceanspaces.com\\\/2025\\\/10\\\/png-13.png&quot;}\" data-focuspoint=\"&quot;&quot;\" data-p=\"2455026\" href=\"https:\/\/www.la.lv\/mes-nevaram-nereaget-divas-krievijas-militaras-lidmasinas-parkapusas-lietuvas-gaisa-telpu\" class=\"content-item lazy-load\" wp_automatic_readability=\"26.5\" rel=\"nofollow noopener\" target=\"_blank\"><\/p>\n<p>                                <img decoding=\"async\" src=\"\" alt=\"\" style=\"\" data-imageid=\"\"\/><\/p>\n<p>\n                                                \u201cM\u0113s nevaram nerea\u0123\u0113t!\u201d Divas Krievijas milit\u0101r\u0101s lidma\u0161\u012bnas p\u0101rk\u0101pu\u0161as Lietuvas gaisa telpu<\/p>\n<p><\/a><br \/>\n        <a class=\"read-more\" href=\"https:\/\/www.la.lv\/top\" rel=\"nofollow noopener\" target=\"_blank\">Las\u012bt citas zi\u0146as<\/a><\/p>\n<p>\u201cPar laimi p\u0101rbaude ilga neilgi \u2014 \u010demod\u0101nu man atdeva p\u0113c k\u0101d\u0101m 20 min\u016bt\u0113m, sakot: \u2018J\u016bsu bag\u0101\u017ea ir p\u0101rbaud\u012bta, Luvras briljantu taj\u0101 nav,\u2019\u201d vi\u0146\u0161 uzrakst\u012bja.<\/p>\n<blockquote class=\"twitter-tweet\" wp_automatic_readability=\"13.870967741935\">\n<p lang=\"ru\" dir=\"ltr\">\u0418\u0441\u0442\u043e\u0440\u0438\u043a\u0430 \u043c\u043e\u0434\u044b \u0410\u043b\u0435\u043a\u0441\u0430\u043d\u0434\u0440\u0430 \u0412\u0430\u0441\u0438\u043b\u044c\u0435\u0432\u0430 \u0437\u0430\u0434\u0435\u0440\u0436\u0430\u043b\u0438 \u043d\u0430 \u0433\u0440\u0430\u043d\u0438\u0446\u0435 \u0421\u0428\u0410. \u0415\u0433\u043e \u0447\u0435\u043c\u043e\u0434\u0430\u043d \u0434\u043e\u0441\u043c\u043e\u0442\u0440\u0435\u043b\u0438 \u043f\u043e\u0434 \u043f\u0440\u0435\u0434\u043b\u043e\u0433\u043e\u043c \u043e\u0433\u0440\u0430\u0431\u043b\u0435\u043d\u0438\u044f \u041b\u0443\u0432\u0440\u0430<br \/>\u00ab\u041a \u0441\u0447\u0430\u0441\u0442\u044c\u044e, \u0434\u043e\u0441\u043c\u043e\u0442\u0440 \u0434\u043b\u0438\u043b\u0441\u044f \u043d\u0435\u0434\u043e\u043b\u0433\u043e, \u0447\u0435\u043c\u043e\u0434\u0430\u043d \u043c\u043d\u0435 \u043e\u0442\u0434\u0430\u043b\u0438 \u043c\u0438\u043d\u0443\u0442 \u0447\u0435\u0440\u0435\u0437 20 \u0441\u043e \u0441\u043b\u043e\u0432\u0430\u043c\u0438 \u201c\u0431\u0430\u0433\u0430\u0436 \u0432\u0430\u0448 \u043f\u0440\u043e\u0432\u0435\u0440\u0438\u043b\u0438, \u0431\u0440\u0438\u043b\u043b\u0438\u0430\u043d\u0442\u043e\u0432 \u0438\u0437 \u041b\u0443\u0432\u0440\u0430 \u0432 \u043d\u0435\u043c \u043d\u0435\u0442\u201d\u00bb, \u043d\u0430\u043f\u0438\u0441\u0430\u043b \u043e\u043d <a href=\"https:\/\/t.co\/b9xmzorYcY\" rel=\"nofollow\">pic.twitter.com\/b9xmzorYcY<\/a><\/p>\n<p>\u2014 Ateo Breaking (@AteoBreaking) <a href=\"https:\/\/twitter.com\/AteoBreaking\/status\/1980984453100183621?ref_src=twsrc%5Etfw\" rel=\"nofollow noopener\" target=\"_blank\">October 22, 2025<\/a><\/p>\n<\/blockquote>\n<p>    CITI \u0160OBR\u012aD LASA<\/p>\n<p>Aleksandrs Vasi\u013cjevs ir krievu izcelsmes modes v\u0113sturnieks un kost\u012bmu kolekcion\u0101rs, kur\u0161 lielu da\u013cu karjeras pavad\u012bjis, dz\u012bvojot un str\u0101d\u0101jot Par\u012bz\u0113.<\/p>\n<p>Vi\u0146\u0161 paz\u012bstams ar pla\u0161\u0101m izst\u0101d\u0113m par modes v\u0113sturi un savu person\u012bgo t\u0113rpu, aksesu\u0101ru un tekstilu kolekciju, ko bie\u017ei demonstr\u0113 muzejos Eirop\u0101, tostarp Baltij\u0101. Vasi\u013cjevs ir vair\u0101ku popul\u0101ru gr\u0101matu autors par stilu, eti\u0137eti un modes v\u0113stures periodiem \u2014 no Belle \u00c9poque l\u012bdz 20. gadsimta ikon\u0101m.<\/p>\n<p>K\u0101 lektors un pasniedz\u0113js vi\u0146\u0161 lasa publiskas lekcijas, meistarklases un semin\u0101rus par t\u0113rpu evol\u016bciju un modes ietekmi uz kult\u016bru.<\/p>\n<p>Pla\u0161\u0101kai auditorijai vi\u0146\u0161 paz\u012bstams ar\u012b k\u0101 telev\u012bzijas raid\u012bjumu vad\u012bt\u0101js un eksperts, skaidrojot, k\u0101 v\u0113sturiski silueti un materi\u0101li atgrie\u017eas m\u016bsdienu trendos. Vasi\u013cjevs bie\u017ei uzsver saikni starp v\u0113sturisko kontekstu un t\u0113rpa konstrukt\u012bvajiem risin\u0101jumiem \u2014 no korsetes l\u012bdz modernajai drap\u0113\u0161anai.<\/p>\n<p>Vi\u0146a kolekcion\u0113\u0161anas darb\u012bba aptver gan augst\u0101s modes namu darin\u0101jumus, gan ikdienas ap\u0123\u0113rbu, kas \u013cauj p\u0113tniec\u012bb\u0101 sal\u012bdzin\u0101t da\u017e\u0101du soci\u0101lo sl\u0101\u0146u garderobes. Vasi\u013cjevs regul\u0101ri sadarbojas ar muzejiem, arh\u012bviem un kost\u012bmu darbn\u012bc\u0101m, veidojot tematiskas ekspoz\u012bcijas par konkr\u0113tiem laikmetiem, person\u012bb\u0101m vai materi\u0101liem.<\/p>\n<p>T\u0113mas<\/p>\n<p>    SAIST\u012aTIE RAKSTI<\/p>\n<p>                            <script async src=\"https:\/\/platform.twitter.com\/widgets.js\" charset=\"utf-8\"><\/script><\/p>\n","protected":false},"excerpt":{"rendered":"Aleksandrs Vasi\u013cjevs Modes muzeja atkl\u0101\u0161an\u0101. Publicit\u0101tes foto Modes v\u0113sturnieku Aleksandru Vasi\u013cjevu aiztur\u0113ja uz ASV robe\u017eas. Vi\u0146a \u010demod\u0101nu p\u0101rbaud\u012bja,&hellip;\n","protected":false},"author":2,"featured_media":29723,"comment_status":"","ping_status":"","sticky":false,"template":"","format":"standard","meta":{"footnotes":""},"categories":[14],"tags":[23,57,28,29,32,33,22,30,31,35,39,38,36,37,34,40,20,26,27,24,25,54,55,56,21,58],"class_list":{"0":"post-29722","1":"post","2":"type-post","3":"status-publish","4":"format-standard","5":"has-post-thumbnail","7":"category-zinas-no-arvalstim","8":"tag-aktualitates","9":"tag-arvalstim","10":"tag-breaking-news","11":"tag-breakingnews","12":"tag-featured-news","13":"tag-featurednews","14":"tag-headlines","15":"tag-latest-news","16":"tag-latestnews","17":"tag-latvia","18":"tag-latvian","19":"tag-latviesu","20":"tag-latviesu-valoda","21":"tag-latviesuvaloda","22":"tag-latvija","23":"tag-lv","24":"tag-news","25":"tag-popularakas-zinas","26":"tag-popularakaszinas","27":"tag-top-stories","28":"tag-topstories","29":"tag-world","30":"tag-world-news","31":"tag-worldnews","32":"tag-zinas","33":"tag-zinas-no-arvalstim"},"share_on_mastodon":{"url":"https:\/\/pubeurope.com\/@lv\/115427778562422908","error":""},"_links":{"self":[{"href":"https:\/\/www.europesays.com\/lv\/wp-json\/wp\/v2\/posts\/29722","targetHints":{"allow":["GET"]}}],"collection":[{"href":"https:\/\/www.europesays.com\/lv\/wp-json\/wp\/v2\/posts"}],"about":[{"href":"https:\/\/www.europesays.com\/lv\/wp-json\/wp\/v2\/types\/post"}],"author":[{"embeddable":true,"href":"https:\/\/www.europesays.com\/lv\/wp-json\/wp\/v2\/users\/2"}],"replies":[{"embeddable":true,"href":"https:\/\/www.europesays.com\/lv\/wp-json\/wp\/v2\/comments?post=29722"}],"version-history":[{"count":0,"href":"https:\/\/www.europesays.com\/lv\/wp-json\/wp\/v2\/posts\/29722\/revisions"}],"wp:featuredmedia":[{"embeddable":true,"href":"https:\/\/www.europesays.com\/lv\/wp-json\/wp\/v2\/media\/29723"}],"wp:attachment":[{"href":"https:\/\/www.europesays.com\/lv\/wp-json\/wp\/v2\/media?parent=29722"}],"wp:term":[{"taxonomy":"category","embeddable":true,"href":"https:\/\/www.europesays.com\/lv\/wp-json\/wp\/v2\/categories?post=29722"},{"taxonomy":"post_tag","embeddable":true,"href":"https:\/\/www.europesays.com\/lv\/wp-json\/wp\/v2\/tags?post=29722"}],"curies":[{"name":"wp","href":"https:\/\/api.w.org\/{rel}","templated":true}]}}