{"id":29724,"date":"2025-10-24T06:41:04","date_gmt":"2025-10-24T06:41:04","guid":{"rendered":"https:\/\/www.europesays.com\/lv\/29724\/"},"modified":"2025-10-24T06:41:04","modified_gmt":"2025-10-24T06:41:04","slug":"ka-beigt-uztraukties-un-sakt-lasit-gramatas-diena","status":"publish","type":"post","link":"https:\/\/www.europesays.com\/lv\/29724\/","title":{"rendered":"K\u0101 beigt uztraukties un s\u0101kt las\u012bt gr\u0101matas \/ Diena"},"content":{"rendered":"<p>\t\t&#13;<\/p>\n<p>Latvijas Nacion\u0101laj\u0101 bibliot\u0113k\u0101 24. un 25. oktobr\u012b norisin\u0101sies R\u012bgas Gr\u0101matu sv\u0113tki, kas aicina ikvienu iev\u0101kt gr\u0101matu ra\u017eu garajiem rudens un ziemas vakariem, satikt autorus, m\u0101ksliniekus un izdev\u0113jus, k\u0101 ar\u012b piedal\u012bties diskusij\u0101s un darbn\u012bc\u0101s. Sv\u0113tkus r\u012bko Latvijas Gr\u0101matizdev\u0113ju asoci\u0101cija kop\u0101 ar Latvijas Nacion\u0101lo bibliot\u0113ku. R\u012bgas Gr\u0101matu sv\u0113tkos b\u016bs p\u0101rst\u0101v\u0113ts tr\u012bsdesmit viens izdev\u0113js, kas pied\u0101v\u0101s pla\u0161u jaun\u0101ko gr\u0101matu kl\u0101stu \u2013 par izdev\u0113ju cen\u0101m.<\/p>\n<p>&#13;<br \/>\n&#13;<\/p>\n<p>Izdevusies diena<\/p>\n<p>&#13;<br \/>\n&#13;<\/p>\n<p>Pirmaj\u0101 dien\u0101 ir iepl\u0101nota Latvijas Nacion\u0101l\u0101s bibliot\u0113kas Periodikas noda\u013cas galven\u0101s bibliogr\u0101fes Kristinas Papules prezent\u0101cija\u00a0K\u0101 beigt uztraukties un s\u0101kt las\u012bt gr\u0101matas. Stress, tehnolo\u0123ijas un las\u012b\u0161ana \u0161odien un pirms 100 gadiem, Latvijas Universit\u0101tes Literat\u016bras, folkloras un m\u0101kslas instit\u016bta izdot\u0101 albuma\u00a0(Ne)redzam\u0101s v\u0113stures\u00a0ierosin\u0101t\u0101 saruna par Baltijas romiem arh\u012bvu fotogr\u0101fij\u0101s, tik\u0161an\u0101s ar gr\u0101matas\u00a0Gadalaiki\u00a0autori Daci Taur\u012bti, diskusija par Gabriela Garsijas Markesa dai\u013cradi un saruna ar gr\u0101matas\u00a0Diena ir izdevusies. Austra\u00a0autori Janu Egli par Austras Pumpures mantojumu.<\/p>\n<p>&#13;<br \/>\n&#13;<\/p>\n<p>Notiks saruna ar v\u0113sturisk\u0101 piedz\u012bvojumu rom\u0101na\u00a0Tukuma kar\u0161\u00a0autoru Gunti T\u0101leru, domu apmai\u0146a\u00a0Laiks las\u012bt, rakst\u012bt, izdot un eksport\u0113t\u00a0starp kust\u012bbas\u00a0#LaiksLas\u012bt\u00a0idejas autori Ingu Grencbergu, rakstnieku Arno Jundzi un apg\u0101da\u00a0Zvaigzne ABC\u00a0liter\u0101ro a\u0123enti Santu Sva\u017eu, tiks svin\u0113ta Eg\u012bla Ventera jaun\u0101 \u012bsrom\u0101nu cikla\u00a0Albatross\u00a0atv\u0113r\u0161ana, un norisin\u0101sies Daces Judinas tik\u0161an\u0101s ar las\u012bt\u0101jiem. Tas b\u016bs detekt\u012bvvakars ar lomu sp\u0113li un l\u012bdzdarbo\u0161anos mist\u0113rij\u0101\u00a0Tro\u013c\u013cu m\u0101jas nosl\u0113pums. Ko noz\u012bm\u0113 iejusties t\u0113l\u0101, iek\u0101pt otra kurp\u0113s, dom\u0101t k\u0101 izmekl\u0113t\u0101jam, dom\u0101t k\u0101 noziedzniekam, paman\u012bt nepaman\u0101mo, saredz\u0113t neredzamo, sadzird\u0113t nedzirdamo?<\/p>\n<p>&#13;<br \/>\n&#13;<\/p>\n<p>\u00a0<\/p>\n<p>&#13;<\/p>\n<p>Visu rakstu lasiet av\u012bzes Diena piektdienas, 24. oktobra, numur\u0101! Ja v\u0113laties laikraksta saturu turpm\u0101k las\u012bt druk\u0101t\u0101 form\u0101t\u0101, to iesp\u0113jams abon\u0113t <a href=\"https:\/&lt;b&gt;+&lt;\/strong&gt;&lt;\/p&gt;&#9;&#13;&#10;&#9;&#9;&#9;&lt;footer&gt;&#13;&#10;&#9;&#9;&lt;p&gt;&#13;&#10;&#9;&#9;&#9;&lt;strong&gt;&#13;&#10;&#9;&#9;&#9;&#9;Raksta pilno versiju var ieg\u0101d\u0101ties ar\u012b port\u0101l\u0101 Diena.lv - autoriz\u0113jies,  &lt;a href=\" https:=\"\" onclick=\"Diena.user.showLogin()\">klik\u0161\u0137inot \u0161eit!<\/a>&#13;<br \/>\n\t\t\t&#13;\n\t\t<\/p>\n<p class=\"paid-article-text__price\">&#13;<br \/>\n\t\t\tRaksta cena: \u20ac0.40&#13;\n\t\t<\/p>\n<p class=\"more\">&#13;<br \/>\n\t\t\t&#13;<br \/>\n\t\t\t<a target=\"_blank\" href=\"https:\/\/www.diena.lv\/maksas-saturs\" rel=\"nofollow noopener\">Vair\u0101k inform\u0101cijas<\/a>&#13;\n\t\t<\/p>\n","protected":false},"excerpt":{"rendered":"&#13; Latvijas Nacion\u0101laj\u0101 bibliot\u0113k\u0101 24. un 25. oktobr\u012b norisin\u0101sies R\u012bgas Gr\u0101matu sv\u0113tki, kas aicina ikvienu iev\u0101kt gr\u0101matu ra\u017eu&hellip;\n","protected":false},"author":2,"featured_media":29725,"comment_status":"","ping_status":"","sticky":false,"template":"","format":"standard","meta":{"footnotes":""},"categories":[12],"tags":[23,28,29,32,33,22,30,31,35,39,38,36,37,34,40,20,26,27,24,25,21],"class_list":{"0":"post-29724","1":"post","2":"type-post","3":"status-publish","4":"format-standard","5":"has-post-thumbnail","7":"category-latvija","8":"tag-aktualitates","9":"tag-breaking-news","10":"tag-breakingnews","11":"tag-featured-news","12":"tag-featurednews","13":"tag-headlines","14":"tag-latest-news","15":"tag-latestnews","16":"tag-latvia","17":"tag-latvian","18":"tag-latviesu","19":"tag-latviesu-valoda","20":"tag-latviesuvaloda","21":"tag-latvija","22":"tag-lv","23":"tag-news","24":"tag-popularakas-zinas","25":"tag-popularakaszinas","26":"tag-top-stories","27":"tag-topstories","28":"tag-zinas"},"share_on_mastodon":{"url":"https:\/\/pubeurope.com\/@lv\/115427782417583749","error":""},"_links":{"self":[{"href":"https:\/\/www.europesays.com\/lv\/wp-json\/wp\/v2\/posts\/29724","targetHints":{"allow":["GET"]}}],"collection":[{"href":"https:\/\/www.europesays.com\/lv\/wp-json\/wp\/v2\/posts"}],"about":[{"href":"https:\/\/www.europesays.com\/lv\/wp-json\/wp\/v2\/types\/post"}],"author":[{"embeddable":true,"href":"https:\/\/www.europesays.com\/lv\/wp-json\/wp\/v2\/users\/2"}],"replies":[{"embeddable":true,"href":"https:\/\/www.europesays.com\/lv\/wp-json\/wp\/v2\/comments?post=29724"}],"version-history":[{"count":0,"href":"https:\/\/www.europesays.com\/lv\/wp-json\/wp\/v2\/posts\/29724\/revisions"}],"wp:featuredmedia":[{"embeddable":true,"href":"https:\/\/www.europesays.com\/lv\/wp-json\/wp\/v2\/media\/29725"}],"wp:attachment":[{"href":"https:\/\/www.europesays.com\/lv\/wp-json\/wp\/v2\/media?parent=29724"}],"wp:term":[{"taxonomy":"category","embeddable":true,"href":"https:\/\/www.europesays.com\/lv\/wp-json\/wp\/v2\/categories?post=29724"},{"taxonomy":"post_tag","embeddable":true,"href":"https:\/\/www.europesays.com\/lv\/wp-json\/wp\/v2\/tags?post=29724"}],"curies":[{"name":"wp","href":"https:\/\/api.w.org\/{rel}","templated":true}]}}