{"id":29726,"date":"2025-10-24T06:42:11","date_gmt":"2025-10-24T06:42:11","guid":{"rendered":"https:\/\/www.europesays.com\/lv\/29726\/"},"modified":"2025-10-24T06:42:11","modified_gmt":"2025-10-24T06:42:11","slug":"kapec-izgazas-trampa-planota-tiksanas-ar-diktatoru-putinu","status":"publish","type":"post","link":"https:\/\/www.europesays.com\/lv\/29726\/","title":{"rendered":"K\u0101p\u0113c izg\u0101z\u0101s Trampa pl\u0101not\u0101 tik\u0161an\u0101s ar diktatoru Putinu?"},"content":{"rendered":"<p>Tauj\u0101ts, vai ASV var\u0113tu atteikties no vidut\u0101ja lomas, vai ar\u012b Tramps turpin\u0101s centienus Nobela Miera pr\u0113mijas d\u0113\u013c, eksperts skaidroja, ka Tramps var c\u012bn\u012bties, ta\u010du ir j\u0101\u0146em v\u0113r\u0101 \u0123eopolitisk\u0101 realit\u0101te &#8211; ASV un Tramps nav visvareni, un par mieru var vienoties tikai Ukraina un Krievija.<\/p>\n<p>P\u0113c Hir\u0161a teikt\u0101, Krievija negrib mieru Ukrain\u0101, uzskatot, ka laiks ir t\u0101s pus\u0113 un cilv\u0113ku zaud\u0113jumi nav \u0161\u0137\u0113rslis, jo ilgtermi\u0146\u0101 Ukraina b\u016bs spiesta piek\u0101pties, bet Rietumi sa\u0161\u0137elsies. Vi\u0146\u0161 piebilda, ka diktatoru priorit\u0101te ir vara &#8211; neskatoties uz probl\u0113m\u0101m ekonomik\u0101 un sabiedr\u012bbas neapmierin\u0101t\u012bbu, nav garantiju, ka sankcijas liks Krievijai main\u012bt \u0101rpolitikas kursu.<\/p>\n<p>Vi\u0146\u0161 uzsv\u0113ra, ka Putins, b\u016bdams pie varas, var ieviest piln\u012bgi totalit\u0101ru un brut\u0101lu re\u017e\u012bmu, jo vi\u0146\u0161 un vi\u0146am pietuvin\u0101tie dz\u012bvo labi, pat ja valstij kl\u0101jas slikti. Eksperts nor\u0101d\u012bja, ka Krievij\u0101 nav svar\u012bgas iedz\u012bvot\u0101ju intereses, t\u0101s vad\u012bbai ir b\u016btiska elites politisk\u0101 un ekonomisk\u0101 bag\u0101tin\u0101\u0161ana. Vi\u0146\u0161 secin\u0101ja, ka to var izdar\u012bt ar\u012b tad, ja Krievij\u0101 ir piln\u012bga inform\u0101cijas kontrole un iedz\u012bvot\u0101jiem nav nek\u0101da teik\u0161ana, jo valsts, kura negrib pak\u013cauties Rietumu spiedienam, t\u0101pat var daudz pan\u0101kt.<\/p>\n<p>TVNET jau rakst\u012bja, ka ASV prezidents tre\u0161dien pazi\u0146oja, ka ir atc\u0113lis pl\u0101notu tik\u0161anos ar Putinu. Vi\u0146apr\u0101t, \u0161\u0101da tik\u0161an\u0101s neb\u016btu pareiza, un Trampam nebija saj\u016btas, ka &#8220;m\u0113s non\u0101ksim tur, kur mums j\u0101non\u0101k&#8221;.<\/p>\n<p>Tramps 16. oktobr\u012b bija pazi\u0146ojis, ka dr\u012bzum\u0101 tiksies ar Putinu Budape\u0161t\u0101. K\u0101 iesp\u0113jamais tik\u0161an\u0101s norises laiks tika min\u0113tas divas ned\u0113\u013cas.<\/p>\n","protected":false},"excerpt":{"rendered":"Tauj\u0101ts, vai ASV var\u0113tu atteikties no vidut\u0101ja lomas, vai ar\u012b Tramps turpin\u0101s centienus Nobela Miera pr\u0113mijas d\u0113\u013c, eksperts&hellip;\n","protected":false},"author":2,"featured_media":29727,"comment_status":"","ping_status":"","sticky":false,"template":"","format":"standard","meta":{"footnotes":""},"categories":[5],"tags":[23,28,29,542,32,33,22,74,30,31,35,39,38,36,37,34,40,20,26,27,24,25,235,21],"class_list":{"0":"post-29726","1":"post","2":"type-post","3":"status-publish","4":"format-standard","5":"has-post-thumbnail","7":"category-aktualitates","8":"tag-aktualitates","9":"tag-breaking-news","10":"tag-breakingnews","11":"tag-donalds-tramps","12":"tag-featured-news","13":"tag-featurednews","14":"tag-headlines","15":"tag-krievijas-iebrukums-ukraina","16":"tag-latest-news","17":"tag-latestnews","18":"tag-latvia","19":"tag-latvian","20":"tag-latviesu","21":"tag-latviesu-valoda","22":"tag-latviesuvaloda","23":"tag-latvija","24":"tag-lv","25":"tag-news","26":"tag-popularakas-zinas","27":"tag-popularakaszinas","28":"tag-top-stories","29":"tag-topstories","30":"tag-vladimirs-putins","31":"tag-zinas"},"share_on_mastodon":{"url":"https:\/\/pubeurope.com\/@lv\/115427786499326579","error":""},"_links":{"self":[{"href":"https:\/\/www.europesays.com\/lv\/wp-json\/wp\/v2\/posts\/29726","targetHints":{"allow":["GET"]}}],"collection":[{"href":"https:\/\/www.europesays.com\/lv\/wp-json\/wp\/v2\/posts"}],"about":[{"href":"https:\/\/www.europesays.com\/lv\/wp-json\/wp\/v2\/types\/post"}],"author":[{"embeddable":true,"href":"https:\/\/www.europesays.com\/lv\/wp-json\/wp\/v2\/users\/2"}],"replies":[{"embeddable":true,"href":"https:\/\/www.europesays.com\/lv\/wp-json\/wp\/v2\/comments?post=29726"}],"version-history":[{"count":0,"href":"https:\/\/www.europesays.com\/lv\/wp-json\/wp\/v2\/posts\/29726\/revisions"}],"wp:featuredmedia":[{"embeddable":true,"href":"https:\/\/www.europesays.com\/lv\/wp-json\/wp\/v2\/media\/29727"}],"wp:attachment":[{"href":"https:\/\/www.europesays.com\/lv\/wp-json\/wp\/v2\/media?parent=29726"}],"wp:term":[{"taxonomy":"category","embeddable":true,"href":"https:\/\/www.europesays.com\/lv\/wp-json\/wp\/v2\/categories?post=29726"},{"taxonomy":"post_tag","embeddable":true,"href":"https:\/\/www.europesays.com\/lv\/wp-json\/wp\/v2\/tags?post=29726"}],"curies":[{"name":"wp","href":"https:\/\/api.w.org\/{rel}","templated":true}]}}