{"id":29730,"date":"2025-10-24T06:44:08","date_gmt":"2025-10-24T06:44:08","guid":{"rendered":"https:\/\/www.europesays.com\/lv\/29730\/"},"modified":"2025-10-24T06:44:08","modified_gmt":"2025-10-24T06:44:08","slug":"mesi-panak-jaunu-vienosanos-ar-maiami-inter","status":"publish","type":"post","link":"https:\/\/www.europesays.com\/lv\/29730\/","title":{"rendered":"Mesi pan\u0101k jaunu vieno\u0161anos ar Maiami &#8220;Inter&#8221;"},"content":{"rendered":"<p>Jaun\u0101 vieno\u0161an\u0101s nosl\u0113gta l\u012bdz 2028. gada beig\u0101m. Mesi pa\u0161reiz\u0113jais l\u012bgums ir sp\u0113k\u0101 v\u0113l l\u012bdz \u0161\u012bs sezonas izska\u0146ai.<\/p>\n<p>Argent\u012bnietis \u0161osezon &#8220;Inter&#8221; rind\u0101s 28 sp\u0113l\u0113s izc\u0113lies ar 29 v\u0101rtiem un 19 rezultat\u012bv\u0101m piesp\u0113l\u0113m. Nepilnu tr\u012bs sezonu laik\u0101 vi\u0146\u0161 Maiami komandas rind\u0101s kop\u0101 <a href=\"https:\/\/sports.tvnet.lv\/term\/95417\/mls\" class=\"topicLink\" target=\"_blank\" rel=\"nofollow noopener\">MLS<\/a> aizvad\u012bjis 53 ma\u010dus, kuros guvis 50 v\u0101rtus un iekr\u0101jis 35 rezultat\u012bvas piesp\u0113les.<\/p>\n<p>Mesi, kur\u0161 tiek uzskat\u012bts par vienu no visu laiku izcil\u0101kajiem futbolistiem, &#8220;Inter&#8221; pievienoj\u0101s 2023. gad\u0101. Pirms p\u0101rcel\u0161an\u0101s uz Maiami klubu Mesi divas sezonas pavad\u012bja fran\u010du vien\u012bb\u0101 Par\u012bzes &#8220;Saint-Germain&#8221; (<a href=\"https:\/\/sports.tvnet.lv\/term\/83543\/psg\" class=\"topicLink\" target=\"_blank\" rel=\"nofollow noopener\">PSG<\/a>), bet no 2003. l\u012bdz 2021. gadam Argent\u012bnas futbolists p\u0101rst\u0101v\u0113ja Sp\u0101nijas grandu &#8220;Barcelona&#8221;, kur\u0101 s\u0101ka tren\u0113ties jau 13 gadu vecum\u0101.<\/p>\n<p>Pag\u0101ju\u0161aj\u0101 sezon\u0101 Mesi tika atz\u012bts par MLS v\u0113rt\u012bg\u0101ko sp\u0113l\u0113t\u0101ju. &#8220;Inter&#8221; bija lab\u0101k\u0101 komanda regul\u0101raj\u0101 \u010dempion\u0101t\u0101, tom\u0113r &#8220;play off&#8221; izst\u0101j\u0101s jau pirmaj\u0101 k\u0101rt\u0101.<\/p>\n<p>Ar &#8220;Barcelona&#8221; Mesi k\u013cuva par desmitk\u0101rt\u0113ju Sp\u0101nijas \u010dempionu un \u010detras reizes triumf\u0113ja UEFA \u010cempionu l\u012bg\u0101, ar PSG divreiz triumf\u0113ja Francijas \u010dempion\u0101t\u0101, ar &#8220;Inter&#8221; ieguva MLS l\u012bgas kausu, bet ar Argent\u012bnas izlasi k\u013cuva par 2022. gada Pasaules kausa ieguv\u0113ju, k\u0101 ar\u012b divas reizes uzvar\u0113jis Dienvidamerikas \u010d\u0113mpion\u0101t\u0101 jeb &#8220;Copa America&#8221;.<\/p>\n<p>Argent\u012bnietim pieder neskait\u0101mi rekordi un vi\u0146\u0161 k\u0101 vien\u012bgais ir asto\u0146as reizes atz\u012bts par pasaules lab\u0101ko futbolistu, sa\u0146emot &#8220;Ballon d&#8217;Or&#8221; balvu. Tuv\u0101kais sekot\u0101js ar pieciem &#8220;Ballon d&#8217;Or&#8221; ir portug\u0101lis Kri\u0161tianu Ronaldu.<\/p>\n<p>Maiami &#8220;Inter&#8221; Austrumu konferenc\u0113 ie\u0146\u0113ma tre\u0161o vietu un izsl\u0113g\u0161anas sp\u0113les s\u0101ks no otr\u0101s k\u0101rtas, pirmo ma\u010du aizvadot \u0161aj\u0101 ned\u0113\u013cas nogal\u0113.<\/p>\n","protected":false},"excerpt":{"rendered":"Jaun\u0101 vieno\u0161an\u0101s nosl\u0113gta l\u012bdz 2028. gada beig\u0101m. Mesi pa\u0161reiz\u0113jais l\u012bgums ir sp\u0113k\u0101 v\u0113l l\u012bdz \u0161\u012bs sezonas izska\u0146ai. Argent\u012bnietis&hellip;\n","protected":false},"author":2,"featured_media":29731,"comment_status":"","ping_status":"","sticky":false,"template":"","format":"standard","meta":{"footnotes":""},"categories":[17],"tags":[5134,35,39,38,36,37,34,2192,40,9115,2191,2098,67,3589],"class_list":{"0":"post-29730","1":"post","2":"type-post","3":"status-publish","4":"format-standard","5":"has-post-thumbnail","7":"category-sports","8":"tag-barcelona","9":"tag-latvia","10":"tag-latvian","11":"tag-latviesu","12":"tag-latviesu-valoda","13":"tag-latviesuvaloda","14":"tag-latvija","15":"tag-lionels-mesi","16":"tag-lv","17":"tag-maiami-inter","18":"tag-mls","19":"tag-psg","20":"tag-sports","21":"tag-uefa-cempionu-liga"},"share_on_mastodon":{"url":"https:\/\/pubeurope.com\/@lv\/115427794240585712","error":""},"_links":{"self":[{"href":"https:\/\/www.europesays.com\/lv\/wp-json\/wp\/v2\/posts\/29730","targetHints":{"allow":["GET"]}}],"collection":[{"href":"https:\/\/www.europesays.com\/lv\/wp-json\/wp\/v2\/posts"}],"about":[{"href":"https:\/\/www.europesays.com\/lv\/wp-json\/wp\/v2\/types\/post"}],"author":[{"embeddable":true,"href":"https:\/\/www.europesays.com\/lv\/wp-json\/wp\/v2\/users\/2"}],"replies":[{"embeddable":true,"href":"https:\/\/www.europesays.com\/lv\/wp-json\/wp\/v2\/comments?post=29730"}],"version-history":[{"count":0,"href":"https:\/\/www.europesays.com\/lv\/wp-json\/wp\/v2\/posts\/29730\/revisions"}],"wp:featuredmedia":[{"embeddable":true,"href":"https:\/\/www.europesays.com\/lv\/wp-json\/wp\/v2\/media\/29731"}],"wp:attachment":[{"href":"https:\/\/www.europesays.com\/lv\/wp-json\/wp\/v2\/media?parent=29730"}],"wp:term":[{"taxonomy":"category","embeddable":true,"href":"https:\/\/www.europesays.com\/lv\/wp-json\/wp\/v2\/categories?post=29730"},{"taxonomy":"post_tag","embeddable":true,"href":"https:\/\/www.europesays.com\/lv\/wp-json\/wp\/v2\/tags?post=29730"}],"curies":[{"name":"wp","href":"https:\/\/api.w.org\/{rel}","templated":true}]}}