{"id":29733,"date":"2025-10-24T06:46:10","date_gmt":"2025-10-24T06:46:10","guid":{"rendered":"https:\/\/www.europesays.com\/lv\/29733\/"},"modified":"2025-10-24T06:46:10","modified_gmt":"2025-10-24T06:46:10","slug":"zelenskis-mudina-es-liderus-nodrosinat-ukrainai-talas-darbibas-ierocus-jauns-lv","status":"publish","type":"post","link":"https:\/\/www.europesays.com\/lv\/29733\/","title":{"rendered":"Zelenskis mudina ES l\u012bderus nodro\u0161in\u0101t Ukrainai t\u0101l\u0101s darb\u012bbas iero\u010dus &#8211; Jauns.lv"},"content":{"rendered":"<ol>\n<li><a href=\"https:\/\/news.google.com\/rss\/articles\/CBMirgFBVV95cUxPU0k4Q3R6cF8yTnBLUlh5VjRua0gyWHQ3X3dZbXhwejEwZ3Fyd1h1QlZHSF9SZUhCMm5EQldtak9ycTcyanBmZmVZbDBXR25HVnJfM01iRUg4MVdXcVJMcDEwQ2RNLVBWLW1DUkxSSnFVUHh5am1WM3V3RmJvQUM5TlNnNWdyblZMa3JRN0NsVkV2dUxjM19tcVdYVjF3SDdDUkNjVHUwbnRYRXk0d2c?oc=5\" target=\"_blank\" rel=\"nofollow noopener\">Zelenskis mudina ES l\u012bderus nodro\u0161in\u0101t Ukrainai t\u0101l\u0101s darb\u012bbas iero\u010dus<\/a>&nbsp;&nbsp;Jauns.lv<\/li>\n<li><a href=\"https:\/\/news.google.com\/rss\/articles\/CBMijAJBVV95cUxPeFJNa2EtV0lwanVtX2lVYWRBTERNMUVDTDhsbmpSZXd2MjRUSV95LTdQRmhEYVNnSWZRRnJkTW1WTWJMRmUxTTZMV3VHRll4dzNmMFlEMUVCQjJYYXlaZTdHbFdaSi01ZEJlRHNXZXh2WTJjYm9MeWF2bTlBYnBvRmpvY0psT1pma0FZZW1tZzlKdzRPUkhLTVo4R3cxbG9SM0dBTWx5QThWc0JkcnhwZWlaRlI4Z08zU0NJVG5acGI2RTZUUjZUMFQ2dUNKblg3YmExNUs3cGVrRkJ6SEJOQ2hweHVLYUo4T01lWi1pcFEyQ3ZUMW1mdmxiS21aVGRBRTNpMW81Vk40ZHhh?oc=5\" target=\"_blank\" rel=\"nofollow noopener\">ASV pie\u0146em v\u0113sturisku l\u0113mumu &#8211; s\u0101kas jauna f\u0101ze konflikt\u0101 ar Krieviju<\/a>&nbsp;&nbsp;Jauns.lv<\/li>\n<li><a href=\"https:\/\/news.google.com\/rss\/articles\/CBMiugFBVV95cUxPWG5HNG9qWnhweEI3M1pwOWYwZkhvRHRhejFGSGlCTEVFSXJxV2FIOTJpM2dFT1F4OTd1bU12LVFYVzJDNTExalE1OHZTV0JpdXQ3dl9zWU1lUmJ0NlhGOGZlYzU3S1NvREhwdVFINFU3eTZTNUxYaXJUeDRLTWJQZXdVR3loZXdlYWdqQ1I3TmV2T3hOZldlb0U2bG5IamtaR1N0aXFiUGhHU292ekNYTVozYmJicnVpQnc?oc=5\" target=\"_blank\" rel=\"nofollow noopener\">Tramps mudin\u0101ja Ukrainu atteikties no Donbasa, zi\u0146o Kijivas amatpersona<\/a>&nbsp;&nbsp;Delfi<\/li>\n<li><a href=\"https:\/\/news.google.com\/rss\/articles\/CBMipwFBVV95cUxNVTB0WThkLXdUeTlWNHlocHU1WUotT0tnVXZ1QTFxTUpZN05tQnFrMGpPbVJ6LUo5blNKRG1EZ2poZDlBNTMxRnBQYjNWelJPNm1xZUF2Ui11NUk1Y0VmcmQyLUhwc0RsWXVlNFFNaU5zQ0JJcjVoREw5b2JDM2duM2M1amJFbHNpRWZWNUlTM3FFSWpXZVlwaDNoblg3R1NNZFU1XzdTRQ?oc=5\" target=\"_blank\" rel=\"nofollow noopener\">\u201cPutina re\u017e\u012bmam ir j\u0101izj\u016bt \u0161\u012b kara re\u0101l\u0101s sekas.\u201d Zelenskis atkl\u0101j, ko Ukraina \u0161obr\u012bd dara<\/a>&nbsp;&nbsp;LA.LV<\/li>\n<li><a href=\"https:\/\/news.google.com\/rss\/articles\/CBMiygFBVV95cUxQNXpybV9Nd0VQY0k1X3ZQNXRYRWdUei0yd21aa3lDUUIwT085UURmZUlBY0VzNjJxNTBDbEJwX0FWVHNBc3NLM2NXUThkZ2d0Tk9KN3RfYWZNR1RQRy1tcnFXb05mVkl3VzdUOFFUcHRSanZCaXc4MHBxX09YdUQtdXhSVjFmakF2djA0UFlfUDBQTXo0R3QwUERWV2p3d19BdmNLeFdJRjUwMDktdmxrM25HZ25wY2Fwc0dyazBZdXA5SFREbHo2ZHVB?oc=5\" target=\"_blank\" rel=\"nofollow noopener\">Ukrai\u0146i joproj\u0101m pa\u013caujas galvenok\u0101rt uz sevi un savas armijas sp\u0113kiem \/ Raksts<\/a>&nbsp;&nbsp;LSM<\/li>\n<\/ol>\n","protected":false},"excerpt":{"rendered":"Zelenskis mudina ES l\u012bderus nodro\u0161in\u0101t Ukrainai t\u0101l\u0101s darb\u012bbas iero\u010dus&nbsp;&nbsp;Jauns.lv ASV pie\u0146em v\u0113sturisku l\u0113mumu &#8211; s\u0101kas jauna f\u0101ze konflikt\u0101&hellip;\n","protected":false},"author":2,"featured_media":29734,"comment_status":"","ping_status":"","sticky":false,"template":"","format":"standard","meta":{"footnotes":""},"categories":[14],"tags":[23,57,28,29,32,33,22,30,31,35,39,38,36,37,34,40,20,26,27,24,25,54,55,56,21,58],"class_list":{"0":"post-29733","1":"post","2":"type-post","3":"status-publish","4":"format-standard","5":"has-post-thumbnail","7":"category-zinas-no-arvalstim","8":"tag-aktualitates","9":"tag-arvalstim","10":"tag-breaking-news","11":"tag-breakingnews","12":"tag-featured-news","13":"tag-featurednews","14":"tag-headlines","15":"tag-latest-news","16":"tag-latestnews","17":"tag-latvia","18":"tag-latvian","19":"tag-latviesu","20":"tag-latviesu-valoda","21":"tag-latviesuvaloda","22":"tag-latvija","23":"tag-lv","24":"tag-news","25":"tag-popularakas-zinas","26":"tag-popularakaszinas","27":"tag-top-stories","28":"tag-topstories","29":"tag-world","30":"tag-world-news","31":"tag-worldnews","32":"tag-zinas","33":"tag-zinas-no-arvalstim"},"share_on_mastodon":{"url":"https:\/\/pubeurope.com\/@lv\/115427802069233923","error":""},"_links":{"self":[{"href":"https:\/\/www.europesays.com\/lv\/wp-json\/wp\/v2\/posts\/29733","targetHints":{"allow":["GET"]}}],"collection":[{"href":"https:\/\/www.europesays.com\/lv\/wp-json\/wp\/v2\/posts"}],"about":[{"href":"https:\/\/www.europesays.com\/lv\/wp-json\/wp\/v2\/types\/post"}],"author":[{"embeddable":true,"href":"https:\/\/www.europesays.com\/lv\/wp-json\/wp\/v2\/users\/2"}],"replies":[{"embeddable":true,"href":"https:\/\/www.europesays.com\/lv\/wp-json\/wp\/v2\/comments?post=29733"}],"version-history":[{"count":0,"href":"https:\/\/www.europesays.com\/lv\/wp-json\/wp\/v2\/posts\/29733\/revisions"}],"wp:featuredmedia":[{"embeddable":true,"href":"https:\/\/www.europesays.com\/lv\/wp-json\/wp\/v2\/media\/29734"}],"wp:attachment":[{"href":"https:\/\/www.europesays.com\/lv\/wp-json\/wp\/v2\/media?parent=29733"}],"wp:term":[{"taxonomy":"category","embeddable":true,"href":"https:\/\/www.europesays.com\/lv\/wp-json\/wp\/v2\/categories?post=29733"},{"taxonomy":"post_tag","embeddable":true,"href":"https:\/\/www.europesays.com\/lv\/wp-json\/wp\/v2\/tags?post=29733"}],"curies":[{"name":"wp","href":"https:\/\/api.w.org\/{rel}","templated":true}]}}