{"id":29745,"date":"2025-10-24T06:55:11","date_gmt":"2025-10-24T06:55:11","guid":{"rendered":"https:\/\/www.europesays.com\/lv\/29745\/"},"modified":"2025-10-24T06:55:11","modified_gmt":"2025-10-24T06:55:11","slug":"festivals-porta-svin-25-gadu-jubileju-ar-latvijas-un-gruzijas-muziku-satiksanos-dailes-teatri-2","status":"publish","type":"post","link":"https:\/\/www.europesays.com\/lv\/29745\/","title":{"rendered":"Festiv\u0101ls &#8220;PORTA&#8221; svin 25 gadu jubileju ar Latvijas un Gruzijas m\u016bzi\u0137u satik\u0161anos Dailes te\u0101tr\u012b"},"content":{"rendered":"<p>Vakars sol\u0101s b\u016bt \u012bpa\u0161s &#8211; koncerta pirmaj\u0101 da\u013c\u0101 piedal\u012bsies latvie\u0161u grupas, kas ilggad\u0113ji ir ieguld\u012bju\u0161as sevi tradicion\u0101laj\u0101 un pasaules m\u016bzik\u0101, biju\u0161as festiv\u0101la dal\u012bbnieces un sadarboju\u0161\u0101s ar \u0101rvalstu m\u0101ksliniekiem:<\/p>\n<blockquote class=\"quote ck-widget\" contenteditable=\"false\">\n<p>&#8220;I\u013c\u0123i&#8221;, &#8220;Au\u013ci&#8221;, Julg\u012b Stalte ar programmu &#8220;TKP&#8221;, Laima Jansone un DJ Monstra duet\u0101 &#8220;ZeMe&#8221;, &#8220;Forshpil &amp; Dzelzs vilks&#8221; un P\u016bces Etnogr\u0101fiskais or\u0137estris kop\u0101 ar gruz\u012bnu etnod\u017eeza trio &#8220;The Shin&#8221;.<\/p>\n<\/blockquote>\n<p>2009. gada &#8220;Porta&#8221; festiv\u0101la centr\u0101 bija unik\u0101ls kopprojekts &#8211; gruz\u012bnu etnod\u017eeza trio &#8220;The Shin&#8221; kop\u0101 ar P\u016bces Etnogr\u0101fisko or\u0137estri rad\u012bja programmu, kur\u0101 sapl\u016bda gruz\u012bnu vok\u0101lais stils un etnod\u017eezs ar latvie\u0161u instrument\u0101lo folkloru.<\/p>\n<p><img decoding=\"async\" class=\"figure__image\" onclick=\"triggerEvent('articleImageClick', { id: 17236093, focus: 'single-image', focusIndex: '17236093' })\" onkeydown=\"if (event.key === 'Enter') {&#10;        triggerEvent('articleImageClick', { id: 17236093, focus: 'single-image', focusIndex: '17236093' })&#10;        }\" role=\"button\" tabindex=\"0\" data-focus-from=\"single-image\" data-focus-index=\"17236093\" src=\"https:\/\/www.europesays.com\/lv\/wp-content\/uploads\/2025\/10\/17236093t1h27ae.jpg\" onload=\"this.parentElement.classList.remove('figure__image-loading')\" alt=\"&quot;The Shin&quot;.\"\/>&#8220;The Shin&#8221;. Foto: Publicit\u0101tes foto<\/p>\n<blockquote class=\"quote ck-widget\" contenteditable=\"false\">\n<p>\u0160is darbs tika izdots album\u0101 &#8220;Ce\u013c\u0161 uz m\u0101j\u0101m&#8221;, kas sa\u0146\u0113ma Latvijas M\u016bzikas ierakstu gada balvu k\u0101 Lab\u0101kais tautas m\u016bzikas albums.<\/p>\n<\/blockquote>\n<p>Projekts tika atz\u012bts par vienu no festiv\u0101la spilgt\u0101kaj\u0101m starptautiskaj\u0101m sadarb\u012bb\u0101m, apliecinot dz\u012bv\u012bgu un dabiski pl\u016bsto\u0161u dialogu starp div\u0101m bag\u0101t\u0101m muzik\u0101laj\u0101m trad\u012bcij\u0101m. Tagad, &#8220;Porta&#8221; 25 gadu jubilej\u0101, \u0161\u012b savien\u012bba atgrie\u017eas ar jaunu elpu un emocion\u0101lu dzi\u013cumu.<\/p>\n<p>Vakara otraj\u0101 da\u013c\u0101 uz skatuves k\u0101ps gruz\u012bnu dzied\u0101t\u0101js, komponists un multiinstrument\u0101lists, k\u0101 ar\u012b popul\u0101r\u0101s grupas &#8220;33a&#8221; l\u012bderis Niazs Diasamidze.<\/p>\n<p><img decoding=\"async\" class=\"figure__image\" onclick=\"triggerEvent('articleImageClick', { id: 17236094, focus: 'single-image', focusIndex: '17236094' })\" onkeydown=\"if (event.key === 'Enter') {&#10;        triggerEvent('articleImageClick', { id: 17236094, focus: 'single-image', focusIndex: '17236094' })&#10;        }\" role=\"button\" tabindex=\"0\" data-focus-from=\"single-image\" data-focus-index=\"17236094\" src=\"https:\/\/www.europesays.com\/lv\/wp-content\/uploads\/2025\/10\/17236094t1hd26d.jpg\" onload=\"this.parentElement.classList.remove('figure__image-loading')\" alt=\"Niazs Diasamidze.\"\/>Niazs Diasamidze. Foto: Publicit\u0101tes foto<\/p>\n<p>Vi\u0146\u0161 ir viens no spilgt\u0101kajiem Gruzijas m\u016bzikas p\u0101rst\u0101vjiem, kur\u0161 veiksm\u012bgi apvieno tradicion\u0101l\u0101s gruz\u012bnu m\u016bzikas elementus ar m\u016bsdienu pasaules m\u016bzikas, d\u017eeza un roka ietekm\u0113m. Niazs ir ne tikai izcils m\u016bzi\u0137is, bet ar\u012b iev\u0113rojams dziesmu tekstu autors, kura darbos bie\u017ei atkl\u0101jas dzi\u013ci emocion\u0101li un kult\u016bru savienojo\u0161i v\u0113st\u012bjumi.<\/p>\n<p>Video: Niazs Diasamidzi ar grupu &#8220;33a&#8221;<\/p>\n<p>Grupas &#8220;33a&#8221; m\u016bzika ir guvusi atzin\u012bbu gan Gruzij\u0101, gan citur pasaul\u0113, padarot Niazu par vienu no ietekm\u012bg\u0101kajiem m\u016bzi\u0137iem sav\u0101 dzimten\u0113.<\/p>\n<p>Bi\u013cetes uz koncertu ieg\u0101d\u0101jamas &#8220;Bi\u013ce\u0161u parad\u012bze&#8221; tirdzniec\u012bbas viet\u0101s vis\u0101 Latvij\u0101 un internet\u0101.<\/p>\n","protected":false},"excerpt":{"rendered":"Vakars sol\u0101s b\u016bt \u012bpa\u0161s &#8211; koncerta pirmaj\u0101 da\u013c\u0101 piedal\u012bsies latvie\u0161u grupas, kas ilggad\u0113ji ir ieguld\u012bju\u0161as sevi tradicion\u0101laj\u0101 un&hellip;\n","protected":false},"author":2,"featured_media":29746,"comment_status":"","ping_status":"","sticky":false,"template":"","format":"standard","meta":{"footnotes":""},"categories":[19],"tags":[454,89,90,35,39,38,36,37,34,40,9116],"class_list":{"0":"post-29745","1":"post","2":"type-post","3":"status-publish","4":"format-standard","5":"has-post-thumbnail","7":"category-izklaide","8":"tag-dailes-teatris","9":"tag-entertainment","10":"tag-izklaide","11":"tag-latvia","12":"tag-latvian","13":"tag-latviesu","14":"tag-latviesu-valoda","15":"tag-latviesuvaloda","16":"tag-latvija","17":"tag-lv","18":"tag-porta"},"share_on_mastodon":{"url":"https:\/\/pubeurope.com\/@lv\/115427837560107576","error":""},"_links":{"self":[{"href":"https:\/\/www.europesays.com\/lv\/wp-json\/wp\/v2\/posts\/29745","targetHints":{"allow":["GET"]}}],"collection":[{"href":"https:\/\/www.europesays.com\/lv\/wp-json\/wp\/v2\/posts"}],"about":[{"href":"https:\/\/www.europesays.com\/lv\/wp-json\/wp\/v2\/types\/post"}],"author":[{"embeddable":true,"href":"https:\/\/www.europesays.com\/lv\/wp-json\/wp\/v2\/users\/2"}],"replies":[{"embeddable":true,"href":"https:\/\/www.europesays.com\/lv\/wp-json\/wp\/v2\/comments?post=29745"}],"version-history":[{"count":0,"href":"https:\/\/www.europesays.com\/lv\/wp-json\/wp\/v2\/posts\/29745\/revisions"}],"wp:featuredmedia":[{"embeddable":true,"href":"https:\/\/www.europesays.com\/lv\/wp-json\/wp\/v2\/media\/29746"}],"wp:attachment":[{"href":"https:\/\/www.europesays.com\/lv\/wp-json\/wp\/v2\/media?parent=29745"}],"wp:term":[{"taxonomy":"category","embeddable":true,"href":"https:\/\/www.europesays.com\/lv\/wp-json\/wp\/v2\/categories?post=29745"},{"taxonomy":"post_tag","embeddable":true,"href":"https:\/\/www.europesays.com\/lv\/wp-json\/wp\/v2\/tags?post=29745"}],"curies":[{"name":"wp","href":"https:\/\/api.w.org\/{rel}","templated":true}]}}