{"id":29764,"date":"2025-10-24T07:08:08","date_gmt":"2025-10-24T07:08:08","guid":{"rendered":"https:\/\/www.europesays.com\/lv\/29764\/"},"modified":"2025-10-24T07:08:08","modified_gmt":"2025-10-24T07:08:08","slug":"vasiljevs-prestizajas-kinas-sacensibas-saks-sezonu","status":"publish","type":"post","link":"https:\/\/www.europesays.com\/lv\/29764\/","title":{"rendered":"Vasi\u013cjevs presti\u017eaj\u0101s \u0136\u012bnas sacens\u012bb\u0101s s\u0101ks sezonu"},"content":{"rendered":"<p>Sacens\u012bbas \u012bsaj\u0101 programm\u0101 s\u0101ksies plkst. 14 p\u0113c Latvijas laika, tie\u0161raid\u0113 t\u0101s transl\u0113jot &#8220;YouTube&#8221; kan\u0101l\u0101 &#8220;Skating ISU&#8221;.<\/p>\n<p>Izv\u0113les programm\u0101 sportisti sacent\u012bsies sestdien, plkst. 13.40 p\u0113c Latvijas laika.<\/p>\n<p>Iepriek\u0161\u0113j\u0101 ned\u0113\u013c\u0101 jau zi\u0146ots, ka Vasi\u013cjevs neturpin\u0101s tren\u0113ties 2006. gada olimpisk\u0101 vice\u010dempiona \u0161veicie\u0161a Stefana Lambj\u0113la vad\u012btaj\u0101 dai\u013cslido\u0161anas skol\u0101 \u0160amper\u012b, kur 26 gadus vecais dai\u013cslidot\u0101js pavad\u012bja iepriek\u0161\u0113jos devi\u0146us gadus.<\/p>\n<p>Vasi\u013cjevs \u0161osezon pl\u0101no start\u0113t Mil\u0101nas &#8211; Kort\u012bnas d&#8217;Ampeco olimpiskaj\u0101s sp\u0113l\u0113s, pasaules un Eiropas \u010dempion\u0101tos, &#8220;Grand Prix&#8221; sacens\u012bb\u0101s oktobra beig\u0101s \u0136\u012bn\u0101 un novembra beig\u0101s Somij\u0101, k\u0101 ar\u012b &#8220;Golden Spin&#8221; sacens\u012bb\u0101s Horv\u0101tij\u0101. \u0160\u012b gada pasaules \u010dempion\u0101t\u0101 vi\u0146\u0161 nodro\u0161in\u0101ja Latvijai divas kvotas 2026. gada olimpiskaj\u0101s sp\u0113l\u0113s.<\/p>\n<p>ISU &#8220;Grand Prix&#8221; fin\u0101ls Jap\u0101nas pils\u0113t\u0101 Nagoj\u0101 notiks decembra s\u0101kum\u0101, un tam kvalific\u0113sies se\u0161i lab\u0101kie dai\u013cslidot\u0101ji. Katrs sportists piedal\u0101s divos posmos.<\/p>\n","protected":false},"excerpt":{"rendered":"Sacens\u012bbas \u012bsaj\u0101 programm\u0101 s\u0101ksies plkst. 14 p\u0113c Latvijas laika, tie\u0161raid\u0113 t\u0101s transl\u0113jot &#8220;YouTube&#8221; kan\u0101l\u0101 &#8220;Skating ISU&#8221;. Izv\u0113les programm\u0101&hellip;\n","protected":false},"author":2,"featured_media":29765,"comment_status":"","ping_status":"","sticky":false,"template":"","format":"standard","meta":{"footnotes":""},"categories":[17],"tags":[1295,1294,35,39,38,36,37,34,40,67],"class_list":{"0":"post-29764","1":"post","2":"type-post","3":"status-publish","4":"format-standard","5":"has-post-thumbnail","7":"category-sports","8":"tag-dailslidosana","9":"tag-deniss-vasiljevs","10":"tag-latvia","11":"tag-latvian","12":"tag-latviesu","13":"tag-latviesu-valoda","14":"tag-latviesuvaloda","15":"tag-latvija","16":"tag-lv","17":"tag-sports"},"share_on_mastodon":{"url":"https:\/\/pubeurope.com\/@lv\/115427888673748106","error":""},"_links":{"self":[{"href":"https:\/\/www.europesays.com\/lv\/wp-json\/wp\/v2\/posts\/29764","targetHints":{"allow":["GET"]}}],"collection":[{"href":"https:\/\/www.europesays.com\/lv\/wp-json\/wp\/v2\/posts"}],"about":[{"href":"https:\/\/www.europesays.com\/lv\/wp-json\/wp\/v2\/types\/post"}],"author":[{"embeddable":true,"href":"https:\/\/www.europesays.com\/lv\/wp-json\/wp\/v2\/users\/2"}],"replies":[{"embeddable":true,"href":"https:\/\/www.europesays.com\/lv\/wp-json\/wp\/v2\/comments?post=29764"}],"version-history":[{"count":0,"href":"https:\/\/www.europesays.com\/lv\/wp-json\/wp\/v2\/posts\/29764\/revisions"}],"wp:featuredmedia":[{"embeddable":true,"href":"https:\/\/www.europesays.com\/lv\/wp-json\/wp\/v2\/media\/29765"}],"wp:attachment":[{"href":"https:\/\/www.europesays.com\/lv\/wp-json\/wp\/v2\/media?parent=29764"}],"wp:term":[{"taxonomy":"category","embeddable":true,"href":"https:\/\/www.europesays.com\/lv\/wp-json\/wp\/v2\/categories?post=29764"},{"taxonomy":"post_tag","embeddable":true,"href":"https:\/\/www.europesays.com\/lv\/wp-json\/wp\/v2\/tags?post=29764"}],"curies":[{"name":"wp","href":"https:\/\/api.w.org\/{rel}","templated":true}]}}