{"id":29788,"date":"2025-10-24T07:27:11","date_gmt":"2025-10-24T07:27:11","guid":{"rendered":"https:\/\/www.europesays.com\/lv\/29788\/"},"modified":"2025-10-24T07:27:11","modified_gmt":"2025-10-24T07:27:11","slug":"smartlynx-airlines-latvia-maina-ipasniekus-uznemumu-parnem-vadiba-un-niderlandes-fonds-lente-lv","status":"publish","type":"post","link":"https:\/\/www.europesays.com\/lv\/29788\/","title":{"rendered":"SmartLynx Airlines Latvia maina \u012bpa\u0161niekus \u2013 uz\u0146\u0113mumu p\u0101r\u0146em vad\u012bba un N\u012bderlandes fonds\u00a0\u2014\u00a0Lente.lv"},"content":{"rendered":"<p>Jauni \u012bpa\u0161nieki SmartLynx Airlines Latvia<\/p>\n<p>Latvij\u0101 b\u0101z\u0113tais lidsabiedr\u012bba SIA &#8220;SmartLynx Airlines Latvia&#8221; piedz\u012bvojusi \u012bpa\u0161nieku mai\u0146u. Uz\u0146\u0113mumu ir ieg\u0101d\u0101jusies t\u0101 eso\u0161\u0101 vad\u012bba kop\u0101 ar specializ\u0113tu invest\u012bciju fondu no N\u012bderlandes. Prec\u012bza dar\u012bjuma summa netiek atkl\u0101ta, saglab\u0101joties nosl\u0113pum\u0101.<\/p>\n<p>Vad\u012bba un investoru partner\u012bba<\/p>\n<p>Saska\u0146\u0101 ar sniegto inform\u0101ciju, jaunie \u012bpa\u0161nieki ir uz\u0146\u0113muma vad\u012bbas p\u0101rst\u0101vji Edvins Deme\u0146us un Mindaugs Kazakevi\u010ds, kuriem turpm\u0101k pieder\u0113s 10% uz\u0146\u0113muma kapit\u0101lda\u013cu. Savuk\u0101rt N\u012bderlandes invest\u012bciju fonds ieguvis 90% \u012bpa\u0161umties\u012bbas. L\u012bdz \u0161im vien\u012bgais SIA &#8220;SmartLynx Airlines Latvia&#8221; \u012bpa\u0161nieks bija SIA &#8220;Smart Aviation Holding&#8221;, kas savuk\u0101rt pieder\u0113ja &#8220;Avia Solutions Group&#8221;. \u0160is jaunais dar\u012bjums iez\u012bm\u0113 jaunu noda\u013cu lidsabiedr\u012bbas v\u0113stur\u0113, fokus\u0113joties uz turpm\u0101ku att\u012bst\u012bbu un iesp\u0113jamu strat\u0113\u0123isku virz\u012bbu.<\/p>\n<p>SmartLynx Airlines att\u012bst\u012bbas ce\u013c\u0161<\/p>\n<p>SmartLynx Airlines, kas dibin\u0101ta jau 1992. gad\u0101 s\u0101kotn\u0113ji k\u0101 LatCharter, ir izg\u0101jusi ilgu un dinamisku att\u012bst\u012bbas ce\u013cu. Aviokomp\u0101nija ir main\u012bjusi \u012bpa\u0161niekus vair\u0101kk\u0101rt, s\u0101kot ar Latcharter Airlines, tad Loftleidir Icelandic un Icelandair Group, l\u012bdz 2016. gad\u0101 N\u012bderland\u0113 b\u0101z\u0113ts invest\u012bciju fonds k\u013cuva par uz\u0146\u0113muma \u012bpa\u0161nieku. P\u0113d\u0113jos gados, \u012bpa\u0161i kop\u0161 2019. gada, kad t\u0101 k\u013cuva par Avia Solutions Group \u0123imenes locekli, SmartLynx ir papla\u0161in\u0101jusi savu darb\u012bbu, tostarp gaisa kravu p\u0101rvad\u0101jumu jom\u0101. Uz\u0146\u0113mums ir piel\u0101gojies tirgus tendenc\u0113m, veicot flotes moderniz\u0101ciju un papla\u0161in\u0101\u0161anu, piem\u0113ram, ievie\u0161ot Airbus A321F kravas lidma\u0161\u012bnas.<\/p>\n<p>Strat\u0113\u0123iskie m\u0113r\u0137i un n\u0101kotnes perspekt\u012bvas<\/p>\n<p>\u0160\u012b \u012bpa\u0161nieku mai\u0146a notiek laik\u0101, kad SmartLynx Airlines ir guvusi iev\u0113rojamu izaugsmi, 2023. gad\u0101 sasniedzot 496,6 miljonu eiro apgroz\u012bjumu un 22,7 miljonu eiro pe\u013c\u0146u. Aviokomp\u0101nija ir atz\u012bta par v\u0113rt\u012bg\u0101ko Latvijas lidsabiedr\u012bbu un transporta, lo\u0123istikas un tranz\u012bta nozares v\u0113rt\u012bg\u0101ko uz\u0146\u0113mumu 2024. gad\u0101. Lai gan iepriek\u0161\u0113j\u0101 period\u0101 uz\u0146\u0113mumam bija izaicin\u0101jumi ar darb\u012bbas uzticam\u012bbu, tas ir sp\u0113jis piel\u0101goties un optimiz\u0113t savus procesus. Jaunie \u012bpa\u0161nieki, visticam\u0101k, turpin\u0101sies uz\u0146\u0113muma strat\u0113\u0123isko m\u0113r\u0137u \u012bsteno\u0161anu, kas v\u0113rsta uz ilgtsp\u0113j\u012bgu izaugsmi, flotes optimiz\u0101ciju un jaunu tirgu apg\u016b\u0161anu, tai skait\u0101 \u0100zij\u0101 un Lat\u012b\u0146amerik\u0101. Aviokomp\u0101nija ir paudusi nodomu turpin\u0101t att\u012bst\u012bt savu ACMI (Aircraft, Crew, Maintenance, Insurance) kapacit\u0101ti, veidojot ilgtermi\u0146a partner\u012bbas.<\/p>\n","protected":false},"excerpt":{"rendered":"Jauni \u012bpa\u0161nieki SmartLynx Airlines Latvia Latvij\u0101 b\u0101z\u0113tais lidsabiedr\u012bba SIA &#8220;SmartLynx Airlines Latvia&#8221; piedz\u012bvojusi \u012bpa\u0161nieku mai\u0146u. Uz\u0146\u0113mumu ir ieg\u0101d\u0101jusies&hellip;\n","protected":false},"author":2,"featured_media":29789,"comment_status":"","ping_status":"","sticky":false,"template":"","format":"standard","meta":{"footnotes":""},"categories":[16],"tags":[5290,77,76,9120,35,39,38,36,37,34,40,9121,9119,9122],"class_list":{"0":"post-29788","1":"post","2":"type-post","3":"status-publish","4":"format-standard","5":"has-post-thumbnail","7":"category-bizness","8":"tag-aviokompanija","9":"tag-bizness","10":"tag-business","11":"tag-ipasnieku-maina","12":"tag-latvia","13":"tag-latvian","14":"tag-latviesu","15":"tag-latviesu-valoda","16":"tag-latviesuvaloda","17":"tag-latvija","18":"tag-lv","19":"tag-niderlandes-fonds","20":"tag-smartlynx-airlines-latvia","21":"tag-vadibas-pirkums"},"share_on_mastodon":{"url":"https:\/\/pubeurope.com\/@lv\/115427963251678177","error":""},"_links":{"self":[{"href":"https:\/\/www.europesays.com\/lv\/wp-json\/wp\/v2\/posts\/29788","targetHints":{"allow":["GET"]}}],"collection":[{"href":"https:\/\/www.europesays.com\/lv\/wp-json\/wp\/v2\/posts"}],"about":[{"href":"https:\/\/www.europesays.com\/lv\/wp-json\/wp\/v2\/types\/post"}],"author":[{"embeddable":true,"href":"https:\/\/www.europesays.com\/lv\/wp-json\/wp\/v2\/users\/2"}],"replies":[{"embeddable":true,"href":"https:\/\/www.europesays.com\/lv\/wp-json\/wp\/v2\/comments?post=29788"}],"version-history":[{"count":0,"href":"https:\/\/www.europesays.com\/lv\/wp-json\/wp\/v2\/posts\/29788\/revisions"}],"wp:featuredmedia":[{"embeddable":true,"href":"https:\/\/www.europesays.com\/lv\/wp-json\/wp\/v2\/media\/29789"}],"wp:attachment":[{"href":"https:\/\/www.europesays.com\/lv\/wp-json\/wp\/v2\/media?parent=29788"}],"wp:term":[{"taxonomy":"category","embeddable":true,"href":"https:\/\/www.europesays.com\/lv\/wp-json\/wp\/v2\/categories?post=29788"},{"taxonomy":"post_tag","embeddable":true,"href":"https:\/\/www.europesays.com\/lv\/wp-json\/wp\/v2\/tags?post=29788"}],"curies":[{"name":"wp","href":"https:\/\/api.w.org\/{rel}","templated":true}]}}