{"id":29794,"date":"2025-10-24T07:31:11","date_gmt":"2025-10-24T07:31:11","guid":{"rendered":"https:\/\/www.europesays.com\/lv\/29794\/"},"modified":"2025-10-24T07:31:11","modified_gmt":"2025-10-24T07:31:11","slug":"maison-margiela-couture-un-maska-uz-sarkana-paklaja-lente-lv","status":"publish","type":"post","link":"https:\/\/www.europesays.com\/lv\/29794\/","title":{"rendered":"Maison Margiela couture un maska uz sarkan\u0101 pakl\u0101ja\u00a0\u2014\u00a0Lente.lv"},"content":{"rendered":"<p>Kima Karda\u0161jana atkal p\u0101rsteidz modes pasauli ar drosm\u012bgu t\u0113rp\u0161<\/p>\n<p>Realit\u0101tes \u0161ova zvaigzne un uz\u0146\u0113m\u0113ja Kima Karda\u0161jana atkal ir rad\u012bjusi pla\u0161u rezonansi modes aprind\u0101s, demonstr\u0113jot savu neparasto un provokat\u012bvo stilu Academy Museum of Motion Pictures gadsk\u0101rt\u0113j\u0101 pas\u0101kum\u0101 Losand\u017eelos\u0101. \u0160oreiz vi\u0146a izv\u0113l\u0113jusies Maison Margiela Couture vakart\u0113rpu, kas ir licis modes kriti\u0137iem un publikai vienlaic\u012bgi apbr\u012bnot un spekul\u0113t.<\/p>\n<p>Neiedom\u0101jama couture izpausme<\/p>\n<p>Karda\u0161jana par\u0101d\u012bj\u0101s uz sarkan\u0101 pakl\u0101js t\u0113rp\u0101, kas burtiski aplaud\u0113ja modes norm\u0101m. Vi\u0146as izv\u0113l\u0113tais Maison Margiela Couture t\u0113rps, kas n\u0101cis no jaun\u0101k\u0101s kolekcijas, izc\u0113l\u0101s ar savu cie\u0161o, miesas kr\u0101sas piegriezumu un unik\u0101lu dizainu, radot iespaidu par otru \u0101du. Kleita bez lenc\u0113m ar dramatiski izvirz\u012btu, apgrieztu V-veida jostasvietu un arhitektonisk\u0101m deta\u013c\u0101m, kas izce\u013c fig\u016bru, sp\u0113ja gan apburt, gan \u0161ok\u0113t. \u0160is t\u0113rps neap\u0161aub\u0101mi apliecina Karda\u0161janas gatav\u012bbu eksperiment\u0113t un izaicin\u0101t ierastos modes kanonus.<\/p>\n<p>Maskas efekts un aksesu\u0101ru izmekl\u0113t\u012bba<\/p>\n<p>Tom\u0113r pati liel\u0101k\u0101 uzman\u012bba tika piev\u0113rsta negaid\u012btajam aksesu\u0101ram \u2013 piln\u012bgai, caursp\u012bd\u012bgai sejas maskai, kas piln\u012bb\u0101 aizsedza vi\u0146as seju. \u0160is piesk\u0101riens rad\u012bja nosl\u0113pumain\u012bbas un pat fut\u016bristisku auru, atg\u0101dinot par vi\u0146as iepriek\u0161\u0113jiem drosm\u012bgajiem modes izg\u0101jieniem, piem\u0113ram, slaveno Balenciaga Met Gala t\u0113rpu 2021. gad\u0101. Lai gan seja bija sl\u0113pta, Karda\u0161jana neliedza sev grezn\u012bbu aksesu\u0101ru zi\u0146\u0101, izv\u0113loties iespaid\u012bgu dimanta un smaragdu kaklarotu un sader\u012bgus gredzenus. Minimalistisk\u0101 kr\u0101su palete \u013c\u0101va piln\u012bb\u0101 izcelties t\u0113rpa skulptur\u0101lajam dizainam un d\u0101rgakme\u0146u mirdzumam.<\/p>\n<p>Academy Museum Gala \u2013 modes un kinematogr\u0101fijas krustpunkt\u0101<\/p>\n<p>Academy Museum Gala ir k\u013cuvis par vienu no gaid\u012bt\u0101kajiem modes notikumiem, kas pulc\u0113 Holivudas eliti un modes industrijas p\u0101rst\u0101vjus. \u0160is pas\u0101kums, kas velt\u012bts filmu m\u0101kslas saglab\u0101\u0161anai un godin\u0101\u0161anai, vienlaikus kalpo k\u0101 platforma ekstravagantiem un p\u0101rdom\u0101tiem modes izteikumiem. \u0160ogad pas\u0101kum\u0101 tika godin\u0101tas t\u0101das person\u012bbas k\u0101 Penelopa Krusa, Valters Saless, Br\u016bss Springst\u012bns un Bovens Jans, bet sarkanais pakl\u0101js priec\u0113ja ar da\u017e\u0101diem spo\u017eiem t\u0113rpiem no t\u0101diem z\u012bmoliem k\u0101 Gucci, Saint Laurent, Armani Priv\u00e9, Chanel, Schiaparelli un Dior. Tom\u0113r tie\u0161i Kima Karda\u0161jana ar savu neordin\u0101ro Maison Margiela couture izv\u0113li sp\u0113ja izcelties un izrais\u012bt visvair\u0101k diskusiju.<\/p>\n<p>Modes kriti\u0137u un publikas reakcijas<\/p>\n<p>Karda\u0161janas t\u0113rps ir izpeln\u012bjies gan saj\u016bsmin\u0101tas, gan kritiskas atsauksmes. Kam\u0113r da\u017ei slav\u0113 vi\u0146as drosmi un sp\u0113ju p\u0101rv\u0113rst modes notikumu par m\u0101kslas performanci, citi ap\u0161auba t\u0113rpa piem\u0113rot\u012bbu un ekstravaganci. Neatkar\u012bgi no viedok\u013ciem, nevar noliegt, ka Kima Karda\u0161jana ir pan\u0101kusi savu m\u0113r\u0137i \u2013 k\u013c\u016bt par vakara centr\u0101lo fig\u016bru un izrais\u012bt pla\u0161u rezonansi. Vi\u0146as sp\u0113ja \u0161ok\u0113t un ieinteres\u0113t turpina uztur\u0113t vi\u0146as statusu k\u0101 modes ikonas un provokatores.<\/p>\n","protected":false},"excerpt":{"rendered":"Kima Karda\u0161jana atkal p\u0101rsteidz modes pasauli ar drosm\u012bgu t\u0113rp\u0161 Realit\u0101tes \u0161ova zvaigzne un uz\u0146\u0113m\u0113ja Kima Karda\u0161jana atkal ir&hellip;\n","protected":false},"author":2,"featured_media":29795,"comment_status":"","ping_status":"","sticky":false,"template":"","format":"standard","meta":{"footnotes":""},"categories":[19],"tags":[9125,9127,89,90,3398,35,39,38,36,37,34,40,9124,9126],"class_list":{"0":"post-29794","1":"post","2":"type-post","3":"status-publish","4":"format-standard","5":"has-post-thumbnail","7":"category-izklaide","8":"tag-academy-museum-gala","9":"tag-couture","10":"tag-entertainment","11":"tag-izklaide","12":"tag-kima-kardasjana","13":"tag-latvia","14":"tag-latvian","15":"tag-latviesu","16":"tag-latviesu-valoda","17":"tag-latviesuvaloda","18":"tag-latvija","19":"tag-lv","20":"tag-maison-margiela","21":"tag-modes-kritika"},"share_on_mastodon":{"url":"https:\/\/pubeurope.com\/@lv\/115427979113306333","error":""},"_links":{"self":[{"href":"https:\/\/www.europesays.com\/lv\/wp-json\/wp\/v2\/posts\/29794","targetHints":{"allow":["GET"]}}],"collection":[{"href":"https:\/\/www.europesays.com\/lv\/wp-json\/wp\/v2\/posts"}],"about":[{"href":"https:\/\/www.europesays.com\/lv\/wp-json\/wp\/v2\/types\/post"}],"author":[{"embeddable":true,"href":"https:\/\/www.europesays.com\/lv\/wp-json\/wp\/v2\/users\/2"}],"replies":[{"embeddable":true,"href":"https:\/\/www.europesays.com\/lv\/wp-json\/wp\/v2\/comments?post=29794"}],"version-history":[{"count":0,"href":"https:\/\/www.europesays.com\/lv\/wp-json\/wp\/v2\/posts\/29794\/revisions"}],"wp:featuredmedia":[{"embeddable":true,"href":"https:\/\/www.europesays.com\/lv\/wp-json\/wp\/v2\/media\/29795"}],"wp:attachment":[{"href":"https:\/\/www.europesays.com\/lv\/wp-json\/wp\/v2\/media?parent=29794"}],"wp:term":[{"taxonomy":"category","embeddable":true,"href":"https:\/\/www.europesays.com\/lv\/wp-json\/wp\/v2\/categories?post=29794"},{"taxonomy":"post_tag","embeddable":true,"href":"https:\/\/www.europesays.com\/lv\/wp-json\/wp\/v2\/tags?post=29794"}],"curies":[{"name":"wp","href":"https:\/\/api.w.org\/{rel}","templated":true}]}}