{"id":29812,"date":"2025-10-24T07:44:16","date_gmt":"2025-10-24T07:44:16","guid":{"rendered":"https:\/\/www.europesays.com\/lv\/29812\/"},"modified":"2025-10-24T07:44:16","modified_gmt":"2025-10-24T07:44:16","slug":"stolcermanim-lielisks-atrums-formula-regional-testos-monca-f1lv-blogs","status":"publish","type":"post","link":"https:\/\/www.europesays.com\/lv\/29812\/","title":{"rendered":"\u0160tolcermanim lielisks \u0101trums &#8216;Formula Regional&#8217; testos Monc\u0101 : F1LV Blogs"},"content":{"rendered":"<p>Tomass \u0160tolcermanis \u0161odien aizvad\u012bja \u201cFormula Regional\u201d Eiropas \u010dempion\u0101ta (FRECA) testus Moncas tras\u0113, kur nodemonstr\u0113ja \u013coti labu \u0101trumu slapjos apst\u0101k\u013cos, bija viens no \u0101tr\u0101kajiem debitantiem un iek\u013cuva starp desmit \u0101tr\u0101kajiem brauc\u0113jiem kopum\u0101.<\/p>\n<p>\u0160tolcermanis \u0161aj\u0101 ned\u0113\u013cas nogal\u0113 debit\u0113s presti\u017eaj\u0101 FRECA \u010dempion\u0101t\u0101, kur uz sezonas nosl\u0113dzo\u0161o posmu pievienojies RPM komandai. L\u012bdz \u0161im latvie\u0161u pilots start\u0113jis tikai \u201cFormula 4\u201d kategorij\u0101, bet \u0161is ir solis augst\u0101k, k\u0101 tilts uz FIA \u201cFormula 3\u201d \u010dempion\u0101tu.<\/p>\n<p>Sac\u012bk\u0161u ned\u0113\u013cas nogale Monc\u0101 s\u0101k\u0101s ar kop\u012bgajiem testiem, kas bija pl\u0101noti \u010detru stundu garum\u0101. Dal\u012bbu \u0146\u0113ma 26 brauc\u0113ji, ieskaitot \u010dempion\u0101ta l\u012bderus. S\u0101kotn\u0113ji gan darb\u012bba tras\u0113 nebija v\u0113rojama p\u0101r\u0101k slapjo laikapst\u0101k\u013cu d\u0113\u013c, bet v\u0113l\u0101k sportisti \u0137\u0113r\u0101s pie darba.<\/p>\n<p>\u0160tolcermanis veica 35 ap\u013cus, \u0101tr\u0101ko no tiem nobraucot ar rezult\u0101tu 1:57.837. Testu sesijas \u0101tr\u0101kajam pilotam Enco Deli\u0146\u012b (\u201cR-ACE GP\u201d) vi\u0146\u0161 zaud\u0113ja 1.085 sekundes un ierindoj\u0101s sept\u012btaj\u0101 poz\u012bcij\u0101. Tikai 0.026 sekundes \u0101tr\u0101ks bija Tomasa komandas biedrs D\u017eovanni Maskio, kur\u0161 aizvada pilnu sezonu.<\/p>\n<p>Vair\u0101k k\u0101 0.4 sekundes aiz Deli\u0146\u012b ierindoj\u0101s FRECA kopv\u0113rt\u0113juma l\u012bderis Fredijs Sleiters (\u201cPrema Racing\u201d), ie\u0146emot otro vietu, bet nepilnas 0.7 sekundes zaud\u0113ja un tre\u0161o vietu sasniedza Dions Govda (\u201cVan Amersfoort Racing\u201d).<\/p>\n<p>Starp debitantiem \u0160tolcermanim otrais rezult\u0101ts, zaud\u0113jot tikai pilnu sezonu aizvado\u0161ajam Govdam.<\/p>\n<p>Piektdien notiks treni\u0146braucieni, sestdien pirm\u0101 kvalifik\u0101cija (plkst. 9:30 p\u0113c LV laika) un pirmais brauciens (13:50), bet sv\u0113tdien \u2013 otr\u0101 kvalifik\u0101cija (9:30) un otrais brauciens (15:50). Sacens\u012bbu garums b\u016bs 30 min\u016btes un viens aplis. Tie\u0161raides \u2013 <a href=\"https:\/\/www.youtube.com\/@formularegionaleubyalpine\/streams\" target=\"_blank\" rel=\"noopener nofollow\">\u010dempion\u0101ta \u201cYoutube\u201d kan\u0101l\u0101<\/a>.<\/p>\n<p>Testu rezult\u0101ti:<\/p>\n<p><a href=\"https:\/\/www.europesays.com\/lv\/wp-content\/uploads\/2025\/10\/res.jpg\"><img fetchpriority=\"high\" decoding=\"async\" class=\"alignnone size-full wp-image-74048\" src=\"https:\/\/www.europesays.com\/lv\/wp-content\/uploads\/2025\/10\/res.jpg\" alt=\"\" width=\"990\" height=\"683\"  \/><\/a><\/p>\n","protected":false},"excerpt":{"rendered":"Tomass \u0160tolcermanis \u0161odien aizvad\u012bja \u201cFormula Regional\u201d Eiropas \u010dempion\u0101ta (FRECA) testus Moncas tras\u0113, kur nodemonstr\u0113ja \u013coti labu \u0101trumu slapjos&hellip;\n","protected":false},"author":2,"featured_media":29813,"comment_status":"","ping_status":"","sticky":false,"template":"","format":"standard","meta":{"footnotes":""},"categories":[17],"tags":[35,39,38,36,37,34,40,67],"class_list":{"0":"post-29812","1":"post","2":"type-post","3":"status-publish","4":"format-standard","5":"has-post-thumbnail","7":"category-sports","8":"tag-latvia","9":"tag-latvian","10":"tag-latviesu","11":"tag-latviesu-valoda","12":"tag-latviesuvaloda","13":"tag-latvija","14":"tag-lv","15":"tag-sports"},"share_on_mastodon":{"url":"https:\/\/pubeurope.com\/@lv\/115428030125602794","error":""},"_links":{"self":[{"href":"https:\/\/www.europesays.com\/lv\/wp-json\/wp\/v2\/posts\/29812","targetHints":{"allow":["GET"]}}],"collection":[{"href":"https:\/\/www.europesays.com\/lv\/wp-json\/wp\/v2\/posts"}],"about":[{"href":"https:\/\/www.europesays.com\/lv\/wp-json\/wp\/v2\/types\/post"}],"author":[{"embeddable":true,"href":"https:\/\/www.europesays.com\/lv\/wp-json\/wp\/v2\/users\/2"}],"replies":[{"embeddable":true,"href":"https:\/\/www.europesays.com\/lv\/wp-json\/wp\/v2\/comments?post=29812"}],"version-history":[{"count":0,"href":"https:\/\/www.europesays.com\/lv\/wp-json\/wp\/v2\/posts\/29812\/revisions"}],"wp:featuredmedia":[{"embeddable":true,"href":"https:\/\/www.europesays.com\/lv\/wp-json\/wp\/v2\/media\/29813"}],"wp:attachment":[{"href":"https:\/\/www.europesays.com\/lv\/wp-json\/wp\/v2\/media?parent=29812"}],"wp:term":[{"taxonomy":"category","embeddable":true,"href":"https:\/\/www.europesays.com\/lv\/wp-json\/wp\/v2\/categories?post=29812"},{"taxonomy":"post_tag","embeddable":true,"href":"https:\/\/www.europesays.com\/lv\/wp-json\/wp\/v2\/tags?post=29812"}],"curies":[{"name":"wp","href":"https:\/\/api.w.org\/{rel}","templated":true}]}}