{"id":29814,"date":"2025-10-24T07:46:12","date_gmt":"2025-10-24T07:46:12","guid":{"rendered":"https:\/\/www.europesays.com\/lv\/29814\/"},"modified":"2025-10-24T07:46:12","modified_gmt":"2025-10-24T07:46:12","slug":"lietuva-gatavojas-ilgstosi-slegt-robezu-ar-baltkrieviju","status":"publish","type":"post","link":"https:\/\/www.europesays.com\/lv\/29814\/","title":{"rendered":"Lietuva gatavojas ilgsto\u0161i sl\u0113gt robe\u017eu ar Baltkrieviju"},"content":{"rendered":"<p class=\"descr\">Lietuva robe\u017eu ar Baltkrieviju var\u0113tu sl\u0113gt ar\u012b uz ilg\u0101ku laiku, jo no kaimi\u0146valsts tiek palaistas meteozondes ar kontrabandas cigaret\u0113m, tre\u0161dien pazi\u0146oja Lietuvas prezidenta Gitana Naus\u0113das galvenais nacion\u0101l\u0101s dro\u0161\u012bbas padomnieks Deivids Matu\u013conis.<\/p>\n<p>&#8220;Dom\u0101ju, ka \u0161aj\u0101 gad\u012bjum\u0101 m\u016bsu dienestiem vajadz\u0113tu strikt\u0101k komunic\u0113t ar <a href=\"https:\/\/nra.lv\/birka\/baltkrievijas-robeza\/\" target=\"_blank\" rel=\"noopener nofollow\">Baltkrievijas<\/a> varasiest\u0101d\u0113m, lai skaidri paustu, ka gad\u012bjum\u0101, ja tas turpin\u0101sies, m\u0113s var\u0113tu robe\u017eu piln\u012bb\u0101 sl\u0113gt uz ilg\u0101ku laiku,&#8221; vi\u0146\u0161 teica Lietuvas sabiedriskajam radio.<\/p>\n<p>Matu\u013conis pauda, ka <a href=\"https:\/\/nra.lv\/birka\/gitans-nauseda\/\" target=\"_blank\" rel=\"noopener nofollow\">prezidenta<\/a> vad\u012bt\u0101 Nacion\u0101l\u0101s dro\u0161\u012bbas komisija tre\u0161dien apspried\u012bs iesp\u0113jamos atbildes pas\u0101kumus uz meteozon\u017eu ar kontrabandas prec\u0113m rad\u012bto apdraud\u0113jumu.<\/p>\n<p>Vi\u0146\u0161 piebilda, ka aizvad\u012bt\u0101s nakts notikumi ar\u012b par\u0101d\u012bja, ka ir svar\u012bga atkl\u0101\u0161anas sist\u0113ma uz robe\u017eas, kas \u013cautu ielidojo\u0161os <a href=\"https:\/\/nra.lv\/birka\/gaisa-baloni\/\" target=\"_blank\" rel=\"noopener nofollow\">balonus<\/a> paman\u012bt agr\u0101k.<\/p>\n<p>Naus\u0113das padomnieks nor\u0101d\u012bja, ka balonu atkl\u0101\u0161ana un neitraliz\u0113\u0161ana ir sare\u017e\u0123\u012bt\u0101ka nek\u0101 dronu atkl\u0101\u0161ana.<\/p>\n<p>&#8220;Probl\u0113mu rada tas, ka tie lido augstu, tr\u012bs, piecu vai pat se\u0161u kilometru augstum\u0101. Tas neatbilst m\u016bsu <a href=\"https:\/\/nra.lv\/birka\/lietuvas-robezsargi\/\" target=\"_blank\" rel=\"noopener nofollow\">robe\u017esargu<\/a> atbild\u012bbai un ir nepiecie\u0161ama m\u016bsu armijas iesaiste,&#8221; paskaidroja Matu\u013conis.<\/p>\n<p>Vi\u0146\u0161 piebilda, ka b\u012bstami b\u016btu ar\u012b notriekt \u010detru l\u012bdz se\u0161u kilometru augstum\u0101 lidojo\u0161u balonu ar vair\u0101kus desmitus kilogramu smagu kravu.<\/p>\n<p>&#8220;Da\u017ek\u0101rt tas var rad\u012bt pat liel\u0101ku risku nek\u0101 \u013caut gaisa balonam nok\u013c\u016bt uz zemes, kur policistiem j\u0101veic pas\u0101kumi, lai pasp\u0113tu pirms <a href=\"https:\/\/nra.lv\/birka\/kontrabandisti\/\" target=\"_blank\" rel=\"noopener nofollow\">kontrabandistiem<\/a>,&#8221; teica Naus\u0113das padomnieks.<\/p>\n<p>Vi\u0146\u0161 uzsv\u0113ra, ka probl\u0113mas risin\u0101\u0161anai b\u016bs vajadz\u012bgi citi pas\u0101kumi, piem\u0113ram, krimin\u0101latbild\u012bbas pastiprin\u0101\u0161ana un \u0101tr\u0101ka nomest\u0101s kravas atra\u0161ana.<\/p>\n<p>Jau zi\u0146ots, ka <a href=\"https:\/\/nra.lv\/birka\/vilnas-lidosta\/\" target=\"_blank\" rel=\"noopener nofollow\">Vi\u013c\u0146as<\/a> starptautisk\u0101 lidosta tika sl\u0113gta no otrdienas aptuveni plkst. 23 l\u012bdz tre\u0161dienas plkst. 6.30, jo no Baltkrievijas Lietuv\u0101 ielidoja vair\u0101ki desmiti meteozon\u017eu, un nakt\u012b uz tre\u0161dienu balonu rad\u012bto draudu d\u0113\u013c uz laiku tika aptur\u0113ta satiksme caur diviem Lietuvas un Baltkrievijas robe\u017ekontroles punktiem Medininkos un \u0160al\u010dininkos. Tre\u0161dienas r\u012bt\u0101 abi robe\u017ekontroles punkti tika atv\u0113rti.<\/p>\n<p>Iepriek\u0161\u0113jo reizi kontrabandas baloni Vi\u013c\u0146as lidostas darb\u012bbu ietekm\u0113ja oktobra s\u0101kum\u0101, kad <a href=\"https:\/\/nra.lv\/pasaule\/462120-krievijas-vestniecibas-vilna-parstavji-otrdien-izsaukti-uz-lietuvas-arlietu-ministriju.htm\" data-item-link=\"true\" data-item-id=\"462120\" rel=\"nofollow noopener\" target=\"_blank\">Lietuvas <\/a>gaisa telpu \u0161\u0137\u0113rsoja vair\u0101k nek\u0101 20 meteorolo\u0123iskie baloni.<\/p>\n<p>P\u0113c tam, kad Lietuva <a href=\"https:\/\/nra.lv\/birka\/robezas-slegsana\/\" target=\"_blank\" rel=\"noopener nofollow\">sl\u0113dza<\/a> da\u017eus robe\u017ekontroles punktus ar Baltkrieviju, uzb\u016bv\u0113ja fizisku no\u017eogojumu gar robe\u017eu un pastiprin\u0101ja robe\u017eas dro\u0161\u012bbu, meteorolo\u0123iskie baloni ir k\u013cuvu\u0161i par vienu no visizplat\u012bt\u0101kaj\u0101m tabakas izstr\u0101d\u0101jumu kontrabandas metod\u0113m.<\/p>\n","protected":false},"excerpt":{"rendered":"Lietuva robe\u017eu ar Baltkrieviju var\u0113tu sl\u0113gt ar\u012b uz ilg\u0101ku laiku, jo no kaimi\u0146valsts tiek palaistas meteozondes ar kontrabandas&hellip;\n","protected":false},"author":2,"featured_media":29815,"comment_status":"","ping_status":"","sticky":false,"template":"","format":"standard","meta":{"footnotes":""},"categories":[14],"tags":[23,57,28,29,32,33,22,30,31,35,39,38,36,37,34,40,20,26,27,24,25,54,55,56,21,58],"class_list":{"0":"post-29814","1":"post","2":"type-post","3":"status-publish","4":"format-standard","5":"has-post-thumbnail","7":"category-zinas-no-arvalstim","8":"tag-aktualitates","9":"tag-arvalstim","10":"tag-breaking-news","11":"tag-breakingnews","12":"tag-featured-news","13":"tag-featurednews","14":"tag-headlines","15":"tag-latest-news","16":"tag-latestnews","17":"tag-latvia","18":"tag-latvian","19":"tag-latviesu","20":"tag-latviesu-valoda","21":"tag-latviesuvaloda","22":"tag-latvija","23":"tag-lv","24":"tag-news","25":"tag-popularakas-zinas","26":"tag-popularakaszinas","27":"tag-top-stories","28":"tag-topstories","29":"tag-world","30":"tag-world-news","31":"tag-worldnews","32":"tag-zinas","33":"tag-zinas-no-arvalstim"},"share_on_mastodon":{"url":"https:\/\/pubeurope.com\/@lv\/115428037956087428","error":""},"_links":{"self":[{"href":"https:\/\/www.europesays.com\/lv\/wp-json\/wp\/v2\/posts\/29814","targetHints":{"allow":["GET"]}}],"collection":[{"href":"https:\/\/www.europesays.com\/lv\/wp-json\/wp\/v2\/posts"}],"about":[{"href":"https:\/\/www.europesays.com\/lv\/wp-json\/wp\/v2\/types\/post"}],"author":[{"embeddable":true,"href":"https:\/\/www.europesays.com\/lv\/wp-json\/wp\/v2\/users\/2"}],"replies":[{"embeddable":true,"href":"https:\/\/www.europesays.com\/lv\/wp-json\/wp\/v2\/comments?post=29814"}],"version-history":[{"count":0,"href":"https:\/\/www.europesays.com\/lv\/wp-json\/wp\/v2\/posts\/29814\/revisions"}],"wp:featuredmedia":[{"embeddable":true,"href":"https:\/\/www.europesays.com\/lv\/wp-json\/wp\/v2\/media\/29815"}],"wp:attachment":[{"href":"https:\/\/www.europesays.com\/lv\/wp-json\/wp\/v2\/media?parent=29814"}],"wp:term":[{"taxonomy":"category","embeddable":true,"href":"https:\/\/www.europesays.com\/lv\/wp-json\/wp\/v2\/categories?post=29814"},{"taxonomy":"post_tag","embeddable":true,"href":"https:\/\/www.europesays.com\/lv\/wp-json\/wp\/v2\/tags?post=29814"}],"curies":[{"name":"wp","href":"https:\/\/api.w.org\/{rel}","templated":true}]}}