{"id":29820,"date":"2025-10-24T07:52:07","date_gmt":"2025-10-24T07:52:07","guid":{"rendered":"https:\/\/www.europesays.com\/lv\/29820\/"},"modified":"2025-10-24T07:52:07","modified_gmt":"2025-10-24T07:52:07","slug":"ziemelkoreja-cel-memorialu-karaviriem-kas-kritusi-krievijas-puse","status":"publish","type":"post","link":"https:\/\/www.europesays.com\/lv\/29820\/","title":{"rendered":"Zieme\u013ckoreja ce\u013c memori\u0101lu karav\u012briem, kas kritu\u0161i Krievijas pus\u0113"},"content":{"rendered":"<p>T\u0101 sauktais Kaujas varo\u0146darbu piemi\u0146as muzejs tiek celts Phenjan\u0101. T\u0101 pamatakmens lik\u0161anas ceremonij\u0101 piedal\u012bj\u0101s Zieme\u013ckorejas l\u012bderis Kims \u010cenuns, Krievijas v\u0113stnieks Zieme\u013ckorej\u0101 Aleksandrs Macegora un citi Krievijas v\u0113stniec\u012bbas darbinieki, zi\u0146oja valsts ofici\u0101l\u0101 zi\u0146u a\u0123ent\u016bra KCNA.<\/p>\n<p>Kims sav\u0101 uzrun\u0101 \u0161aj\u0101 pas\u0101kum\u0101 sac\u012bja, ka topo\u0161ais memori\u0101lais muzejs &#8220;ir sv\u0113tn\u012bca, kas velt\u012bta patiesu patriotu nemirst\u012bbai&#8221;.<\/p>\n<p><a href=\"https:\/\/www.apollo.lv\/term\/555914\/ziemelkoreja\" class=\"topicLink\" target=\"_blank\" rel=\"nofollow noopener\">Zieme\u013ckoreja<\/a> ir padzi\u013cin\u0101jusi attiec\u012bbas ar Krieviju kop\u0161 t\u0101s atk\u0101rtot\u0101 iebrukuma Ukrain\u0101 2022. gada febru\u0101r\u012b. Phenjana ir nos\u016bt\u012bjusi t\u016bksto\u0161iem karav\u012bru un konteineru kravas ar iero\u010diem, lai pal\u012bdz\u0113tu Kremlim kauj\u0101s pret Krievijas teritorij\u0101 iebruku\u0161iem Ulrainas sp\u0113kiem.<\/p>\n<p>Karojot Krievijas pus\u0113, ir kritu\u0161i vismaz 600 Zieme\u013ckorejas karav\u012bru, bet vair\u0101ki t\u016bksto\u0161i ievainoti, liecina Dienvidkorejas veiktas apl\u0113ses.<\/p>\n<p>KCNA p\u0101rraid\u012btos Kima izteikumos vi\u0146\u0161 slav\u0113ja savas valsts karav\u012brus, kas pal\u012bdz Krievijai g\u016bt &#8220;iz\u0161\u0137iro\u0161u uzvaru&#8221;.<\/p>\n<p>&#8220;M\u016bsu varo\u0146i ir sagr\u0101vu\u0161i naid\u012bgos neonacistiskos iebruc\u0113jus ar savu nelok\u0101mo garu nepaciest nek\u0101du agresiju, bet izn\u012bcin\u0101t agresorus,&#8221; sac\u012bja Kims.<\/p>\n<p>Vi\u0146\u0161 piebilda, ka Zieme\u013ckorejas un Krievijas attiec\u012bbas &#8220;tagad pace\u013cas l\u012bdz v\u0113sturiskai virsotnei&#8221;.<\/p>\n<p>&#8220;Phenjana vienm\u0113r b\u016bs ar Maskavu. M\u016bsu draudz\u012bba un vienot\u012bba ilgs m\u016b\u017e\u012bgi,&#8221; sac\u012bja Kims.<\/p>\n<p>Vi\u0146\u0161 sac\u012bja, ka memori\u0101l\u0101 b\u016bs redzamas skulpt\u016bras, kas velt\u012btas Krievij\u0101 karoju\u0161iem Zieme\u013ckorejas karav\u012briem, k\u0101 ar\u012b fotogr\u0101fijas un m\u0101kslas darbi, kur atspogu\u013cotas \u0161\u012bs kaujas.<\/p>\n<p>Ceremonij\u0101 piedal\u012bj\u0101s ar\u012b vair\u0101kas Zieme\u013ckorejas vald\u012bbas un armijas amatpersonas, k\u0101 ar\u012b Krievij\u0101 kritu\u0161o karav\u012bru \u0123imenes.<\/p>\n","protected":false},"excerpt":{"rendered":"T\u0101 sauktais Kaujas varo\u0146darbu piemi\u0146as muzejs tiek celts Phenjan\u0101. T\u0101 pamatakmens lik\u0161anas ceremonij\u0101 piedal\u012bj\u0101s Zieme\u013ckorejas l\u012bderis Kims \u010cenuns,&hellip;\n","protected":false},"author":2,"featured_media":29821,"comment_status":"","ping_status":"","sticky":false,"template":"","format":"standard","meta":{"footnotes":""},"categories":[14],"tags":[23,57,28,29,32,33,22,5240,74,30,31,35,39,38,36,37,34,40,20,26,27,24,25,54,55,56,4214,21,58],"class_list":{"0":"post-29820","1":"post","2":"type-post","3":"status-publish","4":"format-standard","5":"has-post-thumbnail","7":"category-zinas-no-arvalstim","8":"tag-aktualitates","9":"tag-arvalstim","10":"tag-breaking-news","11":"tag-breakingnews","12":"tag-featured-news","13":"tag-featurednews","14":"tag-headlines","15":"tag-karaviri","16":"tag-krievijas-iebrukums-ukraina","17":"tag-latest-news","18":"tag-latestnews","19":"tag-latvia","20":"tag-latvian","21":"tag-latviesu","22":"tag-latviesu-valoda","23":"tag-latviesuvaloda","24":"tag-latvija","25":"tag-lv","26":"tag-news","27":"tag-popularakas-zinas","28":"tag-popularakaszinas","29":"tag-top-stories","30":"tag-topstories","31":"tag-world","32":"tag-world-news","33":"tag-worldnews","34":"tag-ziemelkoreja","35":"tag-zinas","36":"tag-zinas-no-arvalstim"},"share_on_mastodon":{"url":"https:\/\/pubeurope.com\/@lv\/115428061602892553","error":""},"_links":{"self":[{"href":"https:\/\/www.europesays.com\/lv\/wp-json\/wp\/v2\/posts\/29820","targetHints":{"allow":["GET"]}}],"collection":[{"href":"https:\/\/www.europesays.com\/lv\/wp-json\/wp\/v2\/posts"}],"about":[{"href":"https:\/\/www.europesays.com\/lv\/wp-json\/wp\/v2\/types\/post"}],"author":[{"embeddable":true,"href":"https:\/\/www.europesays.com\/lv\/wp-json\/wp\/v2\/users\/2"}],"replies":[{"embeddable":true,"href":"https:\/\/www.europesays.com\/lv\/wp-json\/wp\/v2\/comments?post=29820"}],"version-history":[{"count":0,"href":"https:\/\/www.europesays.com\/lv\/wp-json\/wp\/v2\/posts\/29820\/revisions"}],"wp:featuredmedia":[{"embeddable":true,"href":"https:\/\/www.europesays.com\/lv\/wp-json\/wp\/v2\/media\/29821"}],"wp:attachment":[{"href":"https:\/\/www.europesays.com\/lv\/wp-json\/wp\/v2\/media?parent=29820"}],"wp:term":[{"taxonomy":"category","embeddable":true,"href":"https:\/\/www.europesays.com\/lv\/wp-json\/wp\/v2\/categories?post=29820"},{"taxonomy":"post_tag","embeddable":true,"href":"https:\/\/www.europesays.com\/lv\/wp-json\/wp\/v2\/tags?post=29820"}],"curies":[{"name":"wp","href":"https:\/\/api.w.org\/{rel}","templated":true}]}}