{"id":29822,"date":"2025-10-24T07:53:08","date_gmt":"2025-10-24T07:53:08","guid":{"rendered":"https:\/\/www.europesays.com\/lv\/29822\/"},"modified":"2025-10-24T07:53:08","modified_gmt":"2025-10-24T07:53:08","slug":"foto-%e2%9f%a9-riga-aizvadits-digitalas-drosibas-forums-techritory","status":"publish","type":"post","link":"https:\/\/www.europesays.com\/lv\/29822\/","title":{"rendered":"FOTO \u27e9 R\u012bg\u0101 aizvad\u012bts digit\u0101l\u0101s dro\u0161\u012bbas forums &#8220;Techritory&#8221;"},"content":{"rendered":"<p>Divu dienu laik\u0101 vienuviet tik\u0101s politikas veidot\u0101ji, tehnolo\u0123iju uz\u0146\u0113m\u0113ji un akad\u0113miskie l\u012bderi, lai spriestu par to, k\u0101 digit\u0101l\u0101 transform\u0101cija var stiprin\u0101t sabiedr\u012bbas dro\u0161\u012bbu un notur\u012bbu. \u0160ogad foruma centr\u0101 bija cilv\u0113ks \u2013 sabiedr\u012bba, kuras dro\u0161\u012bbu un ilgtsp\u0113ju var nodro\u0161in\u0101t tikai cie\u0161a sadarb\u012bba starp tehnolo\u0123ij\u0101m, valsti un starptautiskajiem partneriem.<\/p>\n<p>Diskusij\u0101s un koprades pas\u0101kumos tika apl\u016bkoti kiberdro\u0161\u012bbas un kritisk\u0101s infrastrukt\u016bras aizsardz\u012bbas jaut\u0101jumi, 5G un 6G att\u012bst\u012bba, m\u0101ksl\u012bg\u0101 intelekta un kvantu tehnolo\u0123iju dro\u0161\u012bba, k\u0101 ar\u012b jauno tehnolo\u0123iju, tostarp dronu un sensoru ietekme uz sabiedr\u012bbas dro\u0161\u012bbu.<\/p>\n<p>\u0160\u012b gada forums iez\u012bm\u0113ja noz\u012bm\u012bgu pav\u0113rsienu Latvijas digit\u0101l\u0101s ekosist\u0113mas att\u012bst\u012bb\u0101 \u2013 ar sadarb\u012bbas memoranda parakst\u012b\u0161anu tika ofici\u0101li izveidots konsorcijs Team Latvia Digital. Devi\u0146i vado\u0161ie Latvijas tehnolo\u0123iju uz\u0146\u0113mumi apvienoju\u0161i sp\u0113kus, lai kop\u012bgi start\u0113tu starptautiskos digit\u0101l\u0101s infrastrukt\u016bras projektos, stiprinot Latvijas redzam\u012bbu un ietekmi pasaules tirg\u016b.<\/p>\n<p>\u012apa\u0161u uzman\u012bbu Techritory programm\u0101 izpeln\u012bj\u0101s ar\u012b Latvijas un Moldovas kopprojekts, kas paredz Moldovas digit\u0101l\u0101s infrastrukt\u016bras stiprin\u0101\u0161anu un nacion\u0101l\u0101 datu centra izveidi. Projekts ar Latvijas \u0100rlietu ministrijas atbalstu paredz Moldovas speci\u0101listu apm\u0101c\u012bbu, k\u0101 ar\u012b atbalstu ES finan\u0161u instrumentu piesaist\u0113 un nacion\u0101l\u0101 datu centra izveides pl\u0101no\u0161anu, t\u0101d\u0113j\u0101di stiprinot Moldovas digit\u0101l\u0101s att\u012bst\u012bbas pamatus un demonstr\u0113jot Latvijas l\u012bder\u012bbu \u0161aj\u0101 jom\u0101. \u0160\u012b sadarb\u012bba k\u013cuvusi par spilgtu piem\u0113ru tam, k\u0101 neliela valsts ar zin\u0101\u0161an\u0101m un kompetenci var ietekm\u0113t re\u0123ion\u0101lo digit\u0101lo att\u012bst\u012bbu.<\/p>\n","protected":false},"excerpt":{"rendered":"Divu dienu laik\u0101 vienuviet tik\u0101s politikas veidot\u0101ji, tehnolo\u0123iju uz\u0146\u0113m\u0113ji un akad\u0113miskie l\u012bderi, lai spriestu par to, k\u0101 digit\u0101l\u0101&hellip;\n","protected":false},"author":2,"featured_media":29823,"comment_status":"","ping_status":"","sticky":false,"template":"","format":"standard","meta":{"footnotes":""},"categories":[12],"tags":[23,28,29,32,33,22,30,31,35,39,38,36,37,34,40,20,26,27,8611,24,25,21],"class_list":{"0":"post-29822","1":"post","2":"type-post","3":"status-publish","4":"format-standard","5":"has-post-thumbnail","7":"category-latvija","8":"tag-aktualitates","9":"tag-breaking-news","10":"tag-breakingnews","11":"tag-featured-news","12":"tag-featurednews","13":"tag-headlines","14":"tag-latest-news","15":"tag-latestnews","16":"tag-latvia","17":"tag-latvian","18":"tag-latviesu","19":"tag-latviesu-valoda","20":"tag-latviesuvaloda","21":"tag-latvija","22":"tag-lv","23":"tag-news","24":"tag-popularakas-zinas","25":"tag-popularakaszinas","26":"tag-techritory-2025","27":"tag-top-stories","28":"tag-topstories","29":"tag-zinas"},"share_on_mastodon":{"url":"https:\/\/pubeurope.com\/@lv\/115428065499505747","error":""},"_links":{"self":[{"href":"https:\/\/www.europesays.com\/lv\/wp-json\/wp\/v2\/posts\/29822","targetHints":{"allow":["GET"]}}],"collection":[{"href":"https:\/\/www.europesays.com\/lv\/wp-json\/wp\/v2\/posts"}],"about":[{"href":"https:\/\/www.europesays.com\/lv\/wp-json\/wp\/v2\/types\/post"}],"author":[{"embeddable":true,"href":"https:\/\/www.europesays.com\/lv\/wp-json\/wp\/v2\/users\/2"}],"replies":[{"embeddable":true,"href":"https:\/\/www.europesays.com\/lv\/wp-json\/wp\/v2\/comments?post=29822"}],"version-history":[{"count":0,"href":"https:\/\/www.europesays.com\/lv\/wp-json\/wp\/v2\/posts\/29822\/revisions"}],"wp:featuredmedia":[{"embeddable":true,"href":"https:\/\/www.europesays.com\/lv\/wp-json\/wp\/v2\/media\/29823"}],"wp:attachment":[{"href":"https:\/\/www.europesays.com\/lv\/wp-json\/wp\/v2\/media?parent=29822"}],"wp:term":[{"taxonomy":"category","embeddable":true,"href":"https:\/\/www.europesays.com\/lv\/wp-json\/wp\/v2\/categories?post=29822"},{"taxonomy":"post_tag","embeddable":true,"href":"https:\/\/www.europesays.com\/lv\/wp-json\/wp\/v2\/tags?post=29822"}],"curies":[{"name":"wp","href":"https:\/\/api.w.org\/{rel}","templated":true}]}}