{"id":29830,"date":"2025-10-24T08:05:10","date_gmt":"2025-10-24T08:05:10","guid":{"rendered":"https:\/\/www.europesays.com\/lv\/29830\/"},"modified":"2025-10-24T08:05:10","modified_gmt":"2025-10-24T08:05:10","slug":"krievijas-kara-lidmasinas-islaicigi-ielido-lietuva","status":"publish","type":"post","link":"https:\/\/www.europesays.com\/lv\/29830\/","title":{"rendered":"Krievijas kara lidma\u0161\u012bnas \u012bslaic\u012bgi ielido Lietuv\u0101"},"content":{"rendered":"<p class=\"descr\">Ceturtdienas vakar\u0101 divas Krievijas milit\u0101r\u0101s lidma\u0161\u012bnas no K\u0113nigsbergas (Kara\u013cau\u010du) ekskl\u0101va puses \u012bslaic\u012bgi p\u0101rk\u0101pu\u0161as Lietuvas gaisa telpu, zi\u0146o Lietuvas armija.<\/p>\n<p>Ap plkst. 18 Gaisa sp\u0113ki net\u0101lu no \u0136\u012bbartiem fiks\u0113ja valsts robe\u017eas <a href=\"https:\/\/nra.lv\/pasaule\/497675-krievijas-robezsardzes-kugis-parkapj-igaunijas-teritorialos-udenus.htm\" data-item-link=\"true\" data-item-id=\"497675\" rel=\"nofollow noopener\" target=\"_blank\">p\u0101rk\u0101pumu<\/a>.<\/p>\n<p>P\u0113c milit\u0101rpersonu sniegt\u0101s inform\u0101cijas, <a href=\"https:\/\/nra.lv\/birka\/krievijas-lidmasinas\/\" target=\"_blank\" rel=\"noopener nofollow\">kara lidma\u0161\u012bna<\/a> Su-30, kas, iesp\u0113jams, veica degvielas uzpildes m\u0101c\u012bbas K\u0113nigsbergas apgabal\u0101, un degvielas uzpildes lidma\u0161\u012bna Il-78 ielidoja Lietuvas teritorij\u0101 aptuveni 700 metru dzi\u013cum\u0101 un izlidoja p\u0113c aptuveni 18 sekun\u017eu uztur\u0113\u0161an\u0101s tur.<\/p>\n<p>Rea\u0123\u0113jot uz incidentu, uz notikuma vietu tika nos\u016bt\u012bti divi Sp\u0101nijas gaisa sp\u0113ku <a href=\"https:\/\/nra.lv\/birka\/iznicinataji\/\" target=\"_blank\" rel=\"noopener nofollow\">izn\u012bcin\u0101t\u0101ji<\/a> &#8220;Eurofighter Typhoon&#8221;, kas veic NATO gaisa patrul\u0113\u0161anas misiju un pa\u0161laik veic gaisa patru\u013cas notikuma viet\u0101, pazi\u0146oja milit\u0101rpersonas.<\/p>\n<p>Lietuvas prezidents <a href=\"https:\/\/nra.lv\/birka\/gitans-nauseda\/\" target=\"_blank\" rel=\"noopener nofollow\">Gitans Naus\u0113da<\/a> nosod\u012bja Krievijas puses darb\u012bbas un pazi\u0146oja, ka t\u0101s ir rupj\u0161 starptautisko ties\u012bbu p\u0101rk\u0101pums. P\u0113c vi\u0146a teikt\u0101, Lietuva nevar nerea\u0123\u0113t uz \u0161o situ\u0101ciju.<\/p>\n<p>&#8220;M\u0113s nosod\u0101m <a href=\"https:\/\/nra.lv\/birka\/krievijas-agresija\/\" target=\"_blank\" rel=\"noopener nofollow\">Krievijas r\u012bc\u012bbu<\/a> un milit\u0101ro lidma\u0161\u012bnu iebrukumu m\u016bsu gaisa telp\u0101. M\u0113s redzam, ka \u0161ie incidenti p\u0113d\u0113j\u0101 laik\u0101 ir pieaugu\u0161i &#8211; ne tikai Lietuv\u0101. Protams, tas ir rupj\u0161 starptautisko ties\u012bbu un m\u016bsu telpas p\u0101rk\u0101pums. M\u0113s nevaram nerea\u0123\u0113t, un vienlaikus tas \u013coti labi atspogu\u013co to jaut\u0101jumu svar\u012bgumu, kurus m\u0113s \u0161odien apsprie\u017eam ES form\u0101t\u0101, un l\u0113mumi, ko m\u0113s pl\u0101nojam pie\u0146emt, noteikti ir v\u0113rsti uz Lietuvas pretgaisa aizsardz\u012bbas stiprin\u0101\u0161anu,&#8221; nor\u0101d\u012bja Naus\u0113da.<\/p>\n<p>P\u0113c vi\u0146a teikt\u0101, \u0100rlietu ministrijai tuv\u0101kaj\u0101 laik\u0101 vajadz\u0113tu izsaukt Krievijas misijas p\u0101rst\u0101vjus un nodot protesta notu.<\/p>\n<p>Premjerministre Inga Ruginiene apliecin\u0101ja, ka situ\u0101cija tiek piln\u012bb\u0101 kontrol\u0113ta.<\/p>\n<p>&#8220;\u0160odien tika re\u0123istr\u0113ts incidents, kad Krievijas milit\u0101r\u0101s lidma\u0161\u012bnas \u012bslaic\u012bgi p\u0101rk\u0101pa <a href=\"https:\/\/nra.lv\/birka\/lietuvas-gaisa-telpa\/\" target=\"_blank\" rel=\"noopener nofollow\">Lietuvas gaisa telpu<\/a> &#8211; t\u0101s tur uztur\u0113j\u0101s maz\u0101k nek\u0101 20 sekundes. V\u0113los jums apliecin\u0101t: situ\u0101cija tiek piln\u012bb\u0101 kontrol\u0113ta,&#8221; sav\u0101 &#8220;Facebook&#8221; kont\u0101 raksta Ruginiene.<\/p>\n<p>&#8220;M\u016bsu dienesti r\u012bkoj\u0101s prec\u012bzi &#8211; divi Sp\u0101nijas gaisa sp\u0113ku izn\u012bcin\u0101t\u0101ji, kas veica <a href=\"https:\/\/nra.lv\/birka\/nato\/\" target=\"_blank\" rel=\"noopener nofollow\">NATO<\/a> gaisa patrul\u0113\u0161anas misiju, pac\u0113l\u0101s gais\u0101, aizlidoja uz p\u0101rk\u0101puma vietu un pa\u0161laik turpina patrul\u0113\u0161anu. \u0160is ir v\u0113l viens piem\u0113rs m\u016bsu dienestu veiksm\u012bgam un koordin\u0113tam darbam,&#8221; vi\u0146a nor\u0101d\u012bja.<\/p>\n<p>Ruginiene uzsv\u0113ra, ka, p\u0101rk\u0101pjot Lietuvas gaisa telpu, Krievija r\u012bkojas k\u0101 <a href=\"https:\/\/nra.lv\/birka\/teroristi\/\" target=\"_blank\" rel=\"noopener nofollow\">teroristiska<\/a> valsts.<\/p>\n<p>&#8220;Lietuva ir dro\u0161\u012bb\u0101. Kop\u0101 ar m\u016bsu sabiedrotajiem m\u0113s aizsarg\u0101sim un aizst\u0101v\u0113sim katru m\u016bsu valsts centimetru,&#8221; pav\u0113st\u012bja premjere.<\/p>\n","protected":false},"excerpt":{"rendered":"Ceturtdienas vakar\u0101 divas Krievijas milit\u0101r\u0101s lidma\u0161\u012bnas no K\u0113nigsbergas (Kara\u013cau\u010du) ekskl\u0101va puses \u012bslaic\u012bgi p\u0101rk\u0101pu\u0161as Lietuvas gaisa telpu, zi\u0146o Lietuvas&hellip;\n","protected":false},"author":2,"featured_media":29831,"comment_status":"","ping_status":"","sticky":false,"template":"","format":"standard","meta":{"footnotes":""},"categories":[14],"tags":[23,57,28,29,32,33,22,30,31,35,39,38,36,37,34,40,20,26,27,24,25,54,55,56,21,58],"class_list":{"0":"post-29830","1":"post","2":"type-post","3":"status-publish","4":"format-standard","5":"has-post-thumbnail","7":"category-zinas-no-arvalstim","8":"tag-aktualitates","9":"tag-arvalstim","10":"tag-breaking-news","11":"tag-breakingnews","12":"tag-featured-news","13":"tag-featurednews","14":"tag-headlines","15":"tag-latest-news","16":"tag-latestnews","17":"tag-latvia","18":"tag-latvian","19":"tag-latviesu","20":"tag-latviesu-valoda","21":"tag-latviesuvaloda","22":"tag-latvija","23":"tag-lv","24":"tag-news","25":"tag-popularakas-zinas","26":"tag-popularakaszinas","27":"tag-top-stories","28":"tag-topstories","29":"tag-world","30":"tag-world-news","31":"tag-worldnews","32":"tag-zinas","33":"tag-zinas-no-arvalstim"},"share_on_mastodon":{"url":"https:\/\/pubeurope.com\/@lv\/115428112720517890","error":""},"_links":{"self":[{"href":"https:\/\/www.europesays.com\/lv\/wp-json\/wp\/v2\/posts\/29830","targetHints":{"allow":["GET"]}}],"collection":[{"href":"https:\/\/www.europesays.com\/lv\/wp-json\/wp\/v2\/posts"}],"about":[{"href":"https:\/\/www.europesays.com\/lv\/wp-json\/wp\/v2\/types\/post"}],"author":[{"embeddable":true,"href":"https:\/\/www.europesays.com\/lv\/wp-json\/wp\/v2\/users\/2"}],"replies":[{"embeddable":true,"href":"https:\/\/www.europesays.com\/lv\/wp-json\/wp\/v2\/comments?post=29830"}],"version-history":[{"count":0,"href":"https:\/\/www.europesays.com\/lv\/wp-json\/wp\/v2\/posts\/29830\/revisions"}],"wp:featuredmedia":[{"embeddable":true,"href":"https:\/\/www.europesays.com\/lv\/wp-json\/wp\/v2\/media\/29831"}],"wp:attachment":[{"href":"https:\/\/www.europesays.com\/lv\/wp-json\/wp\/v2\/media?parent=29830"}],"wp:term":[{"taxonomy":"category","embeddable":true,"href":"https:\/\/www.europesays.com\/lv\/wp-json\/wp\/v2\/categories?post=29830"},{"taxonomy":"post_tag","embeddable":true,"href":"https:\/\/www.europesays.com\/lv\/wp-json\/wp\/v2\/tags?post=29830"}],"curies":[{"name":"wp","href":"https:\/\/api.w.org\/{rel}","templated":true}]}}