{"id":29834,"date":"2025-10-24T08:11:09","date_gmt":"2025-10-24T08:11:09","guid":{"rendered":"https:\/\/www.europesays.com\/lv\/29834\/"},"modified":"2025-10-24T08:11:09","modified_gmt":"2025-10-24T08:11:09","slug":"carlzs-iii-un-pavests-vatikana-jauns-solis-katolu-un-anglikanu-attiecibas","status":"publish","type":"post","link":"https:\/\/www.europesays.com\/lv\/29834\/","title":{"rendered":"\u010c\u0101rlzs III un p\u0101vests Vatik\u0101n\u0101 \u2013 jauns solis kato\u013cu un anglik\u0101\u0146u attiec\u012bb\u0101s"},"content":{"rendered":"<p class=\"descr\">Karalis \u010c\u0101rlzs III k\u013cuvis par pirmo valdo\u0161o Lielbrit\u0101nijas monarhu, kur\u0161 publiski l\u016bdzas kop\u0101 ar p\u0101vestu, kop\u0161 Henrija VIII at\u0161\u0137\u0113l\u0101s no Romas 1534. gad\u0101, raksta \u201cThe Guardian\u201d.<\/p>\n<p>Karalis \u010c\u0101rlzs ir ieg\u0101jis v\u0113stur\u0113, k\u013c\u016bstot par pirmo valdo\u0161o Lielbrit\u0101nijas monarhu, kur\u0161 publiski l\u016bdzis Dievu kop\u0101 ar p\u0101vestu, kop\u0161 Henrija VIII at\u0161\u0137el\u0161an\u0101s no Romas 1534. gad\u0101, un \u0161is notikums tiek uztverts k\u0101 simbolisks solis kato\u013cu un anglik\u0101\u0146u bazn\u012bcu izl\u012bgum\u0101.<\/p>\n<p>Monarhs un vi\u0146a sieva, karaliene Kamilla, pievienoj\u0101s p\u0101vestam Leonam dievkalpojum\u0101 zem Mikeland\u017eelo griestu fresk\u0101m Siksta kapel\u0101 &#8211; tie\u0161i \u0161eit \u0161\u0101 gada maij\u0101 Leo tika iev\u0113l\u0113ts par pirmo p\u0101vestu no ASV, kam uztic\u0113ts gar\u012bgi vad\u012bt 1,4 miljardus kato\u013cu vis\u0101 pasaul\u0113.<\/p>\n<p>76 gadus vecais karalis ierad\u0101s viz\u012bte Vatik\u0101n\u0101 laik\u0101, kad vi\u0146a br\u0101lis, princis Endrj\u016b, piekrita atteikties no Jorkas hercoga titula, ba\u017e\u012bjoties par vi\u0146a attiec\u012bb\u0101m ar nelai\u0137i D\u017eefriju Epst\u012bnu, kas tika noties\u0101ts par seksu\u0101lajiem noziegumiem.<\/p>\n<p>Tom\u0113r karalis \u0161\u0137ita lab\u0101 noska\u0146ojum\u0101. Pirms dievkalpojuma, kad p\u0101vests vi\u0146u sagaid\u012bja Apustuliskaj\u0101 pil\u012b, kur dz\u012bvo p\u0101vests, monarhs nor\u0101d\u012bja uz kamer\u0101m, kas fiks\u0113ja notikumu, un jokoja, ka t\u0101s ir &#8220;past\u0101v\u012bgs apdraud\u0113jums&#8221;. 70 gadus vecais Leo atbild\u0113ja: &#8220;Pie t\u0101 pierod.&#8221;<\/p>\n<p>Dievkalpojums Siksta kapel\u0101, kur\u0101 tika apvienotas kato\u013cu un anglik\u0101\u0146u trad\u012bcijas, s\u0101k\u0101s ar l\u016bg\u0161anu ang\u013cu valod\u0101. Himnas dzied\u0101ja Siksta kapelas kora dal\u012bbnieki un divu karalisko koru vieskora dal\u012bbnieki: Vindzoras pils Sv\u0113t\u0101 D\u017eord\u017ea kapelas koris un Sv\u0113t\u0101 D\u017eeimsa pils Karalisk\u0101s kapelas b\u0113rnu koris.<\/p>\n<p>\u0160\u012b bija pirm\u0101 reize, kad britu monarhs publiski l\u016bdza Dievu kop\u0101 ar p\u0101vestu, kop\u0161 Henrija VIII izrais\u012bt\u0101s \u0161\u0137el\u0161an\u0101s ar kato\u013cu bazn\u012bcu, jo t\u0101 atteic\u0101s anul\u0113t vi\u0146a laul\u012bbu, lai vi\u0146\u0161 var\u0113tu prec\u0113ties ar citu sievieti, un monarhs k\u013cuva par atsevi\u0161\u0137as Anglijas bazn\u012bcas galvu.<\/p>\n<p>Dievkalpojums izpeln\u012bj\u0101s kritiku sabiedr\u012bbas ac\u012bs &#8211; k\u0101ds iev\u0113rojams protestantu gar\u012bdznieks no Zieme\u013c\u012brijas sac\u012bja, ka \u010c\u0101rlzam vajadz\u0113tu atteikties no tro\u0146a, ja vi\u0146\u0161 l\u016bdzas kop\u0101 ar p\u0101vestu. Kails Peislijs, Br\u012bv\u0101s prezbiteri\u0101\u0146u bazn\u012bcas m\u0101c\u012bt\u0101js, sac\u012bja, ka kop\u012bg\u0101s l\u016bg\u0161anas lau\u017e kara\u013ca zv\u0113restu atbalst\u012bt protestantu tic\u012bbu.<\/p>\n<p>\u201cProtestantu tic\u012bba v\u0113sturiski un teolo\u0123iski ir pasaule, kas at\u0161\u0137iras no katolicisma. Es nek\u0101di nesaprotu, k\u0101 vi\u0146\u0161 var iesaist\u012bties \u0161\u0101da veida korporat\u012bv\u0101 dievkalpojum\u0101,\u201d vi\u0146\u0161 teica. Uz jaut\u0101jumu, vai \u010c\u0101rlzam vajadz\u0113tu atteikties no tro\u0146a, Peislijs atbild\u0113ja: \u201cJ\u0101, jo es nedom\u0101ju, ka vi\u0146\u0161 tur savu zv\u0113restu.\u201d<\/p>\n<p>Hendro Munstermans, Vatik\u0101na korespondents N\u012bderlandes laikrakstam \u201cNederlands Dagblad\u201d, sac\u012bja, ka tas ir simbolisks solis abu bazn\u012bcu izl\u012bgum\u0101, kas nopietni aizs\u0101k\u0101s jau 20. gadsimta 60. gados.<\/p>\n<p>\u201cTikai pag\u0101ju\u0161aj\u0101 m\u0113nes\u012b notika svar\u012bga san\u0101ksme, kuras laik\u0101 tika apspriesti daudzi jaut\u0101jumi &#8211; at\u0161\u0137ir\u012bbas starp kato\u013ciem un anglik\u0101\u0146iem nav lielas, un tas tiek apspriests jau kop\u0161 20. gs. se\u0161desmitajiem gadiem,\u201d vi\u0146\u0161 teica. \u201cKara\u013ca viz\u012bte patiesi simboliz\u0113 kop\u012bbu un cie\u0146u.\u201d<\/p>\n<p>\u010c\u0101rlzs un Kamilla p\u0113d\u0113jo reizi Vatik\u0101n\u0101 bija apr\u012bl\u012b, kad valsts viz\u012btes It\u0101lij\u0101 laik\u0101 negaid\u012bti apmekl\u0113ja atvese\u013cojo\u0161os p\u0101vestu Francisku. Francisks nomira v\u0113l\u0101k taj\u0101 pa\u0161\u0101 m\u0113nes\u012b.<\/p>\n<p>\u010c\u0101rlzs v\u0113l\u0113j\u0101s atgriezties pirms 2025. gada beig\u0101m &#8211; \u0161is gads tiek uzskat\u012bts par p\u0101rdomu un gr\u0113ku no\u017e\u0113las periodu, ko kato\u013cu bazn\u012bca organiz\u0113 ik p\u0113c 25 gadiem. Vi\u0146a m\u0101te, nu jau mirus\u012b karaliene Elizabete II, Vatik\u0101nu apmekl\u0113ja 2000. gad\u0101.<\/p>\n<p>Monarhs bija draudz\u012bg\u0101s attiec\u012bb\u0101s ar Francisku un bija ap\u0146\u0113mies tikties ar\u012b ar Leo, ar kuru vi\u0146\u0161 apsprieda mieru, nabadz\u012bbu un vidi.<\/p>\n<p>Jakopo Skaramuci, Vatik\u0101na korespondents laikrakstam \u201cLa Repubblica\u201d, sac\u012bja: &#8220;\u0160\u0137iet, ka <a href=\"https:\/\/nra.lv\/pasaule\/502782-anglijas-karalis-oktobri-apmekles-vatikanu.htm\" data-item-link=\"true\" data-item-id=\"502782\" rel=\"nofollow noopener\" target=\"_blank\">karalis steidz\u0101s tikties ar p\u0101vestu<\/a> vi\u0146a pontifik\u0101ta s\u0101kumposm\u0101 &#8211; un, glu\u017ei pret\u0113ji, man nav iespaida, ka Donalds Tramps v\u0113l\u0113tos tikties tik dr\u012bz.&#8221;<\/p>\n<p>Skaramuci teica, ka konservat\u012bvo kato\u013cu vid\u016b valda ba\u017eas, ka bazn\u012bca k\u013c\u016bs p\u0101r\u0101k draudz\u012bga ar anglik\u0101\u0146iem: &#8220;Vi\u0146i nev\u0113las, lai t\u0101 p\u0101r\u0101k l\u012bdzin\u0101tos anglik\u0101\u0146u bazn\u012bcai, piem\u0113ram, diskusij\u0101s par t\u0101d\u0101m liet\u0101m k\u0101 geju p\u0101ri, geju laul\u012bbas un sievie\u0161u varas p\u0101r\u0146em\u0161ana. Kato\u013cu bazn\u012bca att\u012bst\u0101s, un, lai gan diskusijas par \u0161\u012bm t\u0113m\u0101m notiek, t\u0101s nav eksploz\u012bvas,&#8221; vi\u0146\u0161 teica.<\/p>\n<p>\t\t\t\t\t\tinfo<\/p>\n<p>Uzzini pirmais<br \/>kas interesants noticis Latvij\u0101 un pasaul\u0113,<br \/>pievienojoties mums <a href=\"https:\/\/t.me\/neatkariga\" rel=\"nofollow\">Telegram<\/a> vai <a href=\"https:\/\/whatsapp.com\/channel\/0029VaMLFUH5K3zLU5s4wm3y\" rel=\"nofollow noopener\" target=\"_blank\">Whatsapp<\/a> kan\u0101l\u0101<\/p>\n","protected":false},"excerpt":{"rendered":"Karalis \u010c\u0101rlzs III k\u013cuvis par pirmo valdo\u0161o Lielbrit\u0101nijas monarhu, kur\u0161 publiski l\u016bdzas kop\u0101 ar p\u0101vestu, kop\u0161 Henrija VIII&hellip;\n","protected":false},"author":2,"featured_media":29835,"comment_status":"","ping_status":"","sticky":false,"template":"","format":"standard","meta":{"footnotes":""},"categories":[14],"tags":[23,57,28,29,32,33,22,30,31,35,39,38,36,37,34,40,20,26,27,24,25,54,55,56,21,58],"class_list":{"0":"post-29834","1":"post","2":"type-post","3":"status-publish","4":"format-standard","5":"has-post-thumbnail","7":"category-zinas-no-arvalstim","8":"tag-aktualitates","9":"tag-arvalstim","10":"tag-breaking-news","11":"tag-breakingnews","12":"tag-featured-news","13":"tag-featurednews","14":"tag-headlines","15":"tag-latest-news","16":"tag-latestnews","17":"tag-latvia","18":"tag-latvian","19":"tag-latviesu","20":"tag-latviesu-valoda","21":"tag-latviesuvaloda","22":"tag-latvija","23":"tag-lv","24":"tag-news","25":"tag-popularakas-zinas","26":"tag-popularakaszinas","27":"tag-top-stories","28":"tag-topstories","29":"tag-world","30":"tag-world-news","31":"tag-worldnews","32":"tag-zinas","33":"tag-zinas-no-arvalstim"},"share_on_mastodon":{"url":"https:\/\/pubeurope.com\/@lv\/115428136237101440","error":""},"_links":{"self":[{"href":"https:\/\/www.europesays.com\/lv\/wp-json\/wp\/v2\/posts\/29834","targetHints":{"allow":["GET"]}}],"collection":[{"href":"https:\/\/www.europesays.com\/lv\/wp-json\/wp\/v2\/posts"}],"about":[{"href":"https:\/\/www.europesays.com\/lv\/wp-json\/wp\/v2\/types\/post"}],"author":[{"embeddable":true,"href":"https:\/\/www.europesays.com\/lv\/wp-json\/wp\/v2\/users\/2"}],"replies":[{"embeddable":true,"href":"https:\/\/www.europesays.com\/lv\/wp-json\/wp\/v2\/comments?post=29834"}],"version-history":[{"count":0,"href":"https:\/\/www.europesays.com\/lv\/wp-json\/wp\/v2\/posts\/29834\/revisions"}],"wp:featuredmedia":[{"embeddable":true,"href":"https:\/\/www.europesays.com\/lv\/wp-json\/wp\/v2\/media\/29835"}],"wp:attachment":[{"href":"https:\/\/www.europesays.com\/lv\/wp-json\/wp\/v2\/media?parent=29834"}],"wp:term":[{"taxonomy":"category","embeddable":true,"href":"https:\/\/www.europesays.com\/lv\/wp-json\/wp\/v2\/categories?post=29834"},{"taxonomy":"post_tag","embeddable":true,"href":"https:\/\/www.europesays.com\/lv\/wp-json\/wp\/v2\/tags?post=29834"}],"curies":[{"name":"wp","href":"https:\/\/api.w.org\/{rel}","templated":true}]}}