{"id":29836,"date":"2025-10-24T08:14:08","date_gmt":"2025-10-24T08:14:08","guid":{"rendered":"https:\/\/www.europesays.com\/lv\/29836\/"},"modified":"2025-10-24T08:14:08","modified_gmt":"2025-10-24T08:14:08","slug":"latviesu-dizainere-prezente-japanu-kimono-atdzimsanu","status":"publish","type":"post","link":"https:\/\/www.europesays.com\/lv\/29836\/","title":{"rendered":"Latvie\u0161u dizainere prezent\u0113 jap\u0101\u0146u kimono atdzim\u0161anu"},"content":{"rendered":"<p>Kolekcija sast\u0101v no desmit autentiskiem jap\u0101\u0146u kimono, kas atvesti no Jap\u0101nas lietoto pre\u010du veikaliem un p\u0101rveidoti par unik\u0101liem valk\u0101jamiem m\u0101kslas darbiem. Katrs kimono ir ar rok\u0101m apgleznots un papildin\u0101ts ar p\u0113r\u013cu un met\u0101la deta\u013c\u0101m, ko autore veidojusi pati.<\/p>\n<p>\u201cKatru kimono es gleznoju un p\u0101rveidiju mirk\u013ca iespaid\u0101, vadoties p\u0113c t\u0101 br\u012b\u017ea saj\u016bt\u0101m. Katrs triepiens ir improviz\u0101cija, emocija, kas k\u013c\u016bst par da\u013cu no auduma,\u201d st\u0101sta dizainere Karina Kelle.\u201cREVIV\u00c1 ir par atdzim\u0161anu &#8211; gan materi\u0101lu, gan noz\u012bmes l\u012bmen\u012b. Tas ir saruna starp jap\u0101\u0146u trad\u012bciju un m\u016bsdien\u012bgu Eiropas m\u0101ksliniecisko skat\u012bjumu, starp trad\u012bciju un rebelismu.&#8221;<\/p>\n<p>Kolekcijas prezent\u0101cija tika papildin\u0101ta ar dz\u012bvo performanci, kuras laik\u0101 m\u0101ksliniece skat\u012bt\u0101ju priek\u0161\u0101 gleznoja uz kimono &#8211; \u013caujot auditorijai piedz\u012bvot rad\u012b\u0161anas procesu kl\u0101tien\u0113.<\/p>\n<p>Prezent\u0101cijas laik\u0101 kl\u0101teso\u0161iem viesiem ar\u012b bija iesp\u0113ja apgleznot kimono.<\/p>\n<p>Prezent\u0101ciju apmekl\u0113ja ar\u012b Jap\u0101nas v\u0113stniec\u012bbas p\u0101rst\u0101vji.<\/p>\n<p>REVIV\u00c1 iemieso l\u0113n\u0101s modes (slow fashion) filozofiju, kas v\u0113rsta uz eso\u0161o materi\u0101lu atjauno\u0161anu, rokdarba v\u0113rt\u012bbu un apzin\u0101tu rad\u012b\u0161anas procesu. Projekts ne tikai aktualiz\u0113 ilgtsp\u0113jas t\u0113mu mod\u0113, bet ar\u012b izce\u013c jap\u0101\u0146u kult\u016bras est\u0113tiku un cie\u0146u pret amatniec\u012bbu.<\/p>\n<p>Dizaineres filozofija ir &#8211; mode nav tikai rad\u012bt ko jaunu, bet ar\u012b redz\u0113t potenci\u0101lu un skaisto eksist\u0113jo\u0161\u0101s liet\u0101s. Redz\u0113t potenci\u0101lu un iesp\u0113jas pag\u0101tnes lietas piem\u0113rot m\u016bsdien\u012bgaj\u0101m vajadz\u012bb\u0101m un stilam.<\/p>\n<p>Karina \u0136elle ir latvie\u0161u dizainere un kaligr\u0101fe ar izgl\u012bt\u012bbu Latvijas M\u0101kslas akad\u0113mij\u0101 vizu\u0101l\u0101s komunik\u0101cijas jom\u0101. P\u0113c vair\u0101kiem gadiem rado\u0161aj\u0101 virz\u012bb\u0101 un grafiskaj\u0101 dizain\u0101 vi\u0146a ir att\u012bst\u012bjusi savu unik\u0101lo rokrakstu &#8211; apvienojot kaligr\u0101fiju, modes dizainu un m\u0101kslu vienot\u0101 izpausm\u0113.<\/p>\n","protected":false},"excerpt":{"rendered":"Kolekcija sast\u0101v no desmit autentiskiem jap\u0101\u0146u kimono, kas atvesti no Jap\u0101nas lietoto pre\u010du veikaliem un p\u0101rveidoti par unik\u0101liem&hellip;\n","protected":false},"author":2,"featured_media":29837,"comment_status":"","ping_status":"","sticky":false,"template":"","format":"standard","meta":{"footnotes":""},"categories":[19],"tags":[89,90,35,39,38,36,37,34,40,9131,8281],"class_list":{"0":"post-29836","1":"post","2":"type-post","3":"status-publish","4":"format-standard","5":"has-post-thumbnail","7":"category-izklaide","8":"tag-entertainment","9":"tag-izklaide","10":"tag-latvia","11":"tag-latvian","12":"tag-latviesu","13":"tag-latviesu-valoda","14":"tag-latviesuvaloda","15":"tag-latvija","16":"tag-lv","17":"tag-rfw","18":"tag-rigas-modes-nedela"},"share_on_mastodon":{"url":"https:\/\/pubeurope.com\/@lv\/115428148138668423","error":""},"_links":{"self":[{"href":"https:\/\/www.europesays.com\/lv\/wp-json\/wp\/v2\/posts\/29836","targetHints":{"allow":["GET"]}}],"collection":[{"href":"https:\/\/www.europesays.com\/lv\/wp-json\/wp\/v2\/posts"}],"about":[{"href":"https:\/\/www.europesays.com\/lv\/wp-json\/wp\/v2\/types\/post"}],"author":[{"embeddable":true,"href":"https:\/\/www.europesays.com\/lv\/wp-json\/wp\/v2\/users\/2"}],"replies":[{"embeddable":true,"href":"https:\/\/www.europesays.com\/lv\/wp-json\/wp\/v2\/comments?post=29836"}],"version-history":[{"count":0,"href":"https:\/\/www.europesays.com\/lv\/wp-json\/wp\/v2\/posts\/29836\/revisions"}],"wp:featuredmedia":[{"embeddable":true,"href":"https:\/\/www.europesays.com\/lv\/wp-json\/wp\/v2\/media\/29837"}],"wp:attachment":[{"href":"https:\/\/www.europesays.com\/lv\/wp-json\/wp\/v2\/media?parent=29836"}],"wp:term":[{"taxonomy":"category","embeddable":true,"href":"https:\/\/www.europesays.com\/lv\/wp-json\/wp\/v2\/categories?post=29836"},{"taxonomy":"post_tag","embeddable":true,"href":"https:\/\/www.europesays.com\/lv\/wp-json\/wp\/v2\/tags?post=29836"}],"curies":[{"name":"wp","href":"https:\/\/api.w.org\/{rel}","templated":true}]}}