{"id":29838,"date":"2025-10-24T08:15:08","date_gmt":"2025-10-24T08:15:08","guid":{"rendered":"https:\/\/www.europesays.com\/lv\/29838\/"},"modified":"2025-10-24T08:15:08","modified_gmt":"2025-10-24T08:15:08","slug":"no-azartspelu-skandala-ierauta-bilapsa-rokam-trail-blazers-sturi-parnem-spliters-basketbols-sportacentrs-com","status":"publish","type":"post","link":"https:\/\/www.europesays.com\/lv\/29838\/","title":{"rendered":"No azartsp\u0113\u013cu skand\u0101l\u0101 ieraut\u0101 Bilapsa rok\u0101m &#8220;Trail Blazers&#8221; st\u016bri p\u0101r\u0146em Spliters \u2013 Basketbols \u2013 Sportacentrs.com"},"content":{"rendered":"<p>Komandas l\u012bdz\u0161in\u0113jais galvenais treneris \u010consijs Bilapss iesaist\u012bts pla\u0161a m\u0113roga azartsp\u0113\u013cu skand\u0101l\u0101, kura izmekl\u0113\u0161an\u0101 darbojas pat Feder\u0101lais izmekl\u0113\u0161anas birojs (FIB). T\u0101 rezult\u0101t\u0101 biju\u0161ais sasp\u0113les vad\u012bt\u0101js spiests pamest komandu.<\/p>\n<p>Vi\u0146a viet\u0101 &#8220;Trail Blazers&#8221; vad\u012bs 40 gadus vecais Spliters, kur\u0161 sp\u0113l\u0113t\u0101ja amplu\u0101 NBA pavad\u012bja septi\u0146as sezonas. Tiesa, Spliteram atv\u0113l\u0113ts pagaidu galven\u0101 trenera statuss.<\/p>\n<blockquote class=\"twitter-tweet\">\n<p lang=\"en\" dir=\"ltr\">Portland Trail Blazers assistant Tiago Splitter will assume head coaching position in the interim in place of Chauncey Billups, sources tell ESPN. Nate Bjorkgren was strongly considered by Portland but decided it was best for the franchise for him to maintain his current role. <a href=\"https:\/\/t.co\/bUIzHK9XED\" rel=\"nofollow\">pic.twitter.com\/bUIzHK9XED<\/a><\/p>\n<p>\u2014 Shams Charania (@ShamsCharania) <a href=\"https:\/\/twitter.com\/ShamsCharania\/status\/1981404693881639188?ref_src=twsrc%5Etfw\" rel=\"nofollow noopener\" target=\"_blank\">October 23, 2025<\/a><\/p><\/blockquote>\n<p>2019. gad\u0101 vi\u0146\u0161 trenera karjeru s\u0101ka Bruklinas &#8220;Nets&#8221; vien\u012bb\u0101, pildot galven\u0101 st\u016brma\u0146a Kenija Atkinsona asistenta pien\u0101kumus. Bruklin\u0101 Spliters str\u0101d\u0101ja l\u012bdz pat 2023. gadam, kad uz sezonu pievienoj\u0101s Hj\u016bstonas &#8220;Rockets&#8221; treneru korpusam. Savuk\u0101rt pag\u0101ju\u0161aj\u0101 sezon\u0101 braz\u012blietis vad\u012bja Eirol\u012bgas klubu &#8220;Paris&#8221;.<\/p>\n<p>&#8220;Trail Blazers&#8221; \u0161o sezonu ies\u0101ka ar 114:118 zaud\u0113jumu Minesotas &#8220;Timberwolves&#8221;. Spliters debiju jaunaj\u0101 amat\u0101 piedz\u012bvos agr\u0101 25. oktobra r\u012bt\u0101, kad &#8220;Trail Blazers&#8221; sp\u0113kosies ar Goldensteitas &#8220;Warriors&#8221;.<\/p>\n<p>                    <script async src=\"https:\/\/platform.twitter.com\/widgets.js\" charset=\"utf-8\"><\/script><\/p>\n","protected":false},"excerpt":{"rendered":"Komandas l\u012bdz\u0161in\u0113jais galvenais treneris \u010consijs Bilapss iesaist\u012bts pla\u0161a m\u0113roga azartsp\u0113\u013cu skand\u0101l\u0101, kura izmekl\u0113\u0161an\u0101 darbojas pat Feder\u0101lais izmekl\u0113\u0161anas birojs&hellip;\n","protected":false},"author":2,"featured_media":29839,"comment_status":"","ping_status":"","sticky":false,"template":"","format":"standard","meta":{"footnotes":""},"categories":[17],"tags":[145,35,39,38,36,37,34,40,67],"class_list":{"0":"post-29838","1":"post","2":"type-post","3":"status-publish","4":"format-standard","5":"has-post-thumbnail","7":"category-sports","8":"tag-basketbols","9":"tag-latvia","10":"tag-latvian","11":"tag-latviesu","12":"tag-latviesu-valoda","13":"tag-latviesuvaloda","14":"tag-latvija","15":"tag-lv","16":"tag-sports"},"share_on_mastodon":{"url":"https:\/\/pubeurope.com\/@lv\/115428152041726134","error":""},"_links":{"self":[{"href":"https:\/\/www.europesays.com\/lv\/wp-json\/wp\/v2\/posts\/29838","targetHints":{"allow":["GET"]}}],"collection":[{"href":"https:\/\/www.europesays.com\/lv\/wp-json\/wp\/v2\/posts"}],"about":[{"href":"https:\/\/www.europesays.com\/lv\/wp-json\/wp\/v2\/types\/post"}],"author":[{"embeddable":true,"href":"https:\/\/www.europesays.com\/lv\/wp-json\/wp\/v2\/users\/2"}],"replies":[{"embeddable":true,"href":"https:\/\/www.europesays.com\/lv\/wp-json\/wp\/v2\/comments?post=29838"}],"version-history":[{"count":0,"href":"https:\/\/www.europesays.com\/lv\/wp-json\/wp\/v2\/posts\/29838\/revisions"}],"wp:featuredmedia":[{"embeddable":true,"href":"https:\/\/www.europesays.com\/lv\/wp-json\/wp\/v2\/media\/29839"}],"wp:attachment":[{"href":"https:\/\/www.europesays.com\/lv\/wp-json\/wp\/v2\/media?parent=29838"}],"wp:term":[{"taxonomy":"category","embeddable":true,"href":"https:\/\/www.europesays.com\/lv\/wp-json\/wp\/v2\/categories?post=29838"},{"taxonomy":"post_tag","embeddable":true,"href":"https:\/\/www.europesays.com\/lv\/wp-json\/wp\/v2\/tags?post=29838"}],"curies":[{"name":"wp","href":"https:\/\/api.w.org\/{rel}","templated":true}]}}