{"id":29842,"date":"2025-10-24T08:17:08","date_gmt":"2025-10-24T08:17:08","guid":{"rendered":"https:\/\/www.europesays.com\/lv\/29842\/"},"modified":"2025-10-24T08:17:08","modified_gmt":"2025-10-24T08:17:08","slug":"donalds-tramps-skandalozas-reklamas-del-partrauc-tirdzniecibas-sarunas-ar-kanadu-video","status":"publish","type":"post","link":"https:\/\/www.europesays.com\/lv\/29842\/","title":{"rendered":"Donalds Tramps &#8220;skandalozas&#8221; rekl\u0101mas d\u0113\u013c p\u0101rtrauc tirdzniec\u012bbas sarunas ar Kan\u0101du. VIDEO"},"content":{"rendered":"<p data-end=\"2533\" data-start=\"2167\">Vair\u0101k nek\u0101 tr\u012bs ceturtda\u013cas Kan\u0101das eksporta tiek realiz\u0113tas caur ASV, un katru dienu robe\u017eu \u0161\u0137\u0113rso preces un pakalpojumi aptuveni 2,2 miljonu eiro v\u0113rt\u012bb\u0101.\u00a0Aptuveni 85\u202f% min\u0113to pre\u010du netiek piem\u0113roti muitas tarifi, jo abas valstis joproj\u0101m iev\u0113ro USMCA l\u012bgumu. Tom\u0113r atsevi\u0161\u0137i muitas tarifi, ko jau \u0161obr\u012bd Kan\u0101dai noteikusi ASV vald\u012bba \u2014 tostarp tarifi, kas skar t\u0113rauda, alum\u012bnija un atoma\u0161\u012bnu transportu &#8211; ir smagi sk\u0101ru\u0161i Kan\u0101du, piespie\u017eot daudzus uz\u0146\u0113mumus atlaist darbiniekus. ASV un Kan\u0101dai oktobra beig\u0101s bija paredz\u0113ts vienoties par t\u0113rauda, alum\u012bnija un ener\u0123\u0113tikas tarifiem, tom\u0113r nu \u0161\u012bs sarunas ir pajuku\u0161as.<\/p>\n","protected":false},"excerpt":{"rendered":"Vair\u0101k nek\u0101 tr\u012bs ceturtda\u013cas Kan\u0101das eksporta tiek realiz\u0113tas caur ASV, un katru dienu robe\u017eu \u0161\u0137\u0113rso preces un pakalpojumi&hellip;\n","protected":false},"author":2,"featured_media":29843,"comment_status":"","ping_status":"","sticky":false,"template":"","format":"standard","meta":{"footnotes":""},"categories":[14],"tags":[23,57,28,29,32,33,22,30,31,35,39,38,36,37,34,40,20,26,27,24,25,54,55,56,21,58],"class_list":{"0":"post-29842","1":"post","2":"type-post","3":"status-publish","4":"format-standard","5":"has-post-thumbnail","7":"category-zinas-no-arvalstim","8":"tag-aktualitates","9":"tag-arvalstim","10":"tag-breaking-news","11":"tag-breakingnews","12":"tag-featured-news","13":"tag-featurednews","14":"tag-headlines","15":"tag-latest-news","16":"tag-latestnews","17":"tag-latvia","18":"tag-latvian","19":"tag-latviesu","20":"tag-latviesu-valoda","21":"tag-latviesuvaloda","22":"tag-latvija","23":"tag-lv","24":"tag-news","25":"tag-popularakas-zinas","26":"tag-popularakaszinas","27":"tag-top-stories","28":"tag-topstories","29":"tag-world","30":"tag-world-news","31":"tag-worldnews","32":"tag-zinas","33":"tag-zinas-no-arvalstim"},"share_on_mastodon":{"url":"https:\/\/pubeurope.com\/@lv\/115428159890516220","error":""},"_links":{"self":[{"href":"https:\/\/www.europesays.com\/lv\/wp-json\/wp\/v2\/posts\/29842","targetHints":{"allow":["GET"]}}],"collection":[{"href":"https:\/\/www.europesays.com\/lv\/wp-json\/wp\/v2\/posts"}],"about":[{"href":"https:\/\/www.europesays.com\/lv\/wp-json\/wp\/v2\/types\/post"}],"author":[{"embeddable":true,"href":"https:\/\/www.europesays.com\/lv\/wp-json\/wp\/v2\/users\/2"}],"replies":[{"embeddable":true,"href":"https:\/\/www.europesays.com\/lv\/wp-json\/wp\/v2\/comments?post=29842"}],"version-history":[{"count":0,"href":"https:\/\/www.europesays.com\/lv\/wp-json\/wp\/v2\/posts\/29842\/revisions"}],"wp:featuredmedia":[{"embeddable":true,"href":"https:\/\/www.europesays.com\/lv\/wp-json\/wp\/v2\/media\/29843"}],"wp:attachment":[{"href":"https:\/\/www.europesays.com\/lv\/wp-json\/wp\/v2\/media?parent=29842"}],"wp:term":[{"taxonomy":"category","embeddable":true,"href":"https:\/\/www.europesays.com\/lv\/wp-json\/wp\/v2\/categories?post=29842"},{"taxonomy":"post_tag","embeddable":true,"href":"https:\/\/www.europesays.com\/lv\/wp-json\/wp\/v2\/tags?post=29842"}],"curies":[{"name":"wp","href":"https:\/\/api.w.org\/{rel}","templated":true}]}}