{"id":29850,"date":"2025-10-24T08:23:09","date_gmt":"2025-10-24T08:23:09","guid":{"rendered":"https:\/\/www.europesays.com\/lv\/29850\/"},"modified":"2025-10-24T08:23:09","modified_gmt":"2025-10-24T08:23:09","slug":"inga-springe-publice-2-gadus-vecu-video-un-tadejadi-izskaidro-kas-sobrid-notiek-saeima","status":"publish","type":"post","link":"https:\/\/www.europesays.com\/lv\/29850\/","title":{"rendered":"Inga Spri\u0146\u0123e public\u0113 2 gadus vecu video un t\u0101d\u0113j\u0101di izskaidro, kas \u0161obr\u012bd notiek Saeim\u0101"},"content":{"rendered":"<p>    <img decoding=\"async\" src=\"https:\/\/www.europesays.com\/lv\/wp-content\/uploads\/2025\/10\/Untitled-1500-x-1000-px-2025-10-24T095039.036-1024x683.jpg\" alt=\"&#10;\"\/><\/p>\n<p>\u201c\u0160is nav video no vakardienas Saeimas s\u0113des, bet gan film\u0113ts pirms diviem gadiem. Pirms p\u0113d\u0113j\u0101m Saeimas v\u0113l\u0113\u0161an\u0101m. Tikai \u0161obr\u012bd notiek tie\u0161i tas pats,\u201d soci\u0101laj\u0101 t\u012bkl\u0101 \u201cFacebook\u201d raksta p\u0113tniecisk\u0101 \u017eurn\u0101liste Inga Spri\u0146\u0123e.<\/p>\n<p>        Las\u012bt\u0101kie<br \/>\n        <a data-imagesrc=\"{&quot;300&quot;:&quot;https:\\\/\\\/lastatic.ams3.cdn.digitaloceanspaces.com\\\/2025\\\/10\\\/oul-2-300x200.png&quot;,&quot;1024&quot;:&quot;https:\\\/\\\/lastatic.ams3.cdn.digitaloceanspaces.com\\\/2025\\\/10\\\/oul-2-1024x683.png&quot;,&quot;1536&quot;:&quot;https:\\\/\\\/lastatic.ams3.cdn.digitaloceanspaces.com\\\/2025\\\/10\\\/oul-2-1536x1024.png&quot;,&quot;500&quot;:&quot;https:\\\/\\\/lastatic.ams3.cdn.digitaloceanspaces.com\\\/2025\\\/10\\\/oul-2-500x333.png&quot;,&quot;800&quot;:&quot;https:\\\/\\\/lastatic.ams3.cdn.digitaloceanspaces.com\\\/2025\\\/10\\\/oul-2-800x533.png&quot;,&quot;1800&quot;:&quot;https:\\\/\\\/lastatic.ams3.cdn.digitaloceanspaces.com\\\/2025\\\/10\\\/oul-2.png&quot;}\" data-focuspoint=\"&quot;&quot;\" data-p=\"2445017\" href=\"https:\/\/www.la.lv\/tu-pati-sev-pieliec-klat-gadus-8-ieradumi-kas-liek-sievietem-novecot-atrak\" class=\"content-item lazy-load\" wp_automatic_readability=\"26.5\" rel=\"nofollow noopener\" target=\"_blank\"><\/p>\n<p>                                <img decoding=\"async\" src=\"\" alt=\"\" style=\"\" data-imageid=\"\"\/><\/p>\n<p>\n                                                Tu pati sev pieliec kl\u0101t gadus! 8 ieradumi, kas liek sieviet\u0113m novecot \u0101tr\u0101k\n                            <\/p>\n<p><\/a><a data-imagesrc=\"{&quot;300&quot;:&quot;https:\\\/\\\/lastatic.ams3.cdn.digitaloceanspaces.com\\\/2025\\\/03\\\/20250311_zaf_x99_169-1-300x200.jpg&quot;,&quot;768&quot;:&quot;https:\\\/\\\/lastatic.ams3.cdn.digitaloceanspaces.com\\\/2025\\\/03\\\/20250311_zaf_x99_169-1-768x512.jpg&quot;,&quot;200&quot;:&quot;https:\\\/\\\/lastatic.ams3.cdn.digitaloceanspaces.com\\\/2025\\\/03\\\/20250311_zaf_x99_169-1-200x133.jpg&quot;,&quot;400&quot;:&quot;https:\\\/\\\/lastatic.ams3.cdn.digitaloceanspaces.com\\\/2025\\\/03\\\/20250311_zaf_x99_169-1-400x267.jpg&quot;,&quot;500&quot;:&quot;https:\\\/\\\/lastatic.ams3.cdn.digitaloceanspaces.com\\\/2025\\\/03\\\/20250311_zaf_x99_169-1-500x334.jpg&quot;,&quot;800&quot;:&quot;https:\\\/\\\/lastatic.ams3.cdn.digitaloceanspaces.com\\\/2025\\\/03\\\/20250311_zaf_x99_169-1-800x534.jpg&quot;,&quot;1000&quot;:&quot;https:\\\/\\\/lastatic.ams3.cdn.digitaloceanspaces.com\\\/2025\\\/03\\\/20250311_zaf_x99_169-1.jpg&quot;}\" data-focuspoint=\"&quot;&quot;\" data-p=\"2454685\" href=\"https:\/\/www.la.lv\/ukraini-sauj-pa-maskavu-krievija-zino-ka-piedzivojusi-lielako-uzbrukumu-kops-kara-sakuma-pret-ukrainu\" class=\"content-item lazy-load\" wp_automatic_readability=\"27\" rel=\"nofollow noopener\" target=\"_blank\"><\/p>\n<p>                                <img decoding=\"async\" src=\"\" alt=\"\" style=\"\" data-imageid=\"\"\/><\/p>\n<p>                                TV24<\/p>\n<p>                                            Ukrai\u0146i \u0161auj pa Maskavu! Krievija zi\u0146o, ka piedz\u012bvojusi liel\u0101ko uzbrukumu kop\u0161 kara s\u0101kuma pret Ukrainu\n                            <\/p>\n<p><\/a><a data-imagesrc=\"{&quot;300&quot;:&quot;https:\\\/\\\/lastatic.ams3.cdn.digitaloceanspaces.com\\\/2025\\\/10\\\/Untitled-1500-x-1000-px-2025-10-24T074550.415-300x200.jpg&quot;,&quot;1024&quot;:&quot;https:\\\/\\\/lastatic.ams3.cdn.digitaloceanspaces.com\\\/2025\\\/10\\\/Untitled-1500-x-1000-px-2025-10-24T074550.415-1024x683.jpg&quot;,&quot;500&quot;:&quot;https:\\\/\\\/lastatic.ams3.cdn.digitaloceanspaces.com\\\/2025\\\/10\\\/Untitled-1500-x-1000-px-2025-10-24T074550.415-500x333.jpg&quot;,&quot;800&quot;:&quot;https:\\\/\\\/lastatic.ams3.cdn.digitaloceanspaces.com\\\/2025\\\/10\\\/Untitled-1500-x-1000-px-2025-10-24T074550.415-800x533.jpg&quot;,&quot;1500&quot;:&quot;https:\\\/\\\/lastatic.ams3.cdn.digitaloceanspaces.com\\\/2025\\\/10\\\/Untitled-1500-x-1000-px-2025-10-24T074550.415.jpg&quot;}\" data-focuspoint=\"&quot;&quot;\" data-p=\"2455084\" href=\"https:\/\/www.la.lv\/krievi-atbild-par-ielidosanu-lietuvas-gaisa-telpa-mums-ir-objektivi-pieradijumi\" class=\"content-item lazy-load\" wp_automatic_readability=\"26\" rel=\"nofollow noopener\" target=\"_blank\"><\/p>\n<p>                                <img decoding=\"async\" src=\"\" alt=\"\" style=\"\" data-imageid=\"\"\/><\/p>\n<p>\n                                                Krievi atbild par ielido\u0161anu Lietuvas gaisa telp\u0101: \u201cMums ir objekt\u012bvi pier\u0101d\u012bjumi!\u201d\n                            <\/p>\n<p><\/a><br \/>\n        <a class=\"read-more\" href=\"https:\/\/www.la.lv\/top\" rel=\"nofollow noopener\" target=\"_blank\">Las\u012bt citas zi\u0146as<\/a><\/p>\n<p>\u201cJa ar\u012b tu neseko akt\u012bvi l\u012bdzi tam, kas notiek Saeim\u0101 un ko zi\u0146o Beata Jonite, noteikti esi vismaz dzird\u0113jusi, ka opoz\u012bcijas politi\u0137i v\u0113las atcelt pretvardarb\u012bbas konvenciju.<\/p>\n<p>Es nerun\u0101\u0161u par to, vai mums to vajag (vajag), bet gan k\u0101d\u0113\u013c \u0160lesera partijas cilv\u0113ki to dara. L\u012bdz Saeimas v\u0113l\u0113\u0161an\u0101m n\u0101kamgad tu tagad redz\u0113si daudzus \u0161\u0101dus ierosin\u0101jumus. \u0160is ir tikai s\u0101kums.<\/p>\n<p>K\u0101d\u0113\u013c t\u0101 notiek? <\/p>\n<p>    CITI \u0160OBR\u012aD LASA<\/p>\n<p>1. Vi\u0146i apzin\u0101ti pace\u013c \u201cv\u0113rt\u012bbu\u201d jaut\u0101jumus, jo tie rada emocijas, dusmas. T\u0101 vi\u0146i aktiviz\u0113 savus v\u0113l\u0113t\u0101jus.<\/p>\n<p>2. \u0160\u012bs t\u0113mas ir popul\u0101ras soci\u0101lajos medijos, par t\u0101m run\u0101 ab\u0101s pus\u0113s \u2013 gan populisti, gan liber\u0101\u013ci, kas m\u0113\u0123ina aizst\u0101v\u0113ties.<\/p>\n<p>3. Soci\u0101lie mediji daudz vair\u0101k izce\u013c \u0161\u0101du saturu \u2013 emocion\u0101lu, negat\u012bvu. Soci\u0101lo mediju m\u0113r\u0137is ir, lai cilv\u0113ki tur pavad\u012btu vair\u0101k laika. <\/p>\n<p>Jo t\u0101 \u0161is bizness pelna naudu. Vair\u0101k ieg\u016bst no rekl\u0101m\u0101m. \u0160is ir fragments no Re:Baltica \u201c\u0160\u0137el\u0161an\u0101s\u201d s\u0113rijas, ko tais\u012bj\u0101m pirms iepriek\u0161\u0113j\u0101m Saeimas v\u0113l\u0113\u0161an\u0101m.<\/p>\n<p>\u0160obr\u012bd notiek viss tie\u0161i tas pats. Pat t\u0113mas tiek \u201cpaceltas\u201d t\u0101s pa\u0161as. Ja \u0160lesera cilv\u0113kiem tie\u0161\u0101m interes\u0113tu Konvencija, k\u0101d\u0113\u013c vi\u0146i par to run\u0101 tikaipirms v\u0113l\u0113\u0161an\u0101m? Jo zina, ka t\u0101 ieg\u016bs sev uzman\u012bbu.<\/p>\n<p>Ielieku saitu uz filmas s\u0113riju koment\u0101ros. To vari atrast Re:Baltica YouTube kont\u0101. \u0160\u012b ir konkr\u0113ti 4.s\u0113rija. Film\u0101 paskaties ar\u012b 22:00 min\u016bti. Tur labi redzams, k\u0101 M.Arma\u0146eva izdom\u0101 jaunus maldus par B\u0113rnu slimn\u012bcu.<\/p>\n<p>\u012asum\u0101: uzmanies! N\u0101k v\u0113l\u0113\u0161anas. Lai ieg\u016btu m\u016bsu uzman\u012bbu, politi\u0137i manipul\u0113s ar m\u016bsu saj\u016bt\u0101m. Ja j\u016bties emocion\u0101li slikti, tas ir pirmais sarkanais sign\u0101ls, ka ar tevi, iesp\u0113jams, manipul\u0113.<\/p>\n<p>Pirms iesaisties konkr\u0113tu t\u0113mu apsprie\u0161an\u0101, padom\u0101 \u2013 k\u0101d\u0113\u013c politi\u0137i par \u0161o run\u0101? K\u0101d\u0113\u013c tie\u0161i tagad? Tas nenoz\u012bm\u0113, ka \u0161\u012bs t\u0113mas nav svar\u012bgas. Ir, un katrs var izteikt viedokli. Bet jaut\u0101jums, vai politi\u0137is v\u0113las p\u0113c b\u016bt\u012bbas risin\u0101t konkr\u0113to t\u0113mu, vai ar\u012b sav\u0101kt sev vair\u0101k \u201clike\u201d un \u201cshare\u201d soci\u0101lajos medijos. Vai vi\u0146\u0161\/vi\u0146a ir #klik\u0161\u0137uPoliti\u0137is? <\/p>\n<p>T\u0113mas<\/p>\n<p>    SAIST\u012aTIE RAKSTI<\/p>\n","protected":false},"excerpt":{"rendered":"\u201c\u0160is nav video no vakardienas Saeimas s\u0113des, bet gan film\u0113ts pirms diviem gadiem. Pirms p\u0113d\u0113j\u0101m Saeimas v\u0113l\u0113\u0161an\u0101m. Tikai&hellip;\n","protected":false},"author":2,"featured_media":29851,"comment_status":"","ping_status":"","sticky":false,"template":"","format":"standard","meta":{"footnotes":""},"categories":[14],"tags":[23,57,28,29,32,33,22,30,31,35,39,38,36,37,34,40,20,26,27,24,25,54,55,56,21,58],"class_list":{"0":"post-29850","1":"post","2":"type-post","3":"status-publish","4":"format-standard","5":"has-post-thumbnail","7":"category-zinas-no-arvalstim","8":"tag-aktualitates","9":"tag-arvalstim","10":"tag-breaking-news","11":"tag-breakingnews","12":"tag-featured-news","13":"tag-featurednews","14":"tag-headlines","15":"tag-latest-news","16":"tag-latestnews","17":"tag-latvia","18":"tag-latvian","19":"tag-latviesu","20":"tag-latviesu-valoda","21":"tag-latviesuvaloda","22":"tag-latvija","23":"tag-lv","24":"tag-news","25":"tag-popularakas-zinas","26":"tag-popularakaszinas","27":"tag-top-stories","28":"tag-topstories","29":"tag-world","30":"tag-world-news","31":"tag-worldnews","32":"tag-zinas","33":"tag-zinas-no-arvalstim"},"share_on_mastodon":{"url":"https:\/\/pubeurope.com\/@lv\/115428183675381467","error":""},"_links":{"self":[{"href":"https:\/\/www.europesays.com\/lv\/wp-json\/wp\/v2\/posts\/29850","targetHints":{"allow":["GET"]}}],"collection":[{"href":"https:\/\/www.europesays.com\/lv\/wp-json\/wp\/v2\/posts"}],"about":[{"href":"https:\/\/www.europesays.com\/lv\/wp-json\/wp\/v2\/types\/post"}],"author":[{"embeddable":true,"href":"https:\/\/www.europesays.com\/lv\/wp-json\/wp\/v2\/users\/2"}],"replies":[{"embeddable":true,"href":"https:\/\/www.europesays.com\/lv\/wp-json\/wp\/v2\/comments?post=29850"}],"version-history":[{"count":0,"href":"https:\/\/www.europesays.com\/lv\/wp-json\/wp\/v2\/posts\/29850\/revisions"}],"wp:featuredmedia":[{"embeddable":true,"href":"https:\/\/www.europesays.com\/lv\/wp-json\/wp\/v2\/media\/29851"}],"wp:attachment":[{"href":"https:\/\/www.europesays.com\/lv\/wp-json\/wp\/v2\/media?parent=29850"}],"wp:term":[{"taxonomy":"category","embeddable":true,"href":"https:\/\/www.europesays.com\/lv\/wp-json\/wp\/v2\/categories?post=29850"},{"taxonomy":"post_tag","embeddable":true,"href":"https:\/\/www.europesays.com\/lv\/wp-json\/wp\/v2\/tags?post=29850"}],"curies":[{"name":"wp","href":"https:\/\/api.w.org\/{rel}","templated":true}]}}