{"id":29852,"date":"2025-10-24T08:24:08","date_gmt":"2025-10-24T08:24:08","guid":{"rendered":"https:\/\/www.europesays.com\/lv\/29852\/"},"modified":"2025-10-24T08:24:08","modified_gmt":"2025-10-24T08:24:08","slug":"lietus-sniegs-sals-sinoptiki-atklaj-kads-laiks-gaidams-lidz-menesa-beigam","status":"publish","type":"post","link":"https:\/\/www.europesays.com\/lv\/29852\/","title":{"rendered":"Lietus, sniegs, sals? Sinopti\u0137i atkl\u0101j, k\u0101ds laiks gaid\u0101ms l\u012bdz m\u0113ne\u0161a beig\u0101m"},"content":{"rendered":"<p>    <img decoding=\"async\" src=\"https:\/\/www.europesays.com\/lv\/wp-content\/uploads\/2025\/10\/LET_20864006-1-800x512.jpg\" alt=\"&#10;Ilustrat\u012bvs foto.&#10;\"\/><\/p>\n<p>Ilustrat\u012bvs foto.<\/p>\n<p>Foto: Zane Bitere\/LETA\n<\/p>\n<p>Oktobra p\u0113d\u0113j\u0101s septi\u0146\u0101s dien\u0101s Latvij\u0101 palaikam l\u012bs, visvair\u0101k nokri\u0161\u0146u b\u016bs sestdien, un saule uzsp\u012bd\u0113s reti, prognoz\u0113 sinopti\u0137i.<\/p>\n<p>        Las\u012bt\u0101kie<br \/>\n        <a data-imagesrc=\"{&quot;300&quot;:&quot;https:\\\/\\\/lastatic.ams3.cdn.digitaloceanspaces.com\\\/2025\\\/10\\\/oul-2-300x200.png&quot;,&quot;1024&quot;:&quot;https:\\\/\\\/lastatic.ams3.cdn.digitaloceanspaces.com\\\/2025\\\/10\\\/oul-2-1024x683.png&quot;,&quot;1536&quot;:&quot;https:\\\/\\\/lastatic.ams3.cdn.digitaloceanspaces.com\\\/2025\\\/10\\\/oul-2-1536x1024.png&quot;,&quot;500&quot;:&quot;https:\\\/\\\/lastatic.ams3.cdn.digitaloceanspaces.com\\\/2025\\\/10\\\/oul-2-500x333.png&quot;,&quot;800&quot;:&quot;https:\\\/\\\/lastatic.ams3.cdn.digitaloceanspaces.com\\\/2025\\\/10\\\/oul-2-800x533.png&quot;,&quot;1800&quot;:&quot;https:\\\/\\\/lastatic.ams3.cdn.digitaloceanspaces.com\\\/2025\\\/10\\\/oul-2.png&quot;}\" data-focuspoint=\"&quot;&quot;\" data-p=\"2445017\" href=\"https:\/\/www.la.lv\/tu-pati-sev-pieliec-klat-gadus-8-ieradumi-kas-liek-sievietem-novecot-atrak\" class=\"content-item lazy-load\" wp_automatic_readability=\"1.5\" rel=\"nofollow noopener\" target=\"_blank\"><\/p>\n<p>                                <img decoding=\"async\" src=\"\" alt=\"\" style=\"\" data-imageid=\"\"\/><\/p>\n<p>\n                                                Tu pati sev pieliec kl\u0101t gadus! 8 ieradumi, kas liek sieviet\u0113m novecot \u0101tr\u0101k\n                            <\/p>\n<p><\/a><a data-imagesrc=\"{&quot;300&quot;:&quot;https:\\\/\\\/lastatic.ams3.cdn.digitaloceanspaces.com\\\/2025\\\/03\\\/20250311_zaf_x99_169-1-300x200.jpg&quot;,&quot;768&quot;:&quot;https:\\\/\\\/lastatic.ams3.cdn.digitaloceanspaces.com\\\/2025\\\/03\\\/20250311_zaf_x99_169-1-768x512.jpg&quot;,&quot;200&quot;:&quot;https:\\\/\\\/lastatic.ams3.cdn.digitaloceanspaces.com\\\/2025\\\/03\\\/20250311_zaf_x99_169-1-200x133.jpg&quot;,&quot;400&quot;:&quot;https:\\\/\\\/lastatic.ams3.cdn.digitaloceanspaces.com\\\/2025\\\/03\\\/20250311_zaf_x99_169-1-400x267.jpg&quot;,&quot;500&quot;:&quot;https:\\\/\\\/lastatic.ams3.cdn.digitaloceanspaces.com\\\/2025\\\/03\\\/20250311_zaf_x99_169-1-500x334.jpg&quot;,&quot;800&quot;:&quot;https:\\\/\\\/lastatic.ams3.cdn.digitaloceanspaces.com\\\/2025\\\/03\\\/20250311_zaf_x99_169-1-800x534.jpg&quot;,&quot;1000&quot;:&quot;https:\\\/\\\/lastatic.ams3.cdn.digitaloceanspaces.com\\\/2025\\\/03\\\/20250311_zaf_x99_169-1.jpg&quot;}\" data-focuspoint=\"&quot;&quot;\" data-p=\"2454685\" href=\"https:\/\/www.la.lv\/ukraini-sauj-pa-maskavu-krievija-zino-ka-piedzivojusi-lielako-uzbrukumu-kops-kara-sakuma-pret-ukrainu\" class=\"content-item lazy-load\" wp_automatic_readability=\"2\" rel=\"nofollow noopener\" target=\"_blank\"><\/p>\n<p>                                <img decoding=\"async\" src=\"\" alt=\"\" style=\"\" data-imageid=\"\"\/><\/p>\n<p>                                TV24<\/p>\n<p>                                            Ukrai\u0146i \u0161auj pa Maskavu! Krievija zi\u0146o, ka piedz\u012bvojusi liel\u0101ko uzbrukumu kop\u0161 kara s\u0101kuma pret Ukrainu\n                            <\/p>\n<p><\/a><a data-imagesrc=\"{&quot;300&quot;:&quot;https:\\\/\\\/lastatic.ams3.cdn.digitaloceanspaces.com\\\/2025\\\/10\\\/png-13-300x200.png&quot;,&quot;1024&quot;:&quot;https:\\\/\\\/lastatic.ams3.cdn.digitaloceanspaces.com\\\/2025\\\/10\\\/png-13-1024x683.png&quot;,&quot;1536&quot;:&quot;https:\\\/\\\/lastatic.ams3.cdn.digitaloceanspaces.com\\\/2025\\\/10\\\/png-13-1536x1024.png&quot;,&quot;500&quot;:&quot;https:\\\/\\\/lastatic.ams3.cdn.digitaloceanspaces.com\\\/2025\\\/10\\\/png-13-500x333.png&quot;,&quot;800&quot;:&quot;https:\\\/\\\/lastatic.ams3.cdn.digitaloceanspaces.com\\\/2025\\\/10\\\/png-13-800x533.png&quot;,&quot;1800&quot;:&quot;https:\\\/\\\/lastatic.ams3.cdn.digitaloceanspaces.com\\\/2025\\\/10\\\/png-13.png&quot;}\" data-focuspoint=\"&quot;&quot;\" data-p=\"2455026\" href=\"https:\/\/www.la.lv\/mes-nevaram-nereaget-divas-krievijas-militaras-lidmasinas-parkapusas-lietuvas-gaisa-telpu\" class=\"content-item lazy-load\" wp_automatic_readability=\"1.5\" rel=\"nofollow noopener\" target=\"_blank\"><\/p>\n<p>                                <img decoding=\"async\" src=\"\" alt=\"\" style=\"\" data-imageid=\"\"\/><\/p>\n<p>\n                                                \u201cM\u0113s nevaram nerea\u0123\u0113t!\u201d Divas Krievijas milit\u0101r\u0101s lidma\u0161\u012bnas p\u0101rk\u0101pu\u0161as Lietuvas gaisa telpu<br \/>\n                                    206\n                            <\/p>\n<p><\/a><br \/>\n        <a class=\"read-more\" href=\"https:\/\/www.la.lv\/top\" rel=\"nofollow noopener\" target=\"_blank\">Las\u012bt citas zi\u0146as<\/a><\/p>\n<p>Sestdien, 25. oktobr\u012b, debesis kl\u0101s bieza m\u0101ko\u0146u sega, gaid\u0101ms lietus, valsts rietumu un centr\u0101laj\u0101 da\u013c\u0101 l\u012bs ilgsto\u0161i, viet\u0101m ar\u012b stipri \u2013 nokri\u0161\u0146u daudzums var sasniegt 30 milimetrus. Sp\u0113c\u012bg\u0101s lietavas skars ar\u012b galvaspils\u0113tu. Gaisa temperat\u016bra nakt\u012b un dien\u0101 b\u016bs +8..+12 gr\u0101di.<\/p>\n<p>Sv\u0113tdien un pirmdien b\u016bs m\u0101ko\u0146ains laiks, kas da\u017ebr\u012bd skaidrosies. Daudzviet gaid\u0101ms lietus. V\u0113j\u0161 l\u0113ni l\u012bdz m\u0113reni stipri p\u016bt\u012bs no dienvidu puses. Gaisa temperat\u016bra sv\u0101rst\u012bsies starp +1 un +11 gr\u0101diem.<\/p>\n<p>    CITI \u0160OBR\u012aD LASA<\/p>\n<p>Ar\u012b turpm\u0101kaj\u0101s dien\u0101s br\u012b\u017eiem l\u012bs, gaisa temperat\u016bra daudz nemain\u012bsies.<\/p>\n<p>Saska\u0146\u0101 ar Eiropas Vid\u0113ja termi\u0146a laika progno\u017eu centra datiem novembris Latvij\u0101 gaid\u0101ms silt\u0101ks nek\u0101 ierasts, nokri\u0161\u0146u daudzums var\u0113tu b\u016bt nedaudz liel\u0101ks par normu.<\/p>\n<p>T\u0113mas<\/p>\n<p>    SAIST\u012aTIE RAKSTI<\/p>\n","protected":false},"excerpt":{"rendered":"Ilustrat\u012bvs foto. Foto: Zane Bitere\/LETA Oktobra p\u0113d\u0113j\u0101s septi\u0146\u0101s dien\u0101s Latvij\u0101 palaikam l\u012bs, visvair\u0101k nokri\u0161\u0146u b\u016bs sestdien, un saule&hellip;\n","protected":false},"author":2,"featured_media":29853,"comment_status":"","ping_status":"","sticky":false,"template":"","format":"standard","meta":{"footnotes":""},"categories":[12],"tags":[23,28,29,32,33,22,30,31,35,39,38,36,37,34,40,20,26,27,24,25,21],"class_list":{"0":"post-29852","1":"post","2":"type-post","3":"status-publish","4":"format-standard","5":"has-post-thumbnail","7":"category-latvija","8":"tag-aktualitates","9":"tag-breaking-news","10":"tag-breakingnews","11":"tag-featured-news","12":"tag-featurednews","13":"tag-headlines","14":"tag-latest-news","15":"tag-latestnews","16":"tag-latvia","17":"tag-latvian","18":"tag-latviesu","19":"tag-latviesu-valoda","20":"tag-latviesuvaloda","21":"tag-latvija","22":"tag-lv","23":"tag-news","24":"tag-popularakas-zinas","25":"tag-popularakaszinas","26":"tag-top-stories","27":"tag-topstories","28":"tag-zinas"},"share_on_mastodon":{"url":"https:\/\/pubeurope.com\/@lv\/115428187371130714","error":""},"_links":{"self":[{"href":"https:\/\/www.europesays.com\/lv\/wp-json\/wp\/v2\/posts\/29852","targetHints":{"allow":["GET"]}}],"collection":[{"href":"https:\/\/www.europesays.com\/lv\/wp-json\/wp\/v2\/posts"}],"about":[{"href":"https:\/\/www.europesays.com\/lv\/wp-json\/wp\/v2\/types\/post"}],"author":[{"embeddable":true,"href":"https:\/\/www.europesays.com\/lv\/wp-json\/wp\/v2\/users\/2"}],"replies":[{"embeddable":true,"href":"https:\/\/www.europesays.com\/lv\/wp-json\/wp\/v2\/comments?post=29852"}],"version-history":[{"count":0,"href":"https:\/\/www.europesays.com\/lv\/wp-json\/wp\/v2\/posts\/29852\/revisions"}],"wp:featuredmedia":[{"embeddable":true,"href":"https:\/\/www.europesays.com\/lv\/wp-json\/wp\/v2\/media\/29853"}],"wp:attachment":[{"href":"https:\/\/www.europesays.com\/lv\/wp-json\/wp\/v2\/media?parent=29852"}],"wp:term":[{"taxonomy":"category","embeddable":true,"href":"https:\/\/www.europesays.com\/lv\/wp-json\/wp\/v2\/categories?post=29852"},{"taxonomy":"post_tag","embeddable":true,"href":"https:\/\/www.europesays.com\/lv\/wp-json\/wp\/v2\/tags?post=29852"}],"curies":[{"name":"wp","href":"https:\/\/api.w.org\/{rel}","templated":true}]}}