{"id":29860,"date":"2025-10-24T08:29:13","date_gmt":"2025-10-24T08:29:13","guid":{"rendered":"https:\/\/www.europesays.com\/lv\/29860\/"},"modified":"2025-10-24T08:29:13","modified_gmt":"2025-10-24T08:29:13","slug":"asv-uzbruk-diviem-narkotiku-kugiem-klusaja-okeana","status":"publish","type":"post","link":"https:\/\/www.europesays.com\/lv\/29860\/","title":{"rendered":"ASV uzbr\u016bk diviem narkotiku ku\u0123iem Klusaj\u0101 oke\u0101n\u0101"},"content":{"rendered":"<p>ASV bru\u0146otie sp\u0113ki ir uzbruku\u0161i diviem narkotiku p\u0101rvad\u0101\u0161anas ku\u0123iem Klus\u0101 oke\u0101na austrumda\u013c\u0101, nogalinot piecus cilv\u0113kus, tre\u0161dien pazi\u0146oja ASV aizsardz\u012bbas ministrs P\u012bts Hegsets.<\/p>\n<p>Pirmais uzbrukums noticis otrdien, un taj\u0101 nogalin\u0101ti divi cilv\u0113ki. Otraj\u0101 uzbrukum\u0101 tre\u0161dien nogalin\u0101ti tr\u012bs cilv\u0113ki, sac\u012bja Hegsets.<\/p>\n<p>Pirms tam ASV kop\u0161 septembra bija sar\u012bkoju\u0161as septi\u0146us uzbrukumus narkotiku ku\u0123iem Kar\u012bbu j\u016br\u0101, nogalinot 32 cilv\u0113kus.<\/p>\n<p>Jaunie triecieni noz\u012bm\u0113, ka ASV bru\u0146otie sp\u0113ki papla\u0161ina savas pretnarkotiku kampa\u0146as are\u0101lu, s\u0101kot to \u012bstenot ar\u012b Dienvidamerikas piekrastes \u016bde\u0146os, kur tiek neleg\u0101li p\u0101rvad\u0101ta liela da\u013ca no Kolumbij\u0101 un cit\u0101s valst\u012bs sara\u017eot\u0101 koka\u012bna.<\/p>\n<p>Hegsets savos pazi\u0146ojumos soci\u0101lajos medijos ar\u012b tie\u0161i sal\u012bdzin\u0101ja ASV prezidenta Donalda Trampa s\u0101kto narkotiku kontrabandas apkaro\u0161anas kampa\u0146u ar pretterorisma karu, kuru ASV izsludin\u0101ja p\u0113c 2001. gada 11. septembra teroraktiem.<\/p>\n<p>&#8220;T\u0101pat k\u0101 &#8220;Al Qaeda&#8221; karoja pret m\u016bsu dzimteni, \u0161ie karte\u013ci karo pret m\u016bsu robe\u017eu un m\u016bsu tautu,&#8221; sac\u012bja Hegsets, piebilstot, ka &#8220;neb\u016bs nek\u0101da patv\u0113ruma vai piedo\u0161anas &#8211; tikai taisn\u012bgums&#8221;.<\/p>\n<p>Vi\u0146\u0161 ar\u012b nosauca narkotiku p\u0101rvad\u0101t\u0101jus par &#8220;m\u016bsu puslodes &#8220;Al Qaeda&#8221;&#8221;. Amerika atrodas rietumu puslod\u0113.<\/p>\n<p>Tramps ir pamatojis triecienus narkotiku ku\u0123iem, apgalvojot, ka ASV ir iesaist\u012btas &#8220;bru\u0146ot\u0101 konflikt\u0101&#8221; ar narkotiku karte\u013ciem, un pasludinot \u0161\u012bs noziedz\u012bg\u0101s organiz\u0101cijas par nelikum\u012bgiem karadarb\u012bbas dal\u012bbniekiem.<\/p>\n<p>Tramps ar\u012b izteicies, ka ASV var\u0113tu veikt l\u012bdz\u012bgus triecienus ar\u012b uz sauszemes.<\/p>\n<p><img decoding=\"async\" src=\"https:\/\/www.europesays.com\/lv\/wp-content\/uploads\/2025\/10\/2292fce1a4b7c0288ad95be7ad1f90ad.jpg\" title=\"ASV milit\u0101rais ku\u0123is. Foto: EPA\/BIENVENIDO VELASCO\/Scanpix\" alt=\"ASV milit\u0101rais ku\u0123is. Foto: EPA\/BIENVENIDO VELASCO\/Scanpix\"\/><\/p>\n<p class=\"article-img-desc\">ASV milit\u0101rais ku\u0123is. Foto: EPA\/BIENVENIDO VELASCO\/Scanpix<\/p>\n","protected":false},"excerpt":{"rendered":"ASV bru\u0146otie sp\u0113ki ir uzbruku\u0161i diviem narkotiku p\u0101rvad\u0101\u0161anas ku\u0123iem Klus\u0101 oke\u0101na austrumda\u013c\u0101, nogalinot piecus cilv\u0113kus, tre\u0161dien pazi\u0146oja ASV&hellip;\n","protected":false},"author":2,"featured_media":29861,"comment_status":"","ping_status":"","sticky":false,"template":"","format":"standard","meta":{"footnotes":""},"categories":[14],"tags":[129,957,23,57,28,29,32,33,22,30,31,35,39,38,36,37,34,40,20,26,27,958,959,24,25,54,55,56,21,58],"class_list":{"0":"post-29860","1":"post","2":"type-post","3":"status-publish","4":"format-standard","5":"has-post-thumbnail","7":"category-zinas-no-arvalstim","8":"tag-__typenameadvicekeyword","9":"tag-id597","10":"tag-aktualitates","11":"tag-arvalstim","12":"tag-breaking-news","13":"tag-breakingnews","14":"tag-featured-news","15":"tag-featurednews","16":"tag-headlines","17":"tag-latest-news","18":"tag-latestnews","19":"tag-latvia","20":"tag-latvian","21":"tag-latviesu","22":"tag-latviesu-valoda","23":"tag-latviesuvaloda","24":"tag-latvija","25":"tag-lv","26":"tag-news","27":"tag-popularakas-zinas","28":"tag-popularakaszinas","29":"tag-slugasv","30":"tag-titleasv","31":"tag-top-stories","32":"tag-topstories","33":"tag-world","34":"tag-world-news","35":"tag-worldnews","36":"tag-zinas","37":"tag-zinas-no-arvalstim"},"share_on_mastodon":{"url":"https:\/\/pubeurope.com\/@lv\/115428207201377912","error":""},"_links":{"self":[{"href":"https:\/\/www.europesays.com\/lv\/wp-json\/wp\/v2\/posts\/29860","targetHints":{"allow":["GET"]}}],"collection":[{"href":"https:\/\/www.europesays.com\/lv\/wp-json\/wp\/v2\/posts"}],"about":[{"href":"https:\/\/www.europesays.com\/lv\/wp-json\/wp\/v2\/types\/post"}],"author":[{"embeddable":true,"href":"https:\/\/www.europesays.com\/lv\/wp-json\/wp\/v2\/users\/2"}],"replies":[{"embeddable":true,"href":"https:\/\/www.europesays.com\/lv\/wp-json\/wp\/v2\/comments?post=29860"}],"version-history":[{"count":0,"href":"https:\/\/www.europesays.com\/lv\/wp-json\/wp\/v2\/posts\/29860\/revisions"}],"wp:featuredmedia":[{"embeddable":true,"href":"https:\/\/www.europesays.com\/lv\/wp-json\/wp\/v2\/media\/29861"}],"wp:attachment":[{"href":"https:\/\/www.europesays.com\/lv\/wp-json\/wp\/v2\/media?parent=29860"}],"wp:term":[{"taxonomy":"category","embeddable":true,"href":"https:\/\/www.europesays.com\/lv\/wp-json\/wp\/v2\/categories?post=29860"},{"taxonomy":"post_tag","embeddable":true,"href":"https:\/\/www.europesays.com\/lv\/wp-json\/wp\/v2\/tags?post=29860"}],"curies":[{"name":"wp","href":"https:\/\/api.w.org\/{rel}","templated":true}]}}