{"id":29879,"date":"2025-10-24T08:42:09","date_gmt":"2025-10-24T08:42:09","guid":{"rendered":"https:\/\/www.europesays.com\/lv\/29879\/"},"modified":"2025-10-24T08:42:09","modified_gmt":"2025-10-24T08:42:09","slug":"gribetos-lai-sabiedriba-pienemtu-principu-ka-gramatu-lasisana-ir-stiliga-lr1-latvijas-radio","status":"publish","type":"post","link":"https:\/\/www.europesays.com\/lv\/29879\/","title":{"rendered":"Grib\u0113tos, lai sabiedr\u012bba pie\u0146emtu principu, ka gr\u0101matu las\u012b\u0161ana ir stil\u012bga \/ LR1 \/ \/ Latvijas Radio"},"content":{"rendered":"<p><a href=\"https:\/\/mapp.latvijasradio.lv\/shared-broadcast?b=132&amp;url=http:\/\/latvijasradio.lsm.lv\/lv\/lr1\/raidijumi\/kulturas-rondo\/\" target=\"_blank\" rel=\"nofollow noopener\"><img decoding=\"async\" alt=\"Latvijas Radio lietotnes logo\" src=\"https:\/\/www.europesays.com\/lv\/wp-content\/uploads\/2025\/10\/1761295329_896_LR_pod poga.png\" style=\"width: 140px; height: 38px;\"\/><\/a><\/p>\n<p>Las\u012b\u0161anas noz\u012bme digit\u0101laj\u0101 kult\u016br\u0101 &#8211; Kult\u016bras rondo studij\u0101 pirms starptautisk\u0101 simpozija R\u012bgas Gr\u0101matu sv\u0113tkos izvaic\u0101jam Latvijas Universit\u0101tes profesori Zandu Rubeni. Vi\u0146a uzskata, druk\u0101tas gr\u0101matas form\u0101ts pamaz\u0101m k\u013c\u016bst par t\u0101du k\u0101 intelektu\u0101lo ekstru.<\/p>\n<p>Pirms br\u012b\u017ea Latvijas Nacion\u0101laj\u0101 bibliot\u0113k\u0101 atkl\u0101ti R\u012bgas Gr\u0101matu sv\u0113tki\u00a0\u2013 Rudens 2025. Bet Ziedo\u0146a z\u0101l\u0113 notikumu cikl\u0101 \u201cLatvie\u0161u gr\u0101matai 500\u201d norisin\u0101sies starptautisks simpozijs \u201cTies\u012bbas uz las\u012b\u0161anu. R\u012bgas manifests\u201d, kura nosl\u0113gum\u0101 tiks pie\u0146emts v\u0113sturisks manifests par las\u012b\u0161anas veicin\u0101\u0161anu sabiedr\u012bb\u0101. R\u012bgas manifests. T\u0101p\u0113c ar\u012b Kult\u016bras rondo saruna par las\u012b\u0161anas noz\u012bmi digit\u0101laj\u0101 kult\u016br\u0101.<\/p>\n<p>Ieteikt<\/p>\n<p>    Latvijas Radio aicina izteikt savu viedokli par raid\u012bjum\u0101 dzird\u0113to un atbalsta diskusijas klaus\u012bt\u0101ju starp\u0101, tom\u0113r patur ties\u012bbas dz\u0113st koment\u0101rus, kas p\u0101rk\u0101pj cie\u0146pilnas attieksmes un \u0113tiskas r\u012bc\u012bbas robe\u017eas.<a name=\"comments\"\/><\/p>\n","protected":false},"excerpt":{"rendered":"Las\u012b\u0161anas noz\u012bme digit\u0101laj\u0101 kult\u016br\u0101 &#8211; Kult\u016bras rondo studij\u0101 pirms starptautisk\u0101 simpozija R\u012bgas Gr\u0101matu sv\u0113tkos izvaic\u0101jam Latvijas Universit\u0101tes profesori&hellip;\n","protected":false},"author":2,"featured_media":29880,"comment_status":"","ping_status":"","sticky":false,"template":"","format":"standard","meta":{"footnotes":""},"categories":[12],"tags":[23,28,29,32,33,22,30,31,35,39,38,36,37,34,40,20,26,27,24,25,21],"class_list":{"0":"post-29879","1":"post","2":"type-post","3":"status-publish","4":"format-standard","5":"has-post-thumbnail","7":"category-latvija","8":"tag-aktualitates","9":"tag-breaking-news","10":"tag-breakingnews","11":"tag-featured-news","12":"tag-featurednews","13":"tag-headlines","14":"tag-latest-news","15":"tag-latestnews","16":"tag-latvia","17":"tag-latvian","18":"tag-latviesu","19":"tag-latviesu-valoda","20":"tag-latviesuvaloda","21":"tag-latvija","22":"tag-lv","23":"tag-news","24":"tag-popularakas-zinas","25":"tag-popularakaszinas","26":"tag-top-stories","27":"tag-topstories","28":"tag-zinas"},"share_on_mastodon":{"url":"https:\/\/pubeurope.com\/@lv\/115428258210994633","error":""},"_links":{"self":[{"href":"https:\/\/www.europesays.com\/lv\/wp-json\/wp\/v2\/posts\/29879","targetHints":{"allow":["GET"]}}],"collection":[{"href":"https:\/\/www.europesays.com\/lv\/wp-json\/wp\/v2\/posts"}],"about":[{"href":"https:\/\/www.europesays.com\/lv\/wp-json\/wp\/v2\/types\/post"}],"author":[{"embeddable":true,"href":"https:\/\/www.europesays.com\/lv\/wp-json\/wp\/v2\/users\/2"}],"replies":[{"embeddable":true,"href":"https:\/\/www.europesays.com\/lv\/wp-json\/wp\/v2\/comments?post=29879"}],"version-history":[{"count":0,"href":"https:\/\/www.europesays.com\/lv\/wp-json\/wp\/v2\/posts\/29879\/revisions"}],"wp:featuredmedia":[{"embeddable":true,"href":"https:\/\/www.europesays.com\/lv\/wp-json\/wp\/v2\/media\/29880"}],"wp:attachment":[{"href":"https:\/\/www.europesays.com\/lv\/wp-json\/wp\/v2\/media?parent=29879"}],"wp:term":[{"taxonomy":"category","embeddable":true,"href":"https:\/\/www.europesays.com\/lv\/wp-json\/wp\/v2\/categories?post=29879"},{"taxonomy":"post_tag","embeddable":true,"href":"https:\/\/www.europesays.com\/lv\/wp-json\/wp\/v2\/tags?post=29879"}],"curies":[{"name":"wp","href":"https:\/\/api.w.org\/{rel}","templated":true}]}}