{"id":29887,"date":"2025-10-24T08:49:19","date_gmt":"2025-10-24T08:49:19","guid":{"rendered":"https:\/\/www.europesays.com\/lv\/29887\/"},"modified":"2025-10-24T08:49:19","modified_gmt":"2025-10-24T08:49:19","slug":"eiropadomes-samita-izcelas-karstas-diskusijas-par-reparaciju-aizdevumu-ukrainai-lemumu-kave-belgija-raksts","status":"publish","type":"post","link":"https:\/\/www.europesays.com\/lv\/29887\/","title":{"rendered":"Eiropadomes samit\u0101 izce\u013cas karstas diskusijas par repar\u0101ciju aizdevumu Ukrainai; l\u0113mumu kav\u0113 Be\u013c\u0123ija \/ Raksts"},"content":{"rendered":"<p>Eiropas Savien\u012bbas (ES)\u00a0dal\u012bbvalstu l\u012bderi ceturtdien\u00a0ir sapulc\u0113ju\u0161ies Brisel\u0113. Viens no karst\u0101kajiem\u00a0jaut\u0101jumiem ir par repar\u0101ciju aizdevumu Ukrainai 140 miljardu eiro apm\u0113r\u0101. To nodro\u0161in\u0101tu Krievijas iesald\u0113tie akt\u012bvi. Brisel\u0113 ieradies ar\u012b Ukrainas prezidents Volodimirs Zelenskis.<\/p>\n<p>ES valstu l\u012bderu vid\u016b notika karstas diskusijas par Krievijas iesald\u0113to akt\u012bvu, proti,\u00a0Krievijas Centr\u0101l\u0101s bankas iepirkto\u00a0Rietumu v\u0113rtspap\u012bru\u00a0un oblig\u0101ciju, kas glab\u0101jas Be\u013c\u0123ijas Centr\u0101laj\u0101 v\u0113rtspap\u012bru depozit\u0101rij\u0101 &#8220;Euroclear&#8221;\u00a0un pelna procentus,\u00a0izmanto\u0161anu Ukrainas repar\u0101ciju aizdevumam.<\/p>\n<p>Be\u013c\u0123ijas premjers v\u0113las stingr\u0101kas garantijas savai valstij<\/p>\n<p>Liel\u0101k\u0101 iesald\u0113t\u0101 naudas summa atrodas Be\u013c\u0123ij\u0101, t\u0101d\u0113\u013c t\u0101s premjers Barts de V\u0113vers v\u0113las pan\u0101kt p\u0113c iesp\u0113jas stingr\u0101kas garantijas savai valstij\u00a0 gad\u012bjum\u0101, ja tiesa k\u0101d\u0101 br\u012bd\u012b liek \u0161o naudu atdot Krievijai.\u00a0<\/p>\n<p>&#8220;M\u0113s v\u0113lamies risku savstarp\u0113ju sadali, jo risks ir \u013coti, \u013coti liels. M\u0113s var\u0113tu saskarties ar pras\u012bb\u0101m par desmitiem, varb\u016bt 100\u00a0miljardu eiro. T\u0101tad, ja rodas \u0161\u0101das pras\u012bbas, mums ir j\u0101b\u016bt atbild\u012bgiem kop\u0101. Otrs nosac\u012bjums, ko m\u0113s v\u0113lamies, ir tas, ka ir j\u0101b\u016bt kop\u012bg\u0101m garantij\u0101m. Ja skaidr\u0101 nauda ir j\u0101liek gald\u0101, tad tam j\u0101notiek nekav\u0113joties. Katrai dal\u012bbvalstij b\u016bs j\u0101iesaist\u0101s, ja kaut kas noies greizi,&#8221; teica Be\u013c\u0123ijas premjers.<\/p>\n<p>\u00a0<\/p>\n<p>Be\u013c\u0123ijas premjers ar\u012b uzskata, ka ar\u012b cit\u0101m valst\u012bm, kur\u0101s atrodas milz\u012bgas Krievijas naudas summas un kuras par to ir klus\u0113ju\u0161as,\u00a0b\u016btu j\u0101pievienojas. Dal\u012bbvalstis ir gatavas &#8220;dal\u012bt riskus&#8221; ar Be\u013c\u0123iju,\u00a0ta\u010du\u00a0diplom\u0101ti saka,\u00a0ka Be\u013c\u0123ija grib ietvert ar\u012b to risku seg\u0161anu, kas saist\u012bti ar Krievijas atrieb\u012bbu pret\u00a0priv\u0101tajiem Be\u013c\u0123ijas uz\u0146\u0113mumu un iesp\u0113jamo to \u012bpa\u0161umu konfisk\u0101ciju.\u00a0<\/p>\n<p>&#8220;Ja m\u0113s v\u0113lamies \u0161os l\u012bdzek\u013cus dot Ukrainai, tad mums tas ir j\u0101dara visiem kop\u0101. Pret\u0113j\u0101 gad\u012bjum\u0101 Krievijas atbildes so\u013ci var\u0113tu skart tikai Be\u013c\u0123iju, kas neb\u016btu p\u0101r\u0101k pr\u0101t\u012bgi. M\u0113s esam maza valsts, un \u0161\u0101di atbildes so\u013ci var\u0113tu b\u016bt diezgan smagi. Vi\u0146i var\u0113tu konfisc\u0113t da\u017e\u0101du Rietumu banku naudu, kas atrodas Krievij\u0101, konfisc\u0113t Eiropas komp\u0101nijas, kas darbojas Krievij\u0101. Paskatieties, kas notika ar &#8220;Google&#8221;. Tas pats var notikt ar jebkuru Eiropas izcelsmes komp\u0101niju Krievij\u0101. T\u0101d\u0113\u013c, ja m\u0113s v\u0113lamies spert \u0161o soli, mums b\u016btu j\u0101saprot, ka tam ir augsti riski, kuri mums j\u0101uz\u0146emas visiem kop\u0101,&#8221; teica de V\u0113vers.\u00a0<\/p>\n<p>Diplom\u0101ti uzsver, ka\u00a0Be\u013c\u0123ija grib ietvert ar\u012b to risku seg\u0161anu, kas saist\u012bti ar Krievijas atrieb\u012bbu pret priv\u0101tajiem Be\u013c\u0123ijas uz\u0146\u0113mumiem\u00a0un iesp\u0113jamo to \u012bpa\u0161umu konfisk\u0101ciju. Tom\u0113r\u00a0tas daudzus neapmierina, jo \u0161\u0101diem uz\u0146\u0113mumiem jau sen bija j\u0101pamet\u00a0Krievijas tirgus.\u00a0<\/p>\n<blockquote>\n<p>T\u0101pat Be\u013c\u0123ijas vald\u012bbas vad\u012bt\u0101js v\u0113las, lai ar\u012b cit\u0101s Eiropas valst\u012bs iesald\u0113t\u0101 Krievijas nauda tiktu aizdota Ukrainai. Ir zin\u0101ms, ka Francij\u0101 ir iesald\u0113ti 19 miljardi un Luksemburg\u0101 v\u0113l 10 miljardi eiro.\u00a0<\/p>\n<\/blockquote>\n<p>Latvijas premjere Evika Sili\u0146a (&#8220;Jaun\u0101\u00a0Vienot\u012bba&#8221;)\u00a0atz\u012bst, ka Be\u013c\u0123ijas premjera uzdotie jaut\u0101jumi liel\u0101koties ir viet\u0101.\u00a0<\/p>\n<p>&#8220;Lab\u0101 zi\u0146a b\u016bs t\u0101, ka m\u0113s visi saprat\u012bsim, ka m\u0113s ejam uz priek\u0161u. Ja paliek v\u0113l k\u0101ds jaut\u0101jums, kas ir j\u0101atrun\u0101, tad to var atrun\u0101t. Bet \u0161obr\u012bd t\u0101 b\u016btu \u013coti sp\u0113c\u012bga zi\u0146a no Eiropas, jo [..] tas diezgan lielu spiedienu iedotu uz Krieviju un ar\u012b tas lab\u0101k sagatavotu Zelenski jebkur\u0101m potenci\u0101laj\u0101m sarun\u0101m, ja t\u0101das visp\u0101r b\u016btu,&#8221; sac\u012bja Sili\u0146a.\u00a0<\/p>\n<p>Eiropas valstis cer vienoties par repar\u0101ciju aizdevumu Ukrainai l\u012bdz gada beig\u0101m.<\/p>\n<p>Zelenskis: Iesald\u0113tos Krievijas l\u012bdzek\u013cus vajadz\u0113tu izmantot pla\u0161\u0101k\u0101m vajadz\u012bb\u0101m<\/p>\n<p>Ukrainai nepiecie\u0161ami l\u012bdzek\u013ci no iesald\u0113tajiem Krievijas akt\u012bviem jau n\u0101kam\u0101\u00a0gada\u00a0s\u0101kum\u0101. T\u0101\u00a0preses konferenc\u0113 Brisel\u0113 \u017eurn\u0101listiem pazi\u0146ojis Zelenskis. Turkl\u0101t Krievijas l\u012bdzek\u013cus vajadz\u0113tu izmantot ne tikai hum\u0101n\u0101m vajadz\u012bb\u0101m.<\/p>\n<p>&#8220;Mums vajag izmantot jebk\u0101da veida Krievijas naudu ra\u017eo\u0161anas vajadz\u012bb\u0101m Ukrain\u0101, un palielin\u0101t [ra\u017eo\u0161anu]. Tas ir l\u0113t\u0101k un \u0101tr\u0101k. Pirmk\u0101rt, m\u0113s run\u0101jam par t\u0101las darb\u012bbas [iero\u010diem]. Par droniem, par elektronisk\u0101s kara darb\u012bbas sist\u0113m\u0101m, un par ra\u0137et\u0113m,&#8221; teica Zelenskis.<\/p>\n<p>Ukrainas l\u012bderis ar\u012b pauda cer\u012bbu, ka, ja\u00a0ASV nepieg\u0101d\u0101s t\u0101las darb\u012bbas r\u0101diusa &#8220;Tomahawk&#8221; ra\u0137etes, tad t\u0101l\u0101s darb\u012bbas iero\u010dus var\u0113tu pieg\u0101d\u0101t Eiropa.<\/p>\n<p style=\"margin-left:0cm; margin-right:0cm\">&#8220;Un \u0161ie t\u0101la darb\u012bbas r\u0101diusa iero\u010di nav tikai ASV; tie ir ar\u012b da\u017e\u0101s Eiropas valst\u012bs, tostarp &#8220;Tomahawk&#8221;. M\u0113s jau run\u0101jam ar valst\u012bm, kas var pal\u012bdz\u0113t. Un, starp citu, tikai paskatieties, cik nervozs, starp citu, k\u013cuva Putins, kad \u0161\u012b t\u0113ma tika apspriesta. Vi\u0146\u0161 saprot, ka t\u0101la darb\u012bbas r\u0101diusa iero\u010di var patiesi main\u012bt kara gaitu,&#8221; skaidroja Zelenskis.<\/p>\n<p style=\"margin-left:0cm; margin-right:0cm\">Vi\u0146\u0161 teica\u00a0sabiedrotajiem, ka nev\u0113l\u0113tos, lai Krievija ar k\u0101das tre\u0161\u0101s valsts starpniec\u012bbu pied\u0101v\u0101tu savu kara beigu pl\u0101nu.<\/p>\n<blockquote>\n<p>T\u0101d\u0113\u013c Kijiva rosina sagatavot atsevi\u0161\u0137us Eiropas miera pl\u0101na punktus.<\/p>\n<\/blockquote>\n<p>Zelenskis uzsv\u0113ra, ka ceturtdienas triecieni b\u0113rnud\u0101rzam Harkiv\u0101 par\u0101da, ka Krievija nav gatava izbeigt karu. Vi\u0146apr\u0101t, liel\u0101ks spiediens pan\u0101ks, ka Krievija s\u0113d\u012bsies pie sarunu galda.<\/p>\n<p>Ukrainas prezidents ar\u012b pauda \u0161aubas par \u0136\u012bnas nost\u0101ju.<\/p>\n<p>&#8220;\u0136\u012bna ir patie\u0161\u0101m sare\u017e\u0123\u012bts jaut\u0101jums. Mums nav pat past\u0101v\u012bga dialoga ar Sji Dzij\u0146pinu. Bija da\u017eas telefonsarunas, un vi\u0146\u0161 man teica, ka nep\u0101rdos iero\u010dus. Es neko nezinu par iero\u010du s\u016bt\u012bjumiem. Bet es zinu vienu \u2013 \u0136\u012bna pal\u012bdz Krievijai, nepal\u012bdz Ukrainai, un nav ieinteres\u0113ta m\u016bsu uzvar\u0101 un Krievijas sak\u0101v\u0113,&#8221; vi\u0146\u0161 piebilda.<\/p>\n","protected":false},"excerpt":{"rendered":"Eiropas Savien\u012bbas (ES)\u00a0dal\u012bbvalstu l\u012bderi ceturtdien\u00a0ir sapulc\u0113ju\u0161ies Brisel\u0113. Viens no karst\u0101kajiem\u00a0jaut\u0101jumiem ir par repar\u0101ciju aizdevumu Ukrainai 140 miljardu eiro&hellip;\n","protected":false},"author":2,"featured_media":29888,"comment_status":"","ping_status":"","sticky":false,"template":"","format":"standard","meta":{"footnotes":""},"categories":[5],"tags":[23,28,29,32,33,22,30,31,35,39,38,36,37,34,40,20,26,27,24,25,21],"class_list":{"0":"post-29887","1":"post","2":"type-post","3":"status-publish","4":"format-standard","5":"has-post-thumbnail","7":"category-aktualitates","8":"tag-aktualitates","9":"tag-breaking-news","10":"tag-breakingnews","11":"tag-featured-news","12":"tag-featurednews","13":"tag-headlines","14":"tag-latest-news","15":"tag-latestnews","16":"tag-latvia","17":"tag-latvian","18":"tag-latviesu","19":"tag-latviesu-valoda","20":"tag-latviesuvaloda","21":"tag-latvija","22":"tag-lv","23":"tag-news","24":"tag-popularakas-zinas","25":"tag-popularakaszinas","26":"tag-top-stories","27":"tag-topstories","28":"tag-zinas"},"share_on_mastodon":{"url":"https:\/\/pubeurope.com\/@lv\/115428285819278304","error":""},"_links":{"self":[{"href":"https:\/\/www.europesays.com\/lv\/wp-json\/wp\/v2\/posts\/29887","targetHints":{"allow":["GET"]}}],"collection":[{"href":"https:\/\/www.europesays.com\/lv\/wp-json\/wp\/v2\/posts"}],"about":[{"href":"https:\/\/www.europesays.com\/lv\/wp-json\/wp\/v2\/types\/post"}],"author":[{"embeddable":true,"href":"https:\/\/www.europesays.com\/lv\/wp-json\/wp\/v2\/users\/2"}],"replies":[{"embeddable":true,"href":"https:\/\/www.europesays.com\/lv\/wp-json\/wp\/v2\/comments?post=29887"}],"version-history":[{"count":0,"href":"https:\/\/www.europesays.com\/lv\/wp-json\/wp\/v2\/posts\/29887\/revisions"}],"wp:featuredmedia":[{"embeddable":true,"href":"https:\/\/www.europesays.com\/lv\/wp-json\/wp\/v2\/media\/29888"}],"wp:attachment":[{"href":"https:\/\/www.europesays.com\/lv\/wp-json\/wp\/v2\/media?parent=29887"}],"wp:term":[{"taxonomy":"category","embeddable":true,"href":"https:\/\/www.europesays.com\/lv\/wp-json\/wp\/v2\/categories?post=29887"},{"taxonomy":"post_tag","embeddable":true,"href":"https:\/\/www.europesays.com\/lv\/wp-json\/wp\/v2\/tags?post=29887"}],"curies":[{"name":"wp","href":"https:\/\/api.w.org\/{rel}","templated":true}]}}