{"id":29891,"date":"2025-10-24T08:55:09","date_gmt":"2025-10-24T08:55:09","guid":{"rendered":"https:\/\/www.europesays.com\/lv\/29891\/"},"modified":"2025-10-24T08:55:09","modified_gmt":"2025-10-24T08:55:09","slug":"pasakumi-atputai-un-izklaidei-jurmala-24-oktobri-2-novembri","status":"publish","type":"post","link":"https:\/\/www.europesays.com\/lv\/29891\/","title":{"rendered":"Pas\u0101kumi atp\u016btai un izklaidei J\u016brmal\u0101 24. oktobr\u012b\u20132. novembr\u012b"},"content":{"rendered":"<p>Oktobra nosl\u0113gum\u0101 J\u016brmal\u0101 ir iesp\u0113ja baud\u012bt m\u0101kslu izst\u0101\u017eu telp\u0101s, apmekl\u0113t koncertus Dzintaru koncertz\u0101l\u0113 un kult\u016bras iest\u0101d\u0113s, k\u0101 ar\u012b te\u0101tra izr\u0101des J\u016brmalas te\u0101tr\u012b. Pied\u0101v\u0101jum\u0101 ar\u012b tik\u0161an\u0101s, lekcijas, sporta sacens\u012bbas un balle rudens noska\u0146\u0101s Kauguros.<\/p>\n<p>Pas\u0101kumi<\/p>\n<p>J\u016brmalas muzej\u0101\u00a0(Tirgo\u0146u iel\u0101 29) 24.\u00a0oktobr\u012b plkst.\u00a017.00 notiks izst\u0101des \u201cMans ce\u013c\u0161. No Rozent\u0101la studijas l\u012bdz profesijai\u201d atkl\u0101\u0161ana, savuk\u0101rt 25.\u00a0oktobr\u012b plkst.\u00a014.00 tiks atkl\u0101ta Hedvigas Dikas un Jekater\u012bnas Grjazevas izst\u0101de \u201cAkvare\u013ca elpa\u201d.<\/p>\n<p>M\u0101kslas stacij\u0101 \u201cDubulti\u201d (Z.\u00a0Meierovica prospekt\u0101 4) 24.\u00a0oktobr\u012b plkst.\u00a018.00 atkl\u0101s Vidvuda Zviedra person\u0101lizst\u0101di \u201cReiz bija zila z\u0101le un za\u013cas debesis\u201d. 25.\u00a0oktobr\u012b plkst.\u00a016.00 un 26.\u00a0oktobr\u012b plkst.\u00a014.00 notiks tik\u0161an\u0101s ar m\u0101kslinieku Vidvudu Zviedri un izst\u0101des kuratori Ingu \u0160teimani. 2.\u00a0novembr\u012b no plkst.\u00a014.30 norisin\u0101sies \u201cJ\u016brmalas Amatn\u012bcas\u201d r\u012bkots kopad\u012b\u0161anas pas\u0101kums \u201cValdzin\u0101jums\u201d.<\/p>\n<p>Dzintaru koncertz\u0101l\u0113\u00a0(Turaidas iel\u0101 29) 24. oktobr\u012b plkst.\u00a019.00 izskan\u0113s vijolnieces Izabellas Faustas koncerts \u201cJohans Sebasti\u0101ns Bahs. Son\u0101tes un partitas\u201d. 31.\u00a0oktobr\u012b plkst.\u00a019.00 \u2013 koncerts \u201cJ\u016brmala d\u017eezs. Dani\u0113la Garsijas trio\u201d. 2.\u00a0novembr\u012b plkst.\u00a014.00 \u201cBr\u012bvdienu m\u016bzikas\u201d cikl\u0101 \u2013 tik\u0161an\u0101s ar m\u0101ksliniekiem Anniju Kristi\u0101nu \u0100damsoni, Edgaru O\u0161leju, Ilzi Ozoli\u0146u.\u00a0 Bi\u013cetes \u201cBi\u013ce\u0161u parad\u012bzes\u201d tirdzniec\u012bbas viet\u0101s.<\/p>\n<p>J\u016brmalas Centr\u0101laj\u0101 bibliot\u0113k\u0101 (Str\u0113lnieku prospekt\u0101 30) 24.\u00a0oktobr\u012b plkst.\u00a017.00 notiks \u0100zijas kaligr\u0101fijas klubi\u0146a tik\u0161an\u0101s. 28.\u00a0oktobr\u012b plkst.\u00a012.00 \u2013 lekciju \u201cK\u0101 neiek\u0101pt digit\u0101laj\u0101 slazd\u0101\u201d las\u012bs \u201cLatvijas Dro\u0161\u0101ka interneta centrs\u201d lektore Jana Orlova. 28.\u00a0oktobr\u012b plkst.\u00a017.30 bibliot\u0113kas z\u0101l\u0113 tiks atkl\u0101ta Alises Jur\u0113vicas fotoizst\u0101de \u201cP\u0113c\u201d. 29.\u00a0oktobr\u012b plkst.\u00a017.00 norisin\u0101sies las\u012bt\u0101ju klubi\u0146a jaunie\u0161iem \u201cLasi un dalies\u201d tik\u0161an\u0101s.<\/p>\n<p>Kauguru Kult\u016bras nam\u0101\u00a0(Rai\u0146a iel\u0101 110) 25.\u00a0oktobr\u012b plkst.\u00a013.00 notiks komponista Viktora Piz\u0101na autorvakars, kur\u0101 piedal\u012bsies vok\u0101lie ansamb\u013ci un koris. 1.\u00a0novembr\u012b plkst.\u00a019.00 notiks balle rudens ritmos, sp\u0113l\u0113 grupa \u201cCits kvart\u0101ls\u201d. Ieejas maksa \u2013 15 eiro; ar J\u016brmalas iedz\u012bvot\u0101ja karti, pension\u0101riem, person\u0101m ar invalidit\u0101ti \u2013 10 eiro<a name=\"_Hlk177743847\" id=\"_Hlk177743847\">. Bi\u013ce\u0161u iepriek\u0161p\u0101rdo\u0161ana Kauguru Kult\u016bras nam\u0101 otrdien\u0101s plkst. 12.00\u201319.00\u00a0un sestdien\u0101s plkst. 12.00\u201317.00, k\u0101 ar\u012b \u201cBi\u013ce\u0161u parad\u012bze\u201d kas\u0113s. Bi\u013ce\u0161u rezerv\u0101cija pa t\u0101lr. 62903642<\/a>.<\/p>\n<p>J\u016brmalas te\u0101tr\u012b\u00a0(Mui\u017eas iel\u0101 7) 26.\u00a0oktobr\u012b plkst.\u00a012.00 \u0123imenes ar b\u0113rniem aicin\u0101tas uz J\u016brmalas le\u013c\u013cu te\u0101tra studijas izr\u0101di \u201cRuks\u012b\u0161u piedz\u012bvojumi\u201d.\u00a031.\u00a0oktobr\u012b plkst.\u00a019.00 \u2013 izr\u0101de \u2013 gotisks trilleris vien\u0101 da\u013c\u0101 \u201cSieviete meln\u0101\u201d. Bi\u013cetes \u201cBi\u013ce\u0161u parad\u012bzes\u201d tirdzniec\u012bbas viet\u0101s un Dzintaru koncertz\u0101les kas\u0113.<\/p>\n<p>J\u016brmalas Kult\u016bras centr\u0101 (Jomas iel\u0101 35) 26.\u00a0oktobr\u012b plkst.\u00a018.00 uz koncertu aicina J\u016brmalas D\u017eeza klubs! Koncert\u0101 piedal\u0101s Daumants Kalni\u0146\u0161 (balss), Rom\u0101ns Vendi\u0146\u0161 (klavieres), D\u0101vis Jurka (saksofons), Toms Poi\u0161s (kontrabass), R\u016bdolfs Dankfelds (sitaminstrumenti). Bi\u013cetes \u201cBi\u013ce\u0161u parad\u012bzes\u201d tirdzniec\u012bbas viet\u0101s un J\u016brmalas Kult\u016bras centr\u0101 pirms koncerta. 1.\u00a0novembr\u012b plkst.\u00a013.00 kult\u016bras centr\u0101 tiks demonstr\u0113ta Dzintras Gekas dokument\u0101l\u0101 filma \u201cHaralds S\u012bmanis. Dziesminieks un jumi\u0137is\u201d. Bi\u013ce\u0161u ieg\u0101de \u2013 J\u016brmalas Kult\u016bras centr\u0101 stundu pirms kino seansa.<\/p>\n<p>Aspazijas m\u0101j\u0101\u00a0(Z. Meierovica prospekt\u0101 18\/20) 30.\u00a0oktobr\u012b plkst.\u00a018.00 notiks las\u012bt\u0101ju kluba tik\u0161an\u0101s \u2013 saruna par Gun\u0101ra Janovska gr\u0101matu \u201cInes\u201d.<\/p>\n<p>Bulduru bibliot\u0113k\u0101 (Mui\u017eas iel\u0101 7) 1.\u00a0novembr\u012b plkst.\u00a011.00 \u2013 rado\u0161a nodarb\u012bba \u0123imen\u0113m ar b\u0113rniem \u201cDzim\u0161anas dienas k\u016bka\u201d.<\/p>\n<p>Mar\u0161ruts \u201cNo\u0137er Ziedoni\u201d \u2013 aicin\u0101m iepaz\u012bt dzejnieka Imanta Ziedo\u0146a dz\u012bves g\u0101jumu kult\u016bras t\u016brisma mar\u0161rut\u0101 \u201cNo\u0137er Ziedoni\u201d.\u00a0<a href=\"https:\/\/visitjurmala.lv\/lv\/redzi-un-dari\/marsruti-un-ekskursijas\/digitalas-tures\/noker-ziedoni\/\" rel=\"nofollow noopener\" target=\"_blank\">Mar\u0161ruta karte<\/a><\/p>\n<p>Izst\u0101des kult\u016brtelp\u0101s<\/p>\n<p>J\u016brmalas muzej\u0101\u00a0(Tirgo\u0146u iel\u0101 29) 2.\u00a0st\u0101va z\u0101l\u0113s skat\u0101ma kult\u016bras person\u012bb\u0101m \u2013 J\u0101nim Jaunsudrabi\u0146am, Albertam Kronenbergam, Indri\u0137im Zeberi\u0146am un Oto Skulmem \u2013 velt\u012bta izst\u0101de \u201cMans ce\u013c\u0161. No Rozent\u0101la studijas l\u012bdz profesijai\u201d un ar\u012b Hedvigas Dikas un Jekater\u012bnas Grjazevas darbu izst\u0101de \u201cAkvare\u013ca elpa\u201d. Muzeja 1.\u00a0st\u0101va z\u0101l\u0113 l\u012bdz 1.\u00a0novembrim apl\u016bkojama izst\u0101de \u201cBid\u017ein\/skaist\u0101\u201d \u2013 ieskats tradicion\u0101laj\u0101 sievietes pasaul\u0113 Jap\u0101n\u0101.<\/p>\n<p>Bulduru Izst\u0101\u017eu nam\u0101\u00a0(Mui\u017eas iel\u0101 6) \u2013 m\u0101kslinieces Lienes Linteres darbu izst\u0101de \u201c\u0160\u013cura\u201d. Skat\u0101ma ar\u012b Valda Bu\u0161a dai\u013cradei velt\u012bt\u0101 ekspoz\u012bcija \u201c\u2026manas kr\u0101sas ir spilgtas, mazliet trakas\u201d.<\/p>\n<p>Aspazijas m\u0101j\u0101\u00a0(Z. Meierovica prospekt\u0101 18\/20) apl\u016bkojama Aspazijas 160.\u00a0jubilejai velt\u012bta konkursizst\u0101de \u201cAspazija. Sp\u0113c\u012bga sieviete. Portrets\u201d. Aspazijas m\u0101jas d\u0101rz\u0101\u00a0l\u012bdz 1.\u00a0novembrim turpin\u0101s\u00a0dramatur\u0123iska izst\u0101de \u201cAtrieb\u0113ja\u201d.<\/p>\n<p>M\u0101kslas stacij\u0101 \u201cDubulti\u201d (Z.\u00a0Meierovica prospekt\u0101 4) \u2013 Vidvuda Zviedra person\u0101lizst\u0101de \u201cReiz bija zila z\u0101le un za\u013cas debesis\u201d.<\/p>\n<p>J\u016brmalas Kult\u016brtelpas un vides dizaina centr\u0101 (Pils iel\u0101 1) \u2013 latvie\u0161u gleznot\u0101jam J\u0101nim Pau\u013cukam (1906\u20131984) velt\u012bta izst\u0101de no Rietumu Bankas m\u0101kslas kolekcijas. <\/p>\n<p>J\u016brmalas Kult\u016bras centr\u0101\u00a0(Jomas iel\u0101 35) skat\u0101ma Rolanda Dze\u0146a darbu izst\u0101de \u201cnewworkshopexperience\u201d.<\/p>\n<p>Kauguru Kult\u016bras nam\u0101\u00a0(Rai\u0146a iel\u0101 110) l\u012bdz 1.\u00a0novembrim \u2013 foto studijas \u201cAspazija\u201d dal\u012bbnieku izst\u0101de \u201cJ\u016brmalnieku dzej\u0101\u201d.<\/p>\n<p>Rai\u0146a un Aspazijas vasarn\u012bc\u0101 (Pliek\u0161\u0101na iel\u0101 5\/7) skat\u0101ma m\u0101kslinieka Fabiasa Nila \u012ales darbu izst\u0101de \u201cAtmosf\u0113ra\u201d.<\/p>\n<p>J\u016brmalas M\u0101kslas skolas\u00a0izst\u0101\u017eu z\u0101l\u0113 (Str\u0113lnieku prospekt\u0101 30) skat\u0101ma skolas audz\u0113k\u0146u darbu izst\u0101de \u201c\u010cehijas v\u0113rt\u012bbas\u201d un izst\u0101de \u201cSvinam dabu 2025\u201d.<\/p>\n<p>J\u016brmalas Centr\u0101laj\u0101 bibliot\u0113k\u0101\u00a0(Str\u0113lnieku prospekt\u0101 30) no 28.\u00a0oktobra \u2013 Alises Jur\u0113vicas fotoizst\u0101de \u201cP\u0113c\u201d.<\/p>\n<p>Kauguru bibliot\u0113k\u0101\u00a0(Engures iel\u0101 4A)\u00a0\u2013 Maijas B\u0113rzi\u0146as un Birutas Jansones m\u0101kslas darbu izst\u0101de \u201cPie da\u017e\u0101d\u0101m j\u016br\u0101m\u201d.<\/p>\n<p>Imanta Ziedo\u0146a \u0136emeru bibliot\u0113k\u0101\u00a0(Tukuma iel\u0101 20) l\u012bdz 30.\u00a0oktobrim skat\u0101mi J\u016brmalas M\u0101kslinieku biedr\u012bbas dal\u012bbnieces Jekater\u012bnas Grjazevas grafikas darbi.<\/p>\n<p>Alberta Kronenberga Slokas bibliot\u0113k\u0101\u00a0(Rai\u0146a iel\u0101 3) \u2013 izst\u0101de \u201cNo skices l\u012bdz anim\u0101cijai \u201cEz\u012b\u0161a ce\u013cojums Slokas v\u0113stur\u0113\u201d\u201d.<\/p>\n<p>Sporta sacens\u012bbas<\/p>\n<p>Bulduru tehnikuma sporta z\u0101l\u0113 (Viestura iel\u0101 6) 24.\u00a0oktobr\u012b plkst.\u00a020.45 notiks Latvijas \u010dempion\u0101ts florbol\u0101 v\u012brie\u0161iem.<\/p>\n<p>Sporta nam\u0101 \u201cTauren\u012btis\u201d (K\u013cavu iel\u0101 29\/31) 26.\u00a0oktobr\u012b plkst.\u00a011.00, 12.30 un 14.00 \u2013 J\u016brmalas atkl\u0101tais \u010dempion\u0101ts basketbol\u0101 v\u012brie\u0161iem.<\/p>\n<p>Stadion\u0101 Sloka (Skolas iel\u0101 5) 26.\u00a0oktobr\u012b plkst.\u00a013.00 gaid\u0101ma Latvijas \u010dempion\u0101ta futbol\u0101 \u201cTonybet\u201d virsl\u012bgas sp\u0113le.<\/p>\n<p>J\u016brmalas Valsts \u0123imn\u0101zijas sporta z\u0101l\u0113 (Rai\u0146a iel\u0101 55) 29.\u00a0oktobr\u012b plkst.\u00a019.30 notiks Latvijas Sievie\u0161u basketbola l\u012bgas 2.\u00a0div\u012bzijas sp\u0113le. 2.\u00a0novembr\u012b plkst.\u00a011.00, 12.30 un 14.00 \u2013 Latvijas Jaunatnes \u010dempion\u0101ts basketbol\u0101.<\/p>\n<p>J\u016brmalas Kauguru vidusskolas sporta laukum\u0101 (Rai\u0146a iel\u0101 118) 1.\u00a0novembr\u012b plkst.\u00a011.00 notiks Latvijas Jaunatnes \u010dempion\u0101ta futbol\u0101 sp\u0113le.<\/p>\n<p>\u00a0<\/p>\n<p><a href=\"https:\/\/www.jurmala.lv\/lv\/notikumu-kalendars\" rel=\"nofollow noopener\" target=\"_blank\">Notikumu kalend\u0101rs<\/a><\/p>\n<p>Dal\u012bba pas\u0101kumos ir bez maksas, iz\u0146emot gad\u012bjumus, ja ir nor\u0101d\u012bts cit\u0101di.<\/p>\n<p>Pas\u0101kumu laik\u0101 tiks fotograf\u0113ts un film\u0113ts. Materi\u0101li tiks izmantoti publicit\u0101tei, sabiedr\u012bbas inform\u0113\u0161anai.<\/p>\n","protected":false},"excerpt":{"rendered":"Oktobra nosl\u0113gum\u0101 J\u016brmal\u0101 ir iesp\u0113ja baud\u012bt m\u0101kslu izst\u0101\u017eu telp\u0101s, apmekl\u0113t koncertus Dzintaru koncertz\u0101l\u0113 un kult\u016bras iest\u0101d\u0113s, k\u0101 ar\u012b&hellip;\n","protected":false},"author":2,"featured_media":29892,"comment_status":"","ping_status":"","sticky":false,"template":"","format":"standard","meta":{"footnotes":""},"categories":[5],"tags":[23,28,29,32,33,22,30,31,35,39,38,36,37,34,40,20,26,27,24,25,21],"class_list":{"0":"post-29891","1":"post","2":"type-post","3":"status-publish","4":"format-standard","5":"has-post-thumbnail","7":"category-aktualitates","8":"tag-aktualitates","9":"tag-breaking-news","10":"tag-breakingnews","11":"tag-featured-news","12":"tag-featurednews","13":"tag-headlines","14":"tag-latest-news","15":"tag-latestnews","16":"tag-latvia","17":"tag-latvian","18":"tag-latviesu","19":"tag-latviesu-valoda","20":"tag-latviesuvaloda","21":"tag-latvija","22":"tag-lv","23":"tag-news","24":"tag-popularakas-zinas","25":"tag-popularakaszinas","26":"tag-top-stories","27":"tag-topstories","28":"tag-zinas"},"share_on_mastodon":{"url":"https:\/\/pubeurope.com\/@lv\/115428309239578356","error":""},"_links":{"self":[{"href":"https:\/\/www.europesays.com\/lv\/wp-json\/wp\/v2\/posts\/29891","targetHints":{"allow":["GET"]}}],"collection":[{"href":"https:\/\/www.europesays.com\/lv\/wp-json\/wp\/v2\/posts"}],"about":[{"href":"https:\/\/www.europesays.com\/lv\/wp-json\/wp\/v2\/types\/post"}],"author":[{"embeddable":true,"href":"https:\/\/www.europesays.com\/lv\/wp-json\/wp\/v2\/users\/2"}],"replies":[{"embeddable":true,"href":"https:\/\/www.europesays.com\/lv\/wp-json\/wp\/v2\/comments?post=29891"}],"version-history":[{"count":0,"href":"https:\/\/www.europesays.com\/lv\/wp-json\/wp\/v2\/posts\/29891\/revisions"}],"wp:featuredmedia":[{"embeddable":true,"href":"https:\/\/www.europesays.com\/lv\/wp-json\/wp\/v2\/media\/29892"}],"wp:attachment":[{"href":"https:\/\/www.europesays.com\/lv\/wp-json\/wp\/v2\/media?parent=29891"}],"wp:term":[{"taxonomy":"category","embeddable":true,"href":"https:\/\/www.europesays.com\/lv\/wp-json\/wp\/v2\/categories?post=29891"},{"taxonomy":"post_tag","embeddable":true,"href":"https:\/\/www.europesays.com\/lv\/wp-json\/wp\/v2\/tags?post=29891"}],"curies":[{"name":"wp","href":"https:\/\/api.w.org\/{rel}","templated":true}]}}