{"id":29897,"date":"2025-10-24T09:15:08","date_gmt":"2025-10-24T09:15:08","guid":{"rendered":"https:\/\/www.europesays.com\/lv\/29897\/"},"modified":"2025-10-24T09:15:08","modified_gmt":"2025-10-24T09:15:08","slug":"klust-zinamas-visas-wta-finals-turnira-dalibnieces","status":"publish","type":"post","link":"https:\/\/www.europesays.com\/lv\/29897\/","title":{"rendered":"K\u013c\u016bst zin\u0101mas visas &#8220;WTA Finals&#8221; turn\u012bra dal\u012bbnieces"},"content":{"rendered":"<p>                                <img decoding=\"async\" src=\"https:\/\/www.europesays.com\/lv\/wp-content\/uploads\/2025\/10\/jelena-ribakina-sportazinas-com-1-750x450.jpg\"   alt=\"Je\u013cena Ribakina\" class=\"post-featured-image\"\/><\/p>\n<p>Je\u013cena Ribakina | Foto: Julian Finney\/Getty Images<\/p>\n<p>Kazahst\u0101nas tenisiste <a href=\"https:\/\/www.sportazinas.com\/atsl\u0113gv\u0101rdi\/jelena-ribakina\/\" rel=\"nofollow noopener\" target=\"_blank\">Je\u013cena Ribakina<\/a> piektdien sasniedza Tokijas \u201cWTA 500\u201d turn\u012bra pusfin\u0101lu un k\u0101 p\u0113d\u0113j\u0101 nodro\u0161in\u0101ja sev vietu sezonas nosl\u0113guma sacens\u012bb\u0101s \u201cWTA Finals\u201d.<\/p>\n<p>Ribakina (WTA 7.) Tokijas turn\u012bra ceturtda\u013cfin\u0101l\u0101 ar 6-3, 7-6 (7:4) pieveica kan\u0101dieti Viktoriju Mboko, ar ko bija pietiekami lai c\u012b\u0146\u0101 par p\u0113d\u0113jo ce\u013caz\u012bmi uz sezonas nosl\u0113guma turn\u012bru p\u0101rsp\u0113tu krievieti Mirru Andrejevu (WTA 9.).<\/p>\n<p>Tokijas \u201cWTA 500\u201d turn\u012bra pusfin\u0101l\u0101 Ribakinas pretiniece b\u016bs \u010dehiete Linda Noskova (WTA 17.). Savuk\u0101rt otraj\u0101 duel\u012b par vietu fin\u0101l\u0101 amerik\u0101niete Sofija Kenina (WTA 25.) m\u0113rosies sp\u0113kiem ar \u010dehieti Karol\u012bnu Muhovu (WTA 21.) vai Belindu Ben\u010di\u010du (WTA 13.).<\/p>\n<p>WTA fin\u0101lturn\u012br\u0101 sp\u0113l\u0113s \u0161\u012bs sezonas asto\u0146as lab\u0101k\u0101s tenisistes \u2013 baltkrieviete Arina Ribakina (WTA 1.), Iga \u0160vjonteka (WTA 2.) no Polijas, amerik\u0101nietes Korija Gofa (WTA 3.), Amanda A\u0146isimova (WTA 4.), D\u017eesika Pegula (WTA 5.), Medisona K\u012bsa (WTA 8.), k\u0101 ar\u012b it\u0101liete Jasm\u012bne Paol\u012bni (WTA 6.) un Ribakina.<\/p>\n<p>Jau zi\u0146ots, ka dubultsp\u0113l\u0113s vietu \u201cWTA Finals\u201d nodro\u0161in\u0101jusi ar\u012b Latvijas pirm\u0101 rakete A\u013cona Ostapenko, kura sezonas rang\u0101 kop\u0101 ar taiv\u0101nieti Suveju Sji ie\u0146\u0113m sesto poz\u012bciju.<\/p>\n<p>\u201cWTA Finals\u201d no 1. l\u012bdz 8. novembrim notiks Sa\u016bda Ar\u0101bijas galvaspils\u0113t\u0101 Rij\u0101d\u0101.<a href=\"https:\/\/stor2.leta.lv\/pblc\/atto\/9\/1\/c\/91c1836a-e391-4d0f-bcf7-b9bd0ad9192a.jpg\" rel=\"nofollow noopener\" target=\"_blank\"><\/p>\n","protected":false},"excerpt":{"rendered":"Je\u013cena Ribakina | Foto: Julian Finney\/Getty Images Kazahst\u0101nas tenisiste Je\u013cena Ribakina piektdien sasniedza Tokijas \u201cWTA 500\u201d turn\u012bra pusfin\u0101lu&hellip;\n","protected":false},"author":2,"featured_media":29898,"comment_status":"","ping_status":"","sticky":false,"template":"","format":"standard","meta":{"footnotes":""},"categories":[17],"tags":[35,39,38,36,37,34,40,67],"class_list":{"0":"post-29897","1":"post","2":"type-post","3":"status-publish","4":"format-standard","5":"has-post-thumbnail","7":"category-sports","8":"tag-latvia","9":"tag-latvian","10":"tag-latviesu","11":"tag-latviesu-valoda","12":"tag-latviesuvaloda","13":"tag-latvija","14":"tag-lv","15":"tag-sports"},"share_on_mastodon":{"url":"https:\/\/pubeurope.com\/@lv\/115428387970584015","error":""},"_links":{"self":[{"href":"https:\/\/www.europesays.com\/lv\/wp-json\/wp\/v2\/posts\/29897","targetHints":{"allow":["GET"]}}],"collection":[{"href":"https:\/\/www.europesays.com\/lv\/wp-json\/wp\/v2\/posts"}],"about":[{"href":"https:\/\/www.europesays.com\/lv\/wp-json\/wp\/v2\/types\/post"}],"author":[{"embeddable":true,"href":"https:\/\/www.europesays.com\/lv\/wp-json\/wp\/v2\/users\/2"}],"replies":[{"embeddable":true,"href":"https:\/\/www.europesays.com\/lv\/wp-json\/wp\/v2\/comments?post=29897"}],"version-history":[{"count":0,"href":"https:\/\/www.europesays.com\/lv\/wp-json\/wp\/v2\/posts\/29897\/revisions"}],"wp:featuredmedia":[{"embeddable":true,"href":"https:\/\/www.europesays.com\/lv\/wp-json\/wp\/v2\/media\/29898"}],"wp:attachment":[{"href":"https:\/\/www.europesays.com\/lv\/wp-json\/wp\/v2\/media?parent=29897"}],"wp:term":[{"taxonomy":"category","embeddable":true,"href":"https:\/\/www.europesays.com\/lv\/wp-json\/wp\/v2\/categories?post=29897"},{"taxonomy":"post_tag","embeddable":true,"href":"https:\/\/www.europesays.com\/lv\/wp-json\/wp\/v2\/tags?post=29897"}],"curies":[{"name":"wp","href":"https:\/\/api.w.org\/{rel}","templated":true}]}}