{"id":29913,"date":"2025-10-24T09:31:08","date_gmt":"2025-10-24T09:31:08","guid":{"rendered":"https:\/\/www.europesays.com\/lv\/29913\/"},"modified":"2025-10-24T09:31:08","modified_gmt":"2025-10-24T09:31:08","slug":"mediki-pieprasa-steidzamu-lemumu-par-nozares-finansejumu-draud-ar-kolektivo-interesu-stridu-lente-lv","status":"publish","type":"post","link":"https:\/\/www.europesays.com\/lv\/29913\/","title":{"rendered":"Medi\u0137i pieprasa steidzamu l\u0113mumu par nozares finans\u0113jumu; draud ar kolekt\u012bvo intere\u0161u str\u012bdu\u00a0\u2014\u00a0Lente.lv"},"content":{"rendered":"<p>Latvijas Vesel\u012bbas un soci\u0101l\u0101s apr\u016bpes darbinieku arodbiedr\u012bba (LVSADA) ir uzs\u0101kusi kolekt\u012bv\u0101 intere\u0161u str\u012bda proced\u016bru, pieprasot vald\u012bbai nekav\u0113joties, tr\u012bs dienu laik\u0101, pie\u0146emt l\u0113mumu par papildu naudas pie\u0161\u0137ir\u0161anu vesel\u012bbas apr\u016bpes nozarei, tostarp medi\u0137u algu palielin\u0101jumam. \u0160\u0101da radik\u0101la r\u012bc\u012bba seko p\u0113c nesp\u0113jas vienoties par pietiekamu finans\u0113jumu, ko apliecina ar\u012b nesen\u0101s sarunas Nacion\u0101laj\u0101 Tr\u012bspus\u0113j\u0101s sadarb\u012bbas padomes s\u0113d\u0113, kur Finan\u0161u ministrijas (FM) pied\u0101v\u0101tie 34 miljoni eiro tika atz\u012bti par absol\u016bti nepietiekamiem arodbiedr\u012bbas pras\u012bb\u0101m.<\/p>\n<p>Pras\u012bbas un argumenti<\/p>\n<p>Arodbiedr\u012bbas s\u0101kotn\u0113j\u0101 pras\u012bba bija par 15% darba samaksas pieaugumu \u0101rstniec\u012bbas person\u0101m un 140 eiro pieaugumu atbalsta person\u0101m. V\u0113l\u0101k \u0161\u012b pras\u012bba tika preciz\u0113ta uz 13,5% pieaugumu \u0101rstniec\u012bbas person\u0101m, kas bud\u017eet\u0101 pras\u012btu papildu 133 miljonus eiro. \u0160is piepras\u012bjums balst\u012bts uz FM prognozi par vid\u0113j\u0101s darba samaksas pieaugumu tautsaimniec\u012bb\u0101 2025. un 2026. gad\u0101 kop\u0101 par 13,5%. LVSADA uzsver, ka pa\u0161reiz\u0113j\u0101 vald\u012bbas politika nesp\u0113j nodro\u0161in\u0101t nozares konkur\u0113tsp\u0113ju. Arodbiedr\u012bba ar\u012b atsauc\u0101s uz Eiropas Komisijas (EK) zi\u0146ojumu, kas nor\u0101da uz zemo valsts finans\u0113jumu vesel\u012bbas apr\u016bpei Latvij\u0101, padarot to arvien nepieejam\u0101ku iedz\u012bvot\u0101jiem. Tiek l\u0113sts, ka Vesel\u012bbas ministrijas (VM) pamatfunkciju izpildei pieejamais finans\u0113jums atpaliek no Sabiedr\u012bbas vesel\u012bbas pamatnost\u0101dn\u0113s noteikt\u0101 par aptuveni 650 miljoniem eiro.<\/p>\n<p>Tiek kritiz\u0113ts ar\u012b tas, ka, lai gan vald\u012bbas bud\u017eeta projekts 2026. gadam paredz papildu finans\u0113jumu, tas nav pietiekams, un k\u0101 da\u013ca no iek\u0161zemes kopprodukta (IKP) finans\u0113jums nevis pieaug, bet samazin\u0101s, p\u0101rk\u0101pjot Sabiedr\u012bbas vesel\u012bbas pamatnost\u0101dnes 2021.-2027. gadam. Starptautiskie dati ar\u012b liecina, ka Latvija ir starp Eiropas valst\u012bm ar augst\u0101kajiem pacientu l\u012bdzmaks\u0101jumiem vesel\u012bbas apr\u016bp\u0113.<\/p>\n<p>Vesel\u012bbas ministra skepse un vald\u012bbas pied\u0101v\u0101jums<\/p>\n<p>Vesel\u012bbas ministrs Hosams Abu Meri pau\u017e skepsi par iesp\u0113ju pie\u0161\u0137irt medi\u0137u pras\u012btos papildu 133 miljonus eiro n\u0101kam\u0101 gada bud\u017eet\u0101, nor\u0101dot uz Latvijas ierobe\u017eoto fisk\u0101lo telpu. Vi\u0146\u0161 atz\u012bst, ka kop\u0113j\u0101 sadal\u0101m\u0101 summa vesel\u012bbas apr\u016bpei var\u0113tu b\u016bt nedaudz virs 150 miljoniem eiro, ta\u010du past\u0101v daudz citu nozaru ar objekt\u012bv\u0101m vajadz\u012bb\u0101m, piem\u0113ram, dro\u0161\u012bba, demogr\u0101fija un izgl\u012bt\u012bba. Lai gan ministrs nevar apsol\u012bt pilnu pras\u012bbu izpildi, vi\u0146\u0161 nor\u0101da, ka, radoties papildu iesp\u0113j\u0101m, priorit\u0101ri tiks celti zem\u0101kie atalgojumi, \u012bpa\u0161i m\u0101s\u0101m, kuru darba samaksa joproj\u0101m ir zem vid\u0113j\u0101 l\u012bme\u0146a Eiropas Savien\u012bb\u0101 (ES). Tom\u0113r ministrs ar\u012b atg\u0101dina, ka pag\u0101ju\u0161aj\u0101 gad\u0101 tika pan\u0101kta vieno\u0161an\u0101s, ka atl\u012bdz\u012bbas fonds nedr\u012bkst pieaugt vair\u0101k k\u0101 par 2,6%.<\/p>\n<p>K\u0101 zi\u0146ots, vald\u012bba apstiprin\u0101jusi informat\u012bvo zi\u0146ojumu par priorit\u0101rajiem pas\u0101kumiem 2026. gada valsts bud\u017eetam, paredzot papildu finans\u0113jumu vesel\u012bbas nozarei 34,5 miljonus eiro. Liel\u0101k\u0101 da\u013ca \u0161o l\u012bdzek\u013cu \u2013 20,9 miljoni eiro \u2013 tiks novirz\u012bti m\u0101tes un b\u0113rna vesel\u012bbas apr\u016bpes uzlabo\u0161anai, papla\u0161inot valsts apmaks\u0101to pakalpojumu apjomu un uzlabojot medikamentu kompens\u0101cijas iesp\u0113jas. V\u0113l 9,6 miljoni eiro paredz\u0113ti iedz\u012bvot\u0101ju izdevumu mazin\u0101\u0161anai par z\u0101l\u0113m, paredzot kompens\u0113t farmaceita pakalpojumu par recep\u0161u medikamentiem, kuru cena nep\u0101rsniedz 10 eiro, k\u0101 ar\u012b atbr\u012bvojot no \u0161\u012b maks\u0101juma 1. grupas inval\u012bdus. Papildu 4 miljoni eiro paredz\u0113ti paliat\u012bv\u0101s vesel\u012bbas apr\u016bpes pakalpojuma nodro\u0161in\u0101\u0161anai.<\/p>\n<p>Turpm\u0101k\u0101s darb\u012bbas un politisk\u0101 reakcija<\/p>\n<p>LVSADA vad\u012bt\u0101js Valdis Keris iepriek\u0161 nor\u0101d\u012bja, ka arodbiedr\u012bba l\u012bdz 16. septembrim gaid\u012bs vald\u012bbas reakciju un r\u012bc\u012bbu par izvirz\u012bto pras\u012bbu, bet p\u0113c tam tiks spriests par t\u0101l\u0101kaj\u0101m darb\u012bb\u0101m. Arodbiedr\u012bba ir izteikusi neuztic\u012bbu vesel\u012bbas ministram Hosamam Abu Meri un Vesel\u012bbas ministrijai. Valsts prezidents Edgars Rink\u0113vi\u010ds ir aicin\u0101jis LVSADA un ministru turpin\u0101t sarunas, uzsverot, ka valsts bud\u017eeta iesp\u0113jas ir ierobe\u017eotas un nepiecie\u0161ams l\u012bdzsvarot vesel\u012bbas apr\u016bpes vajadz\u012bbas ar aizsardz\u012bbas, dro\u0161\u012bbas, izgl\u012bt\u012bbas un demogr\u0101fijas jomu pras\u012bb\u0101m. Premjere Evika Sili\u0146a apliecina, ka vesel\u012bba ir viena no vald\u012bbas priorit\u0101t\u0113m un pau\u017e uztic\u012bbu ministram, uzsverot, ka diskusij\u0101m j\u0101b\u016bt par visu nozari, ne tikai par medi\u0137u atalgojumu.<\/p>\n<p>K\u0101 v\u0113st\u012bts, VM pied\u0101v\u0101jusi LVSADA kop\u012bgi iesniegt piepras\u012bjumu par darba samaksas paaugstin\u0101\u0161anu, kad tiks veidots valsts bud\u017eeta projekts 2027. gadam, ta\u010du arodbiedr\u012bba \u0161\u0101dam pied\u0101v\u0101jumam nav var\u0113jusi piekrist. Tiek uzsv\u0113rts, ka ne \u0161ogad, ne 2026. gad\u0101 valsts nepl\u0101no paaugstin\u0101t darba samaksu vesel\u012bbas apr\u016bpes nozar\u0113 str\u0101d\u0101jo\u0161ajiem, kas rada risku profesion\u0101\u013cu aizpl\u016b\u0161anai no valsts sektora.<\/p>\n<p>Situ\u0101cija vesel\u012bbas apr\u016bpes nozar\u0113 Latvij\u0101 ir sare\u017e\u0123\u012bta, ko apliecina gan medi\u0137u pras\u012bbas, gan EK zi\u0146ojumi par zemo finans\u0113jumu un nepietiekamo pakalpojumu pieejam\u012bbu. Svar\u012bgi, lai dialogs starp soci\u0101lajiem partneriem turpin\u0101tos un tiktu rastas ilgtsp\u0113j\u012bgas risin\u0101jumi, kas nodro\u0161in\u0101tu gan kvalitat\u012bvu vesel\u012bbas apr\u016bpi, gan motiv\u0113tus darbiniekus.<\/p>\n<blockquote>\n<p>\u201cMums ir nepiecie\u0161ams, lai medi\u0137i b\u016btu pieejami visur, ne tikai R\u012bg\u0101 un lielaj\u0101s pils\u0113t\u0101s, un m\u0113s redzam, ka notiek t\u0101 saucam\u0101 cilv\u0113kresursu &#8220;zag\u0161ana&#8221; no vienas valsts uz otru,\u201d uzsv\u0113ra Abu Meri.<\/p>\n<\/blockquote>\n<p>Situ\u0101cijas att\u012bst\u012bba tuv\u0101kaj\u0101s dien\u0101s b\u016bs \u013coti svar\u012bga, jo arodbiedr\u012bba ir sol\u012bjusi s\u0101kt kolekt\u012bv\u0101 intere\u0161u str\u012bda proced\u016bru, ja netiks pan\u0101kts politiskais l\u0113mums par papildu l\u012bdzek\u013cu pie\u0161\u0137ir\u0161anu.<\/p>\n","protected":false},"excerpt":{"rendered":"Latvijas Vesel\u012bbas un soci\u0101l\u0101s apr\u016bpes darbinieku arodbiedr\u012bba (LVSADA) ir uzs\u0101kusi kolekt\u012bv\u0101 intere\u0161u str\u012bda proced\u016bru, pieprasot vald\u012bbai nekav\u0113joties, tr\u012bs&hellip;\n","protected":false},"author":2,"featured_media":29914,"comment_status":"","ping_status":"","sticky":false,"template":"","format":"standard","meta":{"footnotes":""},"categories":[5],"tags":[23,9145,28,29,32,33,333,22,30,31,35,39,38,36,37,34,40,258,20,26,27,24,25,331,787,21],"class_list":{"0":"post-29913","1":"post","2":"type-post","3":"status-publish","4":"format-standard","5":"has-post-thumbnail","7":"category-aktualitates","8":"tag-aktualitates","9":"tag-arodbiedriba","10":"tag-breaking-news","11":"tag-breakingnews","12":"tag-featured-news","13":"tag-featurednews","14":"tag-finansejums","15":"tag-headlines","16":"tag-latest-news","17":"tag-latestnews","18":"tag-latvia","19":"tag-latvian","20":"tag-latviesu","21":"tag-latviesu-valoda","22":"tag-latviesuvaloda","23":"tag-latvija","24":"tag-lv","25":"tag-mediku-algas","26":"tag-news","27":"tag-popularakas-zinas","28":"tag-popularakaszinas","29":"tag-top-stories","30":"tag-topstories","31":"tag-valsts-budzets","32":"tag-veselibas-aprupe","33":"tag-zinas"},"share_on_mastodon":{"url":"https:\/\/pubeurope.com\/@lv\/115428450877373776","error":""},"_links":{"self":[{"href":"https:\/\/www.europesays.com\/lv\/wp-json\/wp\/v2\/posts\/29913","targetHints":{"allow":["GET"]}}],"collection":[{"href":"https:\/\/www.europesays.com\/lv\/wp-json\/wp\/v2\/posts"}],"about":[{"href":"https:\/\/www.europesays.com\/lv\/wp-json\/wp\/v2\/types\/post"}],"author":[{"embeddable":true,"href":"https:\/\/www.europesays.com\/lv\/wp-json\/wp\/v2\/users\/2"}],"replies":[{"embeddable":true,"href":"https:\/\/www.europesays.com\/lv\/wp-json\/wp\/v2\/comments?post=29913"}],"version-history":[{"count":0,"href":"https:\/\/www.europesays.com\/lv\/wp-json\/wp\/v2\/posts\/29913\/revisions"}],"wp:featuredmedia":[{"embeddable":true,"href":"https:\/\/www.europesays.com\/lv\/wp-json\/wp\/v2\/media\/29914"}],"wp:attachment":[{"href":"https:\/\/www.europesays.com\/lv\/wp-json\/wp\/v2\/media?parent=29913"}],"wp:term":[{"taxonomy":"category","embeddable":true,"href":"https:\/\/www.europesays.com\/lv\/wp-json\/wp\/v2\/categories?post=29913"},{"taxonomy":"post_tag","embeddable":true,"href":"https:\/\/www.europesays.com\/lv\/wp-json\/wp\/v2\/tags?post=29913"}],"curies":[{"name":"wp","href":"https:\/\/api.w.org\/{rel}","templated":true}]}}