{"id":29918,"date":"2025-10-24T09:36:08","date_gmt":"2025-10-24T09:36:08","guid":{"rendered":"https:\/\/www.europesays.com\/lv\/29918\/"},"modified":"2025-10-24T09:36:08","modified_gmt":"2025-10-24T09:36:08","slug":"nedelas-nogale-atkal-notiks-tas-no-ka-eiropa-solija-atteikties-uz-visiem-laikiem-kapec-joprojam-jamokas-ar-pulkstenu-grozisanu-jauns-lv","status":"publish","type":"post","link":"https:\/\/www.europesays.com\/lv\/29918\/","title":{"rendered":"Ned\u0113\u013cas nogal\u0113 atkal notiks tas, no k\u0101 Eiropa sol\u012bja atteikties uz visiem laikiem. K\u0101p\u0113c joproj\u0101m j\u0101mok\u0101s ar pulkste\u0146u groz\u012b\u0161anu? &#8211; Jauns.lv"},"content":{"rendered":"<ol>\n<li><a href=\"https:\/\/news.google.com\/rss\/articles\/CBMi9gFBVV95cUxPS2xnQ1BySFlMR25kYWZCLWNMQXhsOEMtSjBGVVNubUhxTm03b0lELTEyODBEbGFuZjlEYW9RZXBvV0Q2Nk5IaC1SUEhyWTlhdkNRY1VQRUVOXzFTNW54cEFkeGRCbjNtSWh2bjBub1hBQzZuUGkwSnZYSG9HaEJoNnl3dTRva0pNSGlnOWtlXy00UnB5R2FTNkV1T1ZvUWUwWUU5Q3QySDBYMjFOYWlRSGUzQ1A0N0wtOHVHV00zSHVEWm5seHp2c0QzMEFTRVlEbWdYRTNWLXlCR1BCeGJ3Wk1HNG1MZlM4QTVvelZfRklzcWgwbGc?oc=5\" target=\"_blank\" rel=\"nofollow noopener\">Ned\u0113\u013cas nogal\u0113 atkal notiks tas, no k\u0101 Eiropa sol\u012bja atteikties uz visiem laikiem. K\u0101p\u0113c joproj\u0101m j\u0101mok\u0101s ar pulkste\u0146u groz\u012b\u0161anu?<\/a>&nbsp;&nbsp;Jauns.lv<\/li>\n<li><a href=\"https:\/\/news.google.com\/rss\/articles\/CBMikAFBVV95cUxQS2ZQN18wVXZUNGdLTXdYdFRGa1BRTGdiT1RHVWw4TkkyZ1NxUXY3ZzJMdk5ReW1ZMnpZZ2p5bVozRkxmNlhNOWt0cHZlLXpSRFFTY3E0SEM2YmxPRWw1NkhJaU9ENFBTNFc0ZndGU0plUzFKZEZYcHVjalRJYjMzSTZ0UDNSTTNuaGZoaV9sUHI?oc=5\" target=\"_blank\" rel=\"nofollow noopener\">\u0145EM V\u0112R\u0100! \u27e9 Nakt\u012b uz sv\u0113tdienu notiks p\u0101reja uz ziemas laiku<\/a>&nbsp;&nbsp;Apollo.lv<\/li>\n<li><a href=\"https:\/\/news.google.com\/rss\/articles\/CBMixgFBVV95cUxQOHRVYUxVNDRiT2xjX0RaMW00Q0dPc1F6UnpaU24yQzBkdEJkb3MzZUttUXVsV1J3UU9Ea0U0ZnhPdkVpb3ljcVdvQTZTc0hyYm1YUTU5N1dQOE9vaXBGOXJ1Yy1xOVI5R0Q2d21aUUQ2dGgxRGhkNzN5ZE5vOWZNa1BNNmpNalJ4Y3N4SkVpTllSbkRCdlRZeFZFMWhqdXFhRXRqamFDSVBXSXRfbzN2ODdRbnRkQXVpUmN1eXFMRU1KdHJGdUE?oc=5\" target=\"_blank\" rel=\"nofollow noopener\">Miega eksperte skaidro, k\u0101 pulkste\u0146a grie\u0161ana ietekm\u0113 m\u016bsu organismu un miega kvalit\u0101ti?<\/a>&nbsp;&nbsp;tv3.lv<\/li>\n<li><a href=\"https:\/\/news.google.com\/rss\/articles\/CBMi0wFBVV95cUxNRTZlb01vU1QyRTZ3dTliOVhHMnYtS2MzcnBQeGlRRUk1Skt4QlpzWjYxM1lQR1hiQ2I1TVhRZUxORHhjQ1lEQkd2MEhJR0cwQl94MnAyaW9nTFY4a3pkTUlNeDR6LXkwcWVFN3RGWXR0ejhDYmFGdldBWFRuTWpyQnRqMVJ5Z0hLMnBjZWYyaXQwOEZCQUk2OWprSFRTeXpkZHNuMlNYckVWUDNQeEpKa1k3OUt5LUJJU2ZSUVB3QUFlVU55ZS1IU1p5b2pNSDR1c21B?oc=5\" target=\"_blank\" rel=\"nofollow noopener\">Sv\u0113tdien Latvija p\u0101ries uz ziemas laiku: k\u0101 tas ietekm\u0113s elektr\u012bbas pat\u0113ri\u0146u?<\/a>&nbsp;&nbsp;Delfi<\/li>\n<li><a href=\"https:\/\/news.google.com\/rss\/articles\/CBMingFBVV95cUxPd1dma2w5aWFoWmloY09wOXk5cHdJSlhZaTZvNklIZWZ1c3NsTzAyS3dNUEFFVGM1UWdwWjRRS25ObEprdE1jNnZCOVpiYWNRZkdYUURRd0x5YTR1VVlyZzBtTFNjMmVvblpQbXozdGc2MDZNd1lWU2NHdldYNVVsRmxkQTdmNHJPMlpSNHd2ZFJJaUwwSzVYSzZjZGJodw?oc=5\" target=\"_blank\" rel=\"nofollow noopener\">Nakt\u012b uz sv\u0113tdienu pulkste\u0146a r\u0101d\u012bt\u0101ji j\u0101pagrie\u017e par stundu atpaka\u013c<\/a>&nbsp;&nbsp;Dienas Bizness<\/li>\n<\/ol>\n","protected":false},"excerpt":{"rendered":"Ned\u0113\u013cas nogal\u0113 atkal notiks tas, no k\u0101 Eiropa sol\u012bja atteikties uz visiem laikiem. K\u0101p\u0113c joproj\u0101m j\u0101mok\u0101s ar pulkste\u0146u&hellip;\n","protected":false},"author":2,"featured_media":29919,"comment_status":"","ping_status":"","sticky":false,"template":"","format":"standard","meta":{"footnotes":""},"categories":[12],"tags":[23,28,29,32,33,22,30,31,35,39,38,36,37,34,40,20,26,27,24,25,21],"class_list":{"0":"post-29918","1":"post","2":"type-post","3":"status-publish","4":"format-standard","5":"has-post-thumbnail","7":"category-latvija","8":"tag-aktualitates","9":"tag-breaking-news","10":"tag-breakingnews","11":"tag-featured-news","12":"tag-featurednews","13":"tag-headlines","14":"tag-latest-news","15":"tag-latestnews","16":"tag-latvia","17":"tag-latvian","18":"tag-latviesu","19":"tag-latviesu-valoda","20":"tag-latviesuvaloda","21":"tag-latvija","22":"tag-lv","23":"tag-news","24":"tag-popularakas-zinas","25":"tag-popularakaszinas","26":"tag-top-stories","27":"tag-topstories","28":"tag-zinas"},"share_on_mastodon":{"url":"https:\/\/pubeurope.com\/@lv\/115428470558688622","error":""},"_links":{"self":[{"href":"https:\/\/www.europesays.com\/lv\/wp-json\/wp\/v2\/posts\/29918","targetHints":{"allow":["GET"]}}],"collection":[{"href":"https:\/\/www.europesays.com\/lv\/wp-json\/wp\/v2\/posts"}],"about":[{"href":"https:\/\/www.europesays.com\/lv\/wp-json\/wp\/v2\/types\/post"}],"author":[{"embeddable":true,"href":"https:\/\/www.europesays.com\/lv\/wp-json\/wp\/v2\/users\/2"}],"replies":[{"embeddable":true,"href":"https:\/\/www.europesays.com\/lv\/wp-json\/wp\/v2\/comments?post=29918"}],"version-history":[{"count":0,"href":"https:\/\/www.europesays.com\/lv\/wp-json\/wp\/v2\/posts\/29918\/revisions"}],"wp:featuredmedia":[{"embeddable":true,"href":"https:\/\/www.europesays.com\/lv\/wp-json\/wp\/v2\/media\/29919"}],"wp:attachment":[{"href":"https:\/\/www.europesays.com\/lv\/wp-json\/wp\/v2\/media?parent=29918"}],"wp:term":[{"taxonomy":"category","embeddable":true,"href":"https:\/\/www.europesays.com\/lv\/wp-json\/wp\/v2\/categories?post=29918"},{"taxonomy":"post_tag","embeddable":true,"href":"https:\/\/www.europesays.com\/lv\/wp-json\/wp\/v2\/tags?post=29918"}],"curies":[{"name":"wp","href":"https:\/\/api.w.org\/{rel}","templated":true}]}}