{"id":29996,"date":"2025-10-24T11:18:13","date_gmt":"2025-10-24T11:18:13","guid":{"rendered":"https:\/\/www.europesays.com\/lv\/29996\/"},"modified":"2025-10-24T11:18:13","modified_gmt":"2025-10-24T11:18:13","slug":"liepaja-notikusi-starptautiska-konference-kulturas-renovacija-irliepaja","status":"publish","type":"post","link":"https:\/\/www.europesays.com\/lv\/29996\/","title":{"rendered":"Liep\u0101j\u0101 notikusi starptautiska konference \u201cKult\u016bras renov\u0101cija\u201d \u00bb irLiep\u0101ja"},"content":{"rendered":"<p class=\"MsoNormal\" style=\"border: medium;\" align=\"left\">Tre\u0161dien,&#13;<br \/>\n22. oktobr\u012b, visas dienas garum\u0101 Liep\u0101jas koncertz\u0101l\u0113 \u201cLielais dzintars\u201d&#13;<br \/>\nnorisin\u0101j\u0101s nodibin\u0101juma \u201cNodibin\u0101jums Liep\u0101ja 2027\u201d (Liep\u0101ja 2027) starptautisk\u0101 konference \u201cKult\u016bras renov\u0101cija\u201d. Mekl\u0113jot atbildes uz&#13;<br \/>\njaut\u0101jumu \u2013 kult\u016bra vieno vai \u0161\u0137iro? &#8211; konference&#13;<br \/>\n\u0161ogad aktualiz\u0113ja kult\u016bras pieejam\u012bbas un&#13;<br \/>\npiek\u013c\u016bstam\u012bbas t\u0113mas, inform\u0113\u00a0Nodibin\u0101jums \u201cNodibin\u0101jums Liep\u0101ja 2027\u201d sabiedrisko attiec\u012bbu speci\u0101liste\u00a0Kristi\u0101na Paula L\u012bbiete. <\/p>\n<p class=\"MsoNormal\" style=\"border: medium;\" align=\"left\"><a name=\"_heading=h.fyo45k6xo42k\"\/>\u00a0<\/p>\n<p class=\"MsoNormal\" style=\"border: medium;\" align=\"left\"><a name=\"_heading=h.r05fy4wx2wc8\"\/>Programmu veidoja lekcijas, pieredzes st\u0101sti&#13;<br \/>\nun darbn\u012bcas, kur\u0101s ar v\u0113rt\u012bg\u0101m zin\u0101\u0161an\u0101m dal\u012bj\u0101s profesion\u0101\u013ci no Islandes,&#13;<br \/>\nZviedrijas, Somijas, Francijas un Latvijas.<\/p>\n<p class=\"MsoNormal\" style=\"border: medium;\" align=\"left\">\u00a0<\/p>\n<p class=\"MsoNormal\" style=\"text-indent: 0cm; border: medium;\" align=\"left\">\u201cK\u0101 kult\u016bras dz\u012bves organiz\u0113t\u0101ji un ar\u012b \u00a0l\u012bdzcilv\u0113ki\u00a0m\u0113s\u00a0esam atbild\u012bgi par&#13;<br \/>\nkult\u016bras un m\u0101kslas pieejam\u012bbu visiem. Pasaule&#13;<br \/>\n\u0161odien virz\u0101s uz priek\u0161u \u013coti strauji,&#13;<br \/>\nkult\u016brai\u00a0un m\u0101kslai ir sp\u0113ks m\u016bs nedaudz&#13;<br \/>\npiebremz\u0113t \u2014\u00a0lai sadzird\u0113tu, paman\u012btu&#13;<br \/>\nun\u00a0r\u012bkotos.\u00a0Patiesa kult\u016bras renov\u0101cija s\u0101kas tad,&#13;<br \/>\nkad\u00a0pieejam\u012bbu un\u00a0piek\u013c\u016bstam\u012bbu\u00a0redzam nevis k\u0101 pien\u0101kumu, bet&#13;<br \/>\nk\u0101 iesp\u0113ju \u2014 p\u0101rdom\u0101t, k\u0101 m\u0113s rad\u0101m, dal\u0101mies un augam,\u201d atkl\u0101jot konferenci, sac\u012bja Liep\u0101ja 2027&#13;<br \/>\nm\u0101ksliniecisk\u0101 vad\u012bt\u0101ja Baiba Bartkevi\u010da. <\/p>\n<p class=\"MsoNormal\" style=\"text-indent: 0cm; border: medium;\" align=\"left\">\u00a0<\/p>\n<p class=\"MsoNormal\" style=\"text-indent: 0cm; border: medium;\" align=\"left\">Konferences pirmaj\u0101 da\u013c\u0101 uzst\u0101j\u0101s Kopavoguras pa\u0161vald\u012bbas (Islande)&#13;<br \/>\nkult\u016bras projektu vad\u012bt\u0101ja un bijus\u012b Reikjav\u012bkas M\u0101kslas festiv\u0101la&#13;<br \/>\nm\u0101ksliniecisk\u0101 vad\u012bt\u0101ja Vigd\u012bsa Jakobsdotira (Vigdis Jakobsdottir), horeogr\u0101fe Dalija A\u010dina Telandere (Dalija Acin Thelander) no Zviedrijas,&#13;<br \/>\nBourges 2028 (Francija) pieejam\u012bbas vad\u012bt\u0101js Tibo de Martimpr\u0113 (Thibaut de Martimprey), biedr\u012bbas \u201cAgape&#13;<br \/>\nLV\u201d nozares Sp\u0113ju kust\u012bba vad\u012bt\u0101ja Baiba Baikovska, koncertz\u0101les \u201cLielais&#13;<br \/>\ndzintars\u201d vad\u012bt\u0101js Timurs Tomsons, kora \u201cBalsis\u201d vad\u012bt\u0101js, projekta \u201cBalsis&#13;<br \/>\nz\u012bmju valod\u0101\u201d realiz\u0113t\u0101js Ints Teterovskis un apvien\u012bbas \u201cApeirons\u201c vad\u012bt\u0101js&#13;<br \/>\nIvars Balodis. Konferences run\u0101t\u0101ji izc\u0113la emocion\u0101lo&#13;<br \/>\npieejam\u012bbu, iek\u013caujo\u0161a kult\u016bras pied\u0101v\u0101juma noz\u012bmi b\u0113rniem ar da\u017e\u0101d\u0101m&#13;<br \/>\nvajadz\u012bb\u0101m, k\u0101 ar\u012b dal\u012bj\u0101s pieredz\u0113 par to, k\u0101 nodro\u0161in\u0101t l\u012bdzv\u0113rt\u012bgas iesp\u0113jas&#13;<br \/>\niesaistei m\u016bzik\u0101, skatuves m\u0101ksl\u0101 un citos kult\u016bras procesos.<\/p>\n<p class=\"MsoNormal\" style=\"text-indent: 0cm; border: medium;\" align=\"left\">\u00a0<\/p>\n<p class=\"MsoNormal\" style=\"text-indent: 0cm; border: medium;\" align=\"left\">V. Jakobsdotira aicin\u0101ja dom\u0101t par pieejam\u012bbu&#13;<br \/>\nk\u0101 past\u0101v\u012bgu procesu: \u201cPieejam\u012bba nav vienreiz\u012bgs darbs \u2013 t\u0101 ir gatav\u012bba&#13;<br \/>\nuztur\u0113t saikni ar savu auditoriju, nep\u0101rtraukti piel\u0101gojoties. M\u0101ksla un&#13;<br \/>\nkult\u016bra nav privil\u0113\u0123ija, t\u0101 ir m\u016bsu kop\u012bg\u0101 telpa.\u201d.<\/p>\n<p class=\"MsoNormal\" style=\"text-indent: 0cm; border: medium;\" align=\"left\">\u00a0<\/p>\n<p class=\"MsoNormal\" style=\"text-indent: 0cm; border: medium;\" align=\"left\">Koncertz\u0101les \u201cLielais dzintars\u201d vad\u012bt\u0101js Timurs Tomsons&#13;<br \/>\nnor\u0101d\u012bja, ka piek\u013c\u016bstam\u012bba s\u0101kas ar vad\u012bbas l\u0113mumu, kam seko strat\u0113\u0123ijas&#13;<br \/>\nizstr\u0101de kop\u0101 ar soci\u0101lajiem partneriem \u2013 piek\u013c\u016bstam\u012bbas ekspertiem,&#13;<br \/>\nlietot\u0101jiem u.c. Vi\u0146\u0161 akcent\u0113ja, ka nav j\u0101m\u0113\u0123ina visu paveikt uzreiz \u2014 katru&#13;<br \/>\ngadu iesp\u0113jams koncentr\u0113ties uz vienu soci\u0101lo grupu, t\u0101d\u0113j\u0101di soli pa solim&#13;<br \/>\nveidojot iek\u013caujo\u0161\u0101ku vidi.<\/p>\n<p class=\"MsoNormal\" style=\"text-indent: 0cm; border: medium;\" align=\"left\">\u00a0<\/p>\n<p class=\"MsoNormal\" style=\"border: medium;\" align=\"left\">Sarun\u0101 par kult\u016bras piek\u013c\u016bstam\u012bbu&#13;<br \/>\ncilv\u0113kiem ar redzes un kust\u012bbu trauc\u0113jumiem biedr\u012bbas &#8220;Agape LV&#8221;&#13;<br \/>\nnozares Sp\u0113ju kust\u012bba vad\u012bt\u0101ja Baiba Baikovska atg\u0101din\u0101ja, ka piek\u013c\u016bstam\u012bba nav&#13;<br \/>\ntikai piel\u0101gota infrastrukt\u016bra, &#8211; b\u016btiski, lai cilv\u0113ks to var\u0113tu izmantot&#13;<br \/>\nsaviem sp\u0113kiem.<\/p>\n<p class=\"MsoNormal\" style=\"border: medium;\" align=\"left\">\u00a0<\/p>\n<p class=\"MsoNormal\" style=\"border: medium;\" align=\"left\">Savuk\u0101rt Ivars Balodis no&#13;<br \/>\norganiz\u0101cijas \u201cApeirons\u201d piek\u013c\u016bstam\u012bbas ievie\u0161anu sal\u012bdzin\u0101ja ar uzvalka&#13;<br \/>\n\u0161\u016b\u0161anu, nor\u0101dot, ka piek\u013c\u016bstam\u012bbas risin\u0101jumiem ir j\u0101b\u016bt cie\u0146pilniem un&#13;<br \/>\np\u0101rdom\u0101tiem, lai tos var gan uzraudz\u012bt, gan uzlabot. T\u0101pat vi\u0146\u0161 aicin\u0101ja&#13;<br \/>\natcer\u0113ties, ka cilv\u0113ki ar invalidit\u0101ti nav tikai kult\u016bras pat\u0113r\u0113t\u0101ji; vi\u0146i ir&#13;<br \/>\nar\u012b akt\u012bvi kult\u016bras procesu dal\u012bbnieki \u2013 kult\u016bras un m\u0101kslas rad\u012bt\u0101ji,&#13;<br \/>\nbr\u012bvpr\u0101t\u012bgie.<\/p>\n<p class=\"MsoNormal\" align=\"left\">\u00a0<\/p>\n<p class=\"MsoNormal\" align=\"left\">Konferences&#13;<br \/>\notraj\u0101 da\u013c\u0101 uz skatuves k\u0101pa&#13;<br \/>\nprojekta \u201cNeredzam\u0101 pasaule\u201d izveidot\u0101js Maksims Mihejevs, biedr\u012bbas&#13;<br \/>\n\u201cSocIntegra\u201d p\u0101rst\u0101ve Marija Ko\u017earina, re\u017eisore un aktrise Liena \u0160mukste,&#13;<br \/>\n\u201cColorize\u201d dibin\u0101t\u0101ja un vides pieejam\u012bbas eksperte L\u012bba B\u0113rzi\u0146a,&#13;<br \/>\nlietojam\u012bbas un piek\u013c\u016bstam\u012bbas eksperts P\u0113teris Jur\u010denko. Tika run\u0101ts par&#13;<br \/>\nsaj\u016btu te\u0101tri, m\u0101kslu cilv\u0113kiem ar redzes trauc\u0113jumiem, ment\u0101lo un digit\u0101lo&#13;<br \/>\npiek\u013c\u016bstam\u012bbu. <\/p>\n<p class=\"MsoNormal\" align=\"left\">\u00a0<\/p>\n<p class=\"MsoNormal\" style=\"border: medium;\" align=\"left\">Re\u017eisore un aktrise Liena \u0160mukste dal\u012bj\u0101s&#13;<br \/>\npieredz\u0113 par saj\u016btu te\u0101tri \u2013 m\u0101kslas formu, kas \u013cauj te\u0101tri piedz\u012bvot ar vis\u0101m&#13;<br \/>\npiec\u0101m ma\u0146\u0101m. Uzaugusi kop\u0101 ar neredz\u012bgiem vecvec\u0101kiem, vi\u0146a uzsv\u0113ra, ka saj\u016btu&#13;<br \/>\nte\u0101tra m\u0113r\u0137is ir rad\u012bt ikvienam pieejamus kult\u016bras notikumus. \u201cIzr\u0101d\u0113s&#13;<br \/>\nskat\u012bt\u0101jiem ir aizv\u0113rtas acis \u2013 str\u0101d\u0101 visas ma\u0146as, un izt\u0113le k\u013c\u016bst par&#13;<br \/>\nspilgt\u0101ko no t\u0101m.\u201d <\/p>\n<p class=\"MsoNormal\" style=\"border: medium;\" align=\"left\">\u00a0<\/p>\n<p class=\"MsoNormal\" style=\"border: medium;\" align=\"left\">\u201cColorize\u201d dibin\u0101t\u0101ja L\u012bba B\u0113rzi\u0146a, uzsv\u0113ra, ka&#13;<br \/>\nEiropas Savien\u012bb\u0101 katram ceturtajam cilv\u0113kam ir k\u0101da invalidit\u0101te, t\u0101p\u0113c&#13;<br \/>\niek\u013cau\u0161ana ir st\u0101sts par mums visiem. Latvij\u0101 ir augsts cilv\u0113ku ar invalidit\u0101ti&#13;<br \/>\n\u012bpatsvars, un 73% no vi\u0146iem ir bez darba, kas rada soci\u0101lo izol\u0101ciju un reiz\u0113&#13;<br \/>\nnezin\u0101\u0161anu citam par citu. L\u012bba aicin\u0101ja iek\u013caut cilv\u0113kus ar invalidit\u0101ti visos&#13;<br \/>\nkult\u016bras l\u012bme\u0146os \u2013 ne tikai k\u0101 skat\u012bt\u0101jus, bet ar\u012b k\u0101 rado\u0161us un akt\u012bvus&#13;<br \/>\nsadarb\u012bbas partnerus.<\/p>\n<p class=\"MsoNormal\" style=\"border: medium;\" align=\"left\"><a name=\"_heading=h.lw4xbazb3l9b\"\/>\u00a0<\/p>\n<p class=\"MsoNormal\" style=\"text-indent: 0cm;\" align=\"left\">Norisin\u0101j\u0101s ar\u012b diskusija \u201cPieejam\u012bba kult\u016br\u0101 \u2013 no politikas l\u012bdz&#13;<br \/>\npieredzei\u201d, kur\u0101 piedal\u012bj\u0101s&#13;<br \/>\nLatvijas Paraolimpisk\u0101s komitejas viceprezidents, vieglatl\u0113ts Aigars Apinis,&#13;<br \/>\npiek\u013c\u016bstam\u012bbas eksperte Daiga Veinberga, Oulu 2026 projektu vad\u012bt\u0101ja Anna&#13;<br \/>\nLitevka-Antolainena (Anna&#13;<br \/>\nLitewka-Anttolainen) no&#13;<br \/>\nSomijas un Kult\u016bras ministres \u0101r\u0161tata padomniece sadarb\u012bbai ar nevalstiskaj\u0101m&#13;<br \/>\norganiz\u0101cij\u0101m Paula Zvejniece.\u00a0<\/p>\n<p class=\"MsoNormal\" style=\"text-indent:0cm\" align=\"left\">\u00a0<\/p>\n<p class=\"MsoNormal\" style=\"border: medium;\" align=\"left\">Diskusijas laik\u0101 tika secin\u0101ts, ka iek\u013caujo\u0161u&#13;<br \/>\nkult\u016brtelpu var rad\u012bt tikai sadarbojoties. T\u0101s pamat\u0101 ir atkl\u0101ta saruna ar&#13;<br \/>\npiek\u013c\u016bstam\u012bbas ekspertiem un t\u0101s lietot\u0101jiem. Svar\u012bgi ir nebaid\u012bties k\u013c\u016bd\u012bties,&#13;<br \/>\nb\u016bt gataviem m\u0101c\u012bties un uzklaus\u012bt citam citu. Piek\u013c\u016bstam\u012bbas eksperte Daiga&#13;<br \/>\nVeinberga uzsv\u0113ra, ka iek\u013caujo\u0161a vide b\u016btu j\u0101veido jau b\u0113rnud\u0101rzos un skol\u0101s,&#13;<br \/>\nlai t\u0101 k\u013c\u016btu par tikpat pa\u0161saprotamu normu k\u0101 dro\u0161\u012bba. Pasaules \u010dempions&#13;<br \/>\nparavieglatl\u0113tik\u0101 Aigars Apinis piebilda, ka Paralimpisk\u0101 komiteja jau \u0161obr\u012bd aicina&#13;<br \/>\nLatvijas skolas iesaist\u012bties projekt\u0101 \u201cI\u2019mPossible\u201d, kura m\u0113r\u0137is ir m\u0101c\u012bt&#13;<br \/>\nskol\u0113niem paralimpisk\u0101s kust\u012bbas v\u0113rt\u012bbas, emp\u0101tiju un iek\u013cau\u0161anu.<\/p>\n<p class=\"MsoNormal\" align=\"left\">\u00a0<\/p>\n<p class=\"MsoNormal\" style=\"border: medium;\" align=\"left\">Dienas nosl\u0113gum\u0101 dal\u012bbnieki piedal\u012bj\u0101s tr\u012bs&#13;<br \/>\npraktisk\u0101s darbn\u012bc\u0101s. Oulu 2026 projektu vad\u012bt\u0101ja Anna Litevka-Antolainena&#13;<br \/>\naicin\u0101ja kult\u016bras l\u012bderus uz konstrukt\u012bvu diskusiju par person\u012bgo skat\u012bjumu uz&#13;<br \/>\nkult\u016bras piek\u013c\u016bstam\u012bbu. Viegl\u0101s valodas a\u0123ent\u016bras vad\u012bt\u0101ja Ir\u012bna Me\u013c\u0146ika&#13;<br \/>\ndemonstr\u0113ja viegl\u0101kas valodas piem\u0113rus, r\u0101dot, k\u0101 sare\u017e\u0123\u012bta inform\u0101cija var&#13;<br \/>\napgr\u016btin\u0101t efekt\u012bvu komunik\u0101ciju. Lietojam\u012bbas un piek\u013c\u016bstam\u012bbas eksperts&#13;<br \/>\nP\u0113teris Jur\u010denko dal\u012bj\u0101s ar bezmaksas r\u012bkiem, kas pal\u012bdz padar\u012bt digit\u0101lo vidi&#13;<br \/>\npieejam\u0101ku ikvienam. Konferences vakar\u0101 interesentiem tika pied\u0101v\u0101ts apmekl\u0113t&#13;<br \/>\nsaj\u016btu te\u0101tra piem\u0113ru \u2013 C\u0113su Maz\u0101 te\u0101tra izr\u0101di \u201cBezgal\u012bgais ritums\u201d Lienas&#13;<br \/>\n\u0160mukstes re\u017eij\u0101.<\/p>\n<p class=\"MsoNormal\" style=\"border: medium;\" align=\"left\">\u00a0<\/p>\n<p class=\"MsoNormal\" style=\"border: medium;\" align=\"left\">Konferenci organiz\u0113ja nodibin\u0101jums&#13;<br \/>\n\u201cNodibin\u0101jums Liep\u0101ja 2027\u201d. Pas\u0101kumu l\u012bdzfinans\u0113ja Liep\u0101jas valstspils\u0113tas&#13;<br \/>\npa\u0161vald\u012bba, Dienvidkurzemes novada pa\u0161vald\u012bba, Kuld\u012bgas novada pa\u0161vald\u012bba,&#13;<br \/>\nLatvijas Kult\u016bras ministrija un projekts \u201cCreArt\u201d. Atbalsta Francijas instit\u016bts Latvij\u0101 un Baltijas re\u0123ion\u0101&#13;<br \/>\nliel\u0101kais autobusu p\u0101rvad\u0101jumu uz\u0146\u0113mums \u201cLux Express\u201d.<\/p>\n<p>\t\t\t\t\t\t\t\t\t<\/p>\n","protected":false},"excerpt":{"rendered":"Tre\u0161dien,&#13; 22. oktobr\u012b, visas dienas garum\u0101 Liep\u0101jas koncertz\u0101l\u0113 \u201cLielais dzintars\u201d&#13; norisin\u0101j\u0101s nodibin\u0101juma \u201cNodibin\u0101jums Liep\u0101ja 2027\u201d (Liep\u0101ja 2027) starptautisk\u0101&hellip;\n","protected":false},"author":2,"featured_media":29997,"comment_status":"","ping_status":"","sticky":false,"template":"","format":"standard","meta":{"footnotes":""},"categories":[12],"tags":[23,28,29,32,33,22,30,31,35,39,38,36,37,34,40,20,26,27,24,25,21],"class_list":{"0":"post-29996","1":"post","2":"type-post","3":"status-publish","4":"format-standard","5":"has-post-thumbnail","7":"category-latvija","8":"tag-aktualitates","9":"tag-breaking-news","10":"tag-breakingnews","11":"tag-featured-news","12":"tag-featurednews","13":"tag-headlines","14":"tag-latest-news","15":"tag-latestnews","16":"tag-latvia","17":"tag-latvian","18":"tag-latviesu","19":"tag-latviesu-valoda","20":"tag-latviesuvaloda","21":"tag-latvija","22":"tag-lv","23":"tag-news","24":"tag-popularakas-zinas","25":"tag-popularakaszinas","26":"tag-top-stories","27":"tag-topstories","28":"tag-zinas"},"share_on_mastodon":{"url":"https:\/\/pubeurope.com\/@lv\/115428871663417626","error":""},"_links":{"self":[{"href":"https:\/\/www.europesays.com\/lv\/wp-json\/wp\/v2\/posts\/29996","targetHints":{"allow":["GET"]}}],"collection":[{"href":"https:\/\/www.europesays.com\/lv\/wp-json\/wp\/v2\/posts"}],"about":[{"href":"https:\/\/www.europesays.com\/lv\/wp-json\/wp\/v2\/types\/post"}],"author":[{"embeddable":true,"href":"https:\/\/www.europesays.com\/lv\/wp-json\/wp\/v2\/users\/2"}],"replies":[{"embeddable":true,"href":"https:\/\/www.europesays.com\/lv\/wp-json\/wp\/v2\/comments?post=29996"}],"version-history":[{"count":0,"href":"https:\/\/www.europesays.com\/lv\/wp-json\/wp\/v2\/posts\/29996\/revisions"}],"wp:featuredmedia":[{"embeddable":true,"href":"https:\/\/www.europesays.com\/lv\/wp-json\/wp\/v2\/media\/29997"}],"wp:attachment":[{"href":"https:\/\/www.europesays.com\/lv\/wp-json\/wp\/v2\/media?parent=29996"}],"wp:term":[{"taxonomy":"category","embeddable":true,"href":"https:\/\/www.europesays.com\/lv\/wp-json\/wp\/v2\/categories?post=29996"},{"taxonomy":"post_tag","embeddable":true,"href":"https:\/\/www.europesays.com\/lv\/wp-json\/wp\/v2\/tags?post=29996"}],"curies":[{"name":"wp","href":"https:\/\/api.w.org\/{rel}","templated":true}]}}