{"id":30018,"date":"2025-10-24T11:43:08","date_gmt":"2025-10-24T11:43:08","guid":{"rendered":"https:\/\/www.europesays.com\/lv\/30018\/"},"modified":"2025-10-24T11:43:08","modified_gmt":"2025-10-24T11:43:08","slug":"bez-partijam-pazino-ka-nesadarbosies-ar-partiju-platforma-21","status":"publish","type":"post","link":"https:\/\/www.europesays.com\/lv\/30018\/","title":{"rendered":"Bez partij\u0101m&#8221; pazi\u0146o, ka nesadarbosies ar partiju &#8220;Platforma 21"},"content":{"rendered":"<p>&#8220;Platforma 21&#8221; l\u012bdzpriek\u0161s\u0113d\u0113t\u0101js Agris Freifalts nor\u0101d\u012bja, ka l\u012bdz\u012bgu pied\u0101v\u0101jumu bija pl\u0101nots izteikt ar\u012b uz 2026. gada Saeimas v\u0113l\u0113\u0161an\u0101m, ta\u010du \u0161obr\u012bd, l\u012bdz ar kust\u012bbas &#8220;Bez partij\u0101m&#8221; veido\u0161anos, \u0161\u012bs iniciat\u012bvas &#8220;var\u0113tu labi sasaist\u012bt kop\u0101&#8221;, vi\u0146\u0161 pauda.<\/p>\n<p>K\u0101 v\u0113st\u012bts, politisk\u0101 kust\u012bba &#8220;Bez partij\u0101m&#8221; pl\u0101no start\u0113t n\u0101kam\u0101 gada Saeimas v\u0113l\u0113\u0161an\u0101s, a\u0123ent\u016brai LETA teica kust\u012bbas p\u0101rst\u0101vis, Saeimas deput\u0101ts Didzis \u0160mits.<\/p>\n<p>Savuk\u0101rt uz\u0146\u0113m\u0113js Armands Broks a\u0123ent\u016brai LETA nor\u0101d\u012bja, ka par partijas startu Saeimas v\u0113l\u0113\u0161an\u0101s esot p\u0101ragri spriest. Vi\u0146\u0161 pauda, ka esot j\u0101saprot, k\u0101da b\u016bs cilv\u0113ku atsauc\u012bba. Reiz\u0113 vi\u0146\u0161 neizsl\u0113dza sadarb\u012bbu ar cit\u0101m partij\u0101m, nor\u0101dot, ka t\u0101das sarunas notiekot, bet ar\u012b par to esot p\u0101ragri run\u0101t.<\/p>\n<p>No likuma izriet, ka kandid\u0101tu sarakstu var iesniegt likum\u0101 noteiktaj\u0101 k\u0101rt\u012bb\u0101 re\u0123istr\u0113ta politisk\u0101 partija, kura dibin\u0101ta ne v\u0113l\u0101k k\u0101 vienu gadu pirms Saeimas v\u0113l\u0113\u0161an\u0101m un kur\u0101 ir ne maz\u0101k k\u0101 500 biedru.<\/p>\n<p>\u0160mits nor\u0101d\u012bja, ka &#8220;Bez partij\u0101m&#8221; pl\u0101nojot k\u0101du sadarb\u012bbu ar k\u0101du politisko sp\u0113ku, jo past\u0101v \u0161is juridiskais \u0161\u0137\u0113rslis. P\u0113c vi\u0146a v\u0101rdiem, esot vair\u0101ki scen\u0101riji, k\u0101 \u0161o situ\u0101ciju risin\u0101t, ta\u010du par to v\u0113l esot p\u0101ragri spriest. Konkr\u0113tas partijas politi\u0137is attur\u0113j\u0101s nosaukt.<\/p>\n<p>Latvijas Telev\u012bzijas raid\u012bjums &#8220;Panor\u0101ma&#8221; pirmdien zi\u0146oja, ka neofici\u0101li izskan\u0113jusi inform\u0101cija, ka kust\u012bba var\u0113tu sadarboties ar politisko partiju &#8220;Platforma 21&#8221;.<\/p>\n<p>Ar nosaukumu &#8220;Platforma 21&#8221; partija start\u0113ja ar\u012b aizvad\u012btaj\u0101s pa\u0161vald\u012bbu v\u0113l\u0113\u0161an\u0101s. Pa\u0161u partiju savulaik izveidoja Aldis Gobzems (tagad &#8211; Arigo Toro). Partija, kas sen\u0101k bija paz\u012bstama k\u0101 &#8220;Katram un katrai&#8221; un v\u0113l pirms tam &#8211; ar\u012b k\u0101 &#8220;Likums un k\u0101rt\u012bba&#8221;, Gobzema vad\u012bb\u0101 gana nopietni pretend\u0113ja uz iek\u013c\u016b\u0161anu 14. Saeim\u0101, taj\u0101 gan neiek\u013cuva, Gobzemam p\u0113c tam pametot pa\u0161a lolojumu.<\/p>\n","protected":false},"excerpt":{"rendered":"&#8220;Platforma 21&#8221; l\u012bdzpriek\u0161s\u0113d\u0113t\u0101js Agris Freifalts nor\u0101d\u012bja, ka l\u012bdz\u012bgu pied\u0101v\u0101jumu bija pl\u0101nots izteikt ar\u012b uz 2026. gada Saeimas v\u0113l\u0113\u0161an\u0101m,&hellip;\n","protected":false},"author":2,"featured_media":30019,"comment_status":"","ping_status":"","sticky":false,"template":"","format":"standard","meta":{"footnotes":""},"categories":[5],"tags":[23,8663,28,29,32,33,22,30,31,35,39,38,36,37,34,40,20,26,27,24,25,21],"class_list":{"0":"post-30018","1":"post","2":"type-post","3":"status-publish","4":"format-standard","5":"has-post-thumbnail","7":"category-aktualitates","8":"tag-aktualitates","9":"tag-bez-partijam","10":"tag-breaking-news","11":"tag-breakingnews","12":"tag-featured-news","13":"tag-featurednews","14":"tag-headlines","15":"tag-latest-news","16":"tag-latestnews","17":"tag-latvia","18":"tag-latvian","19":"tag-latviesu","20":"tag-latviesu-valoda","21":"tag-latviesuvaloda","22":"tag-latvija","23":"tag-lv","24":"tag-news","25":"tag-popularakas-zinas","26":"tag-popularakaszinas","27":"tag-top-stories","28":"tag-topstories","29":"tag-zinas"},"share_on_mastodon":{"url":"https:\/\/pubeurope.com\/@lv\/115428969928538221","error":""},"_links":{"self":[{"href":"https:\/\/www.europesays.com\/lv\/wp-json\/wp\/v2\/posts\/30018","targetHints":{"allow":["GET"]}}],"collection":[{"href":"https:\/\/www.europesays.com\/lv\/wp-json\/wp\/v2\/posts"}],"about":[{"href":"https:\/\/www.europesays.com\/lv\/wp-json\/wp\/v2\/types\/post"}],"author":[{"embeddable":true,"href":"https:\/\/www.europesays.com\/lv\/wp-json\/wp\/v2\/users\/2"}],"replies":[{"embeddable":true,"href":"https:\/\/www.europesays.com\/lv\/wp-json\/wp\/v2\/comments?post=30018"}],"version-history":[{"count":0,"href":"https:\/\/www.europesays.com\/lv\/wp-json\/wp\/v2\/posts\/30018\/revisions"}],"wp:featuredmedia":[{"embeddable":true,"href":"https:\/\/www.europesays.com\/lv\/wp-json\/wp\/v2\/media\/30019"}],"wp:attachment":[{"href":"https:\/\/www.europesays.com\/lv\/wp-json\/wp\/v2\/media?parent=30018"}],"wp:term":[{"taxonomy":"category","embeddable":true,"href":"https:\/\/www.europesays.com\/lv\/wp-json\/wp\/v2\/categories?post=30018"},{"taxonomy":"post_tag","embeddable":true,"href":"https:\/\/www.europesays.com\/lv\/wp-json\/wp\/v2\/tags?post=30018"}],"curies":[{"name":"wp","href":"https:\/\/api.w.org\/{rel}","templated":true}]}}