{"id":30038,"date":"2025-10-24T12:07:07","date_gmt":"2025-10-24T12:07:07","guid":{"rendered":"https:\/\/www.europesays.com\/lv\/30038\/"},"modified":"2025-10-24T12:07:07","modified_gmt":"2025-10-24T12:07:07","slug":"helikoptera-katastrofa-aiziet-boja-teju-visa-gimene","status":"publish","type":"post","link":"https:\/\/www.europesays.com\/lv\/30038\/","title":{"rendered":"Helikoptera katastrof\u0101 aiziet boj\u0101 teju visa \u0123imene"},"content":{"rendered":"<p class=\"descr\">Tre\u0161dien helikoptera av\u0101rij\u0101 g\u0101ja boj\u0101 republik\u0101\u0146u gubernatora amata kandid\u0101ta un biju\u0161\u0101 Ilinoisas \u0161tata senatora Darena Beilija \u0123imenes locek\u013ci, v\u0113sta \u201cCBS News\u201d.<\/p>\n<p>Beilija kampa\u0146as pazi\u0146ojum\u0101 teikts, ka vi\u0146a d\u0113ls, vedekla un divi mazb\u0113rni g\u0101ja boj\u0101 <a href=\"https:\/\/nra.lv\/birka\/helikoptera-avarija\/\" target=\"_blank\" rel=\"noopener nofollow\">helikoptera av\u0101rij\u0101<\/a> Mont\u0101nas \u0161tat\u0101 <a href=\"https:\/\/nra.lv\/birka\/asv\/\" target=\"_blank\" rel=\"noopener nofollow\">ASV<\/a>. Beilija divi mazb\u0113rni bija 12 un 7 gadus veci.<\/p>\n<p>P\u0101ra tre\u0161ais b\u0113rns nebija helikopter\u0101 un ir dro\u0161\u012bb\u0101.<\/p>\n<p>Vi\u0146a kampa\u0146as vad\u012bt\u0101ja pazi\u0146oja, ka Beilijam un vi\u0146a sieva Sindijai ir &#8220;salauztas sirdis par \u0161o neiedom\u0101jamo zaud\u0113jumu&#8221; un vi\u0146i &#8220;rod mierin\u0101jumu sav\u0101 tic\u012bb\u0101, \u0123imen\u0113 un daudzu cilv\u0113ku <a href=\"https:\/\/nra.lv\/birka\/lugsanas\/\" target=\"_blank\" rel=\"noopener nofollow\">l\u016bg\u0161an\u0101s<\/a>, kuri vi\u0146us m\u012bl un r\u016bp\u0113jas par vi\u0146iem&#8221;.<\/p>\n<p>Pag\u0101ju\u0161aj\u0101 m\u0113nes\u012b Beilijs uzs\u0101ka savu kampa\u0146u par <a href=\"https:\/\/nra.lv\/birka\/republikani\/\" target=\"_blank\" rel=\"noopener nofollow\">Republik\u0101\u0146u<\/a> partijas nomin\u0101ciju Ilinoisas gubernatora amatam n\u0101kam\u0101 gada v\u0113l\u0113\u0161an\u0101s. Kuka apgabala Republik\u0101\u0146u partijas priek\u0161s\u0113d\u0113t\u0101js \u0100rons Del M\u0101rs b\u016bs Beilija viceprezidenta kandid\u0101ts.<\/p>\n<p>Del M\u0101rs apstiprin\u0101ja, ka Beilija d\u0113ls Zaharijs <a href=\"https:\/\/nra.lv\/birka\/katastrofas\/\" target=\"_blank\" rel=\"noopener nofollow\">negad\u012bjuma<\/a> laik\u0101 vad\u012bja helikopteru. &#8220;P\u0113d\u0113j\u0101s 15 stundas ir bijis posto\u0161s un sirdi ploso\u0161s st\u0101sts,&#8221; vi\u0146\u0161 teica. &#8220;Vi\u0146a \u0123imene bija skaista,&#8221; piebilda politi\u0137is.<\/p>\n<p>Vi\u0146\u0161 ar\u012b apstiprin\u0101ja, ka Beilijs ir kop\u0101 ar savu izdz\u012bvoju\u0161o 10 gadus veco mazd\u0113lu.<\/p>\n<p>Notiek <a href=\"https:\/\/nra.lv\/birka\/izmeklesana\/\" target=\"_blank\" rel=\"noopener nofollow\">izmekl\u0113\u0161ana<\/a>, lai noskaidrotu negad\u012bjuma c\u0113loni.<\/p>\n<blockquote class=\"twitter-tweet\">\n<p lang=\"en\" dir=\"ltr\">Devastating helicopter crash in Montana takes son and 3 family members of IL GOP Gov candidate Darren Bailey. Zachary Bailey was flying the chopper as he often did for the Bailey family farm and campaign events. Darren Bailey enroute to scene. <a href=\"https:\/\/t.co\/vUhwDAFm1q\" rel=\"nofollow\">pic.twitter.com\/vUhwDAFm1q<\/a><\/p>\n<p>\u2014 Mary Ann Ahern (@MaryAnnAhernNBC) <a href=\"https:\/\/twitter.com\/MaryAnnAhernNBC\/status\/1981389434344915454?ref_src=twsrc%5Etfw\" rel=\"nofollow noopener\" target=\"_blank\">October 23, 2025<\/a><\/p><\/blockquote>\n<blockquote class=\"twitter-tweet\">\n<p lang=\"en\" dir=\"ltr\">GOP governor candidate Darren Bailey\u2019s son, daughter-in-law, and two grandchildren, ages 7 and 12, were killed in a helicopter crash in Montana, his campaign shared early this morning. His 10-year-old grandson Finn, shown here, was not on board and is safe, the campaign confirms. <a href=\"https:\/\/t.co\/MV3r48N2qk\" rel=\"nofollow\">https:\/\/t.co\/MV3r48N2qk<\/a><\/p>\n<p>\u2014 Courtney Spinelli (@CourtSpinelliTV) <a href=\"https:\/\/twitter.com\/CourtSpinelliTV\/status\/1981294177246740554?ref_src=twsrc%5Etfw\" rel=\"nofollow noopener\" target=\"_blank\">October 23, 2025<\/a><\/p><\/blockquote>\n<p>\t\t\t\t\t\tinfo<\/p>\n<p>Uzzini pirmais<br \/>kas interesants noticis Latvij\u0101 un pasaul\u0113,<br \/>pievienojoties mums <a href=\"https:\/\/t.me\/neatkariga\" rel=\"nofollow\">Telegram<\/a> vai <a href=\"https:\/\/whatsapp.com\/channel\/0029VaMLFUH5K3zLU5s4wm3y\" rel=\"nofollow noopener\" target=\"_blank\">Whatsapp<\/a> kan\u0101l\u0101<\/p>\n<p>\t\t\t\t\t\t\t\t\t<script async src=\"https:\/\/platform.twitter.com\/widgets.js\" charset=\"utf-8\"><\/script><\/p>\n","protected":false},"excerpt":{"rendered":"Tre\u0161dien helikoptera av\u0101rij\u0101 g\u0101ja boj\u0101 republik\u0101\u0146u gubernatora amata kandid\u0101ta un biju\u0161\u0101 Ilinoisas \u0161tata senatora Darena Beilija \u0123imenes locek\u013ci,&hellip;\n","protected":false},"author":2,"featured_media":30039,"comment_status":"","ping_status":"","sticky":false,"template":"","format":"standard","meta":{"footnotes":""},"categories":[5],"tags":[23,28,29,32,33,22,30,31,35,39,38,36,37,34,40,20,26,27,24,25,21],"class_list":{"0":"post-30038","1":"post","2":"type-post","3":"status-publish","4":"format-standard","5":"has-post-thumbnail","7":"category-aktualitates","8":"tag-aktualitates","9":"tag-breaking-news","10":"tag-breakingnews","11":"tag-featured-news","12":"tag-featurednews","13":"tag-headlines","14":"tag-latest-news","15":"tag-latestnews","16":"tag-latvia","17":"tag-latvian","18":"tag-latviesu","19":"tag-latviesu-valoda","20":"tag-latviesuvaloda","21":"tag-latvija","22":"tag-lv","23":"tag-news","24":"tag-popularakas-zinas","25":"tag-popularakaszinas","26":"tag-top-stories","27":"tag-topstories","28":"tag-zinas"},"share_on_mastodon":{"url":"https:\/\/pubeurope.com\/@lv\/115429064480144378","error":""},"_links":{"self":[{"href":"https:\/\/www.europesays.com\/lv\/wp-json\/wp\/v2\/posts\/30038","targetHints":{"allow":["GET"]}}],"collection":[{"href":"https:\/\/www.europesays.com\/lv\/wp-json\/wp\/v2\/posts"}],"about":[{"href":"https:\/\/www.europesays.com\/lv\/wp-json\/wp\/v2\/types\/post"}],"author":[{"embeddable":true,"href":"https:\/\/www.europesays.com\/lv\/wp-json\/wp\/v2\/users\/2"}],"replies":[{"embeddable":true,"href":"https:\/\/www.europesays.com\/lv\/wp-json\/wp\/v2\/comments?post=30038"}],"version-history":[{"count":0,"href":"https:\/\/www.europesays.com\/lv\/wp-json\/wp\/v2\/posts\/30038\/revisions"}],"wp:featuredmedia":[{"embeddable":true,"href":"https:\/\/www.europesays.com\/lv\/wp-json\/wp\/v2\/media\/30039"}],"wp:attachment":[{"href":"https:\/\/www.europesays.com\/lv\/wp-json\/wp\/v2\/media?parent=30038"}],"wp:term":[{"taxonomy":"category","embeddable":true,"href":"https:\/\/www.europesays.com\/lv\/wp-json\/wp\/v2\/categories?post=30038"},{"taxonomy":"post_tag","embeddable":true,"href":"https:\/\/www.europesays.com\/lv\/wp-json\/wp\/v2\/tags?post=30038"}],"curies":[{"name":"wp","href":"https:\/\/api.w.org\/{rel}","templated":true}]}}