{"id":30040,"date":"2025-10-24T12:08:07","date_gmt":"2025-10-24T12:08:07","guid":{"rendered":"https:\/\/www.europesays.com\/lv\/30040\/"},"modified":"2025-10-24T12:08:07","modified_gmt":"2025-10-24T12:08:07","slug":"dziedataja-zane-dombrovska-laiz-klaja-jaunu-singlu-tuvak","status":"publish","type":"post","link":"https:\/\/www.europesays.com\/lv\/30040\/","title":{"rendered":"Dzied\u0101t\u0101ja Zane Dombrovska lai\u017e klaj\u0101 jaunu singlu &#8220;Tuv\u0101k&#8221;"},"content":{"rendered":"<p>Dziesma turpina pavasar\u012b ar singlu &#8220;Va\u013c\u0101&#8221; aizs\u0101kto m\u012blest\u012bbas t\u0113mu, iedzi\u013cinoties attiec\u012bbu, emociju un ska\u0146as nian\u0161u daudzsl\u0101\u0146ain\u012bb\u0101.<\/p>\n<p>Dziesmai tapusi ar\u012b videoversija, kuras rado\u0161aj\u0101 komand\u0101 darboj\u0101s M\u0101ris Mork\u0101ns (foto un video mont\u0101\u017ea), stiliste Olga Kolotova un viz\u0101\u017eiste Anda \u0160teina.<\/p>\n<p>Video: <a href=\"https:\/\/sejas.tvnet.lv\/term\/556879\/zane-dombrovska\" class=\"topicLink\" target=\"_blank\" rel=\"nofollow noopener\">Zane Dombrovska<\/a> &#8211; &#8220;Tuv\u0101k&#8221;<\/p>\n<p>&#8220;Ar \u0161o dziesmu gribu iedro\u0161in\u0101t sevi un klaus\u012bt\u0101jus b\u016bt tuv\u0101k &#8211; gan otram, gan pa\u0161iem sev. Katrs solis k\u0101 elpa, k\u0101 stars, ved m\u016bs tuv\u0101k \u013cauties sav\u0101m saj\u016bt\u0101m. Mekl\u0113t sevi sav\u0101 spogul\u012b un nebaid\u012bties sevi redz\u0113t,&#8221; par jauno veikumu, kuram \u012bpa\u0161u noska\u0146u pie\u0161\u0137\u012bris \u010dellists Markuss Skraucis, saka dzied\u0101t\u0101ja.<\/p>\n<p>Jaun\u0101s dziesmas ieraksts tapis studij\u0101 &#8220;AMFO&#8221;, par ko dzied\u0101t\u0101ja saka person\u012bgu paldies Ain\u0101ram Majoram par atbalstu ieraksta procesa notik\u0161anai. T\u0101pat k\u0101 iepriek\u0161\u0113j\u0101 singl\u0101, ar\u012b \u0161oreiz Zane rado\u0161i sadarbojusies ar producentu un m\u016bzi\u0137i Tomu Kagaini, savuk\u0101rt dziesmas miksu un m\u0101steringu veicis Edgars Skr\u0101\u0123is no Mixing LV.<\/p>\n<p>&#8220;\u012apa\u0161s paldies Latvijas Nacion\u0101l\u0101 te\u0101tra aktrisei Annai Kl\u0113verei par tradicion\u0101lu sadarb\u012bbu tekstu rev\u012bzij\u0101, k\u0101 ar\u012b Madarai Man\u010dinskai par iesp\u0113ju izmantot vi\u0146as personisko auto klip\u0101. Paldies visiem, visiem, kas dz\u012bvoja l\u012bdzi dziesmas tap\u0161anai,&#8221; pau\u017e Zane Dombrovska.<\/p>\n","protected":false},"excerpt":{"rendered":"Dziesma turpina pavasar\u012b ar singlu &#8220;Va\u013c\u0101&#8221; aizs\u0101kto m\u012blest\u012bbas t\u0113mu, iedzi\u013cinoties attiec\u012bbu, emociju un ska\u0146as nian\u0161u daudzsl\u0101\u0146ain\u012bb\u0101. Dziesmai tapusi&hellip;\n","protected":false},"author":2,"featured_media":30041,"comment_status":"","ping_status":"","sticky":false,"template":"","format":"standard","meta":{"footnotes":""},"categories":[19],"tags":[89,90,35,39,38,36,37,34,40,6565],"class_list":{"0":"post-30040","1":"post","2":"type-post","3":"status-publish","4":"format-standard","5":"has-post-thumbnail","7":"category-izklaide","8":"tag-entertainment","9":"tag-izklaide","10":"tag-latvia","11":"tag-latvian","12":"tag-latviesu","13":"tag-latviesu-valoda","14":"tag-latviesuvaloda","15":"tag-latvija","16":"tag-lv","17":"tag-zane-dombrovska"},"share_on_mastodon":{"url":"https:\/\/pubeurope.com\/@lv\/115429068191050695","error":""},"_links":{"self":[{"href":"https:\/\/www.europesays.com\/lv\/wp-json\/wp\/v2\/posts\/30040","targetHints":{"allow":["GET"]}}],"collection":[{"href":"https:\/\/www.europesays.com\/lv\/wp-json\/wp\/v2\/posts"}],"about":[{"href":"https:\/\/www.europesays.com\/lv\/wp-json\/wp\/v2\/types\/post"}],"author":[{"embeddable":true,"href":"https:\/\/www.europesays.com\/lv\/wp-json\/wp\/v2\/users\/2"}],"replies":[{"embeddable":true,"href":"https:\/\/www.europesays.com\/lv\/wp-json\/wp\/v2\/comments?post=30040"}],"version-history":[{"count":0,"href":"https:\/\/www.europesays.com\/lv\/wp-json\/wp\/v2\/posts\/30040\/revisions"}],"wp:featuredmedia":[{"embeddable":true,"href":"https:\/\/www.europesays.com\/lv\/wp-json\/wp\/v2\/media\/30041"}],"wp:attachment":[{"href":"https:\/\/www.europesays.com\/lv\/wp-json\/wp\/v2\/media?parent=30040"}],"wp:term":[{"taxonomy":"category","embeddable":true,"href":"https:\/\/www.europesays.com\/lv\/wp-json\/wp\/v2\/categories?post=30040"},{"taxonomy":"post_tag","embeddable":true,"href":"https:\/\/www.europesays.com\/lv\/wp-json\/wp\/v2\/tags?post=30040"}],"curies":[{"name":"wp","href":"https:\/\/api.w.org\/{rel}","templated":true}]}}