{"id":30044,"date":"2025-10-24T12:19:10","date_gmt":"2025-10-24T12:19:10","guid":{"rendered":"https:\/\/www.europesays.com\/lv\/30044\/"},"modified":"2025-10-24T12:19:10","modified_gmt":"2025-10-24T12:19:10","slug":"es-neizdodas-vienoties-par-krievijas-iesaldeto-aktivu-izmantosanu-ukrainas-finansesanai-delfi","status":"publish","type":"post","link":"https:\/\/www.europesays.com\/lv\/30044\/","title":{"rendered":"ES neizdodas vienoties par Krievijas iesald\u0113to akt\u012bvu izmanto\u0161anu Ukrainas finans\u0113\u0161anai &#8211; Delfi"},"content":{"rendered":"<ol>\n<li><a href=\"https:\/\/news.google.com\/rss\/articles\/CBMi0AFBVV95cUxOLTVrLUZCQXItRmJ4ZldLTEZpT3NkRkVPRFFGRlVoamxsdkxjbXJfa0d0VU9sbDRkQWFxQUtYelVTa1ltRXNxSVJnZUstc2RLdTVvbzJHbUMyYjY0eTF0c0gxTjlHY1hDLUV2ZXZIN2lseW9hcExoN0tBS3U5amhBaGV1MVlCWEJSU0FWWkVVcXBNY0FfaWhKTkJXRE1fTHNKR2NHVzVzcUluUEtjaUYtMFBCSG1LT0xETmcyMVFna1I0RzdNQnVoLU8zcjBLcUwz?oc=5\" target=\"_blank\" rel=\"nofollow noopener\">ES neizdodas vienoties par Krievijas iesald\u0113to akt\u012bvu izmanto\u0161anu Ukrainas finans\u0113\u0161anai<\/a>&nbsp;&nbsp;Delfi<\/li>\n<li><a href=\"https:\/\/news.google.com\/rss\/articles\/CBMi8wFBVV95cUxPUGF1YVBqeXVQanF4WlZVTG5qanFoLWVTUGVWZkZKMXE2bVNvekNHUmd1RXpuX0RBQi1LSl9uUi02WWd1OTdPT3VhR21oSmJGeVlZVlRMVl9zT0oydm9vbE9BT3BadEoxenF0N0xMLTZVUmlqTzN2VEZRSVgzbGV3NVdzYXc2TThnM1cxWjRWaGJTWXZqanY5SXItQXVvTEFEOTlfZTR1QThyeXM3UFl1RzZsME1IcnRNbEYyUGJNVnlhY0YybVNlYWplMnNMVTlKREd1X29rR2N0R1Ixay1Dc25NM0lPa3V0eWs5WEhHVXBwam8?oc=5\" target=\"_blank\" rel=\"nofollow noopener\">Eiropadomes samit\u0101 izce\u013cas karstas diskusijas par repar\u0101ciju aizdevumu Ukrainai; l\u0113mumu kav\u0113 Be\u013c\u0123ija<\/a>&nbsp;&nbsp;LSM<\/li>\n<li><a href=\"https:\/\/news.google.com\/rss\/articles\/CBMipgFBVV95cUxNeUlMSS1ULWxObEhOeml1aEh4VUdNTWJFNEktQ0gzZ2JqdzdVdmVvM0JPRzE5cUtmb3RIdXF3UDMwOVAwYWFOWncwUTFfaUhoeFJXaXJGeG1KbVZnSy1FdDJxWHNyWTc4alB0S3NSZHpQTEVGam5MNmtGR2NocGY5NkNPZDZXdTFsallUSTdBYThuN09uSmVmUERNWEM2M1RUVEpLX1N3?oc=5\" target=\"_blank\" rel=\"nofollow noopener\">Medijs: ASV atsak\u0101s pievienoties ES pl\u0101nam par Krievijas akt\u012bvu izmanto\u0161anu<\/a>&nbsp;&nbsp;TVNET<\/li>\n<li><a href=\"https:\/\/news.google.com\/rss\/articles\/CBMi2gFBVV95cUxPZkNSZkV2RlNoWl9VVU1uRk1uOWxkTHlVbEUwNHRVRGc1eGlMdE5XMm8yYlJ4ckdWYWxqWEs0QWhuVkNwSy10YWVBSHU1eUlscUFZLXJOVEhwMnVVQlNFckphS2RxTUE3Mk1VNk5EWUdnWFNtR2hJNFRmS3FzdkVVR0k1X1VwYmduMzBJVlJoOTFyYjNIN1hOb21Iek5iQTBYajNEOUZmVW8ya0pvYUNQVm9Db2x6TWZiRFlFX0tDQnFyR3JJbVEzOXktR2h6cVFwYUVlaVJDV1E0UQ?oc=5\" target=\"_blank\" rel=\"nofollow noopener\">Ministru prezidente cer, ka Krievijas iesald\u0113tos akt\u012bvus jau \u0161ogad var\u0113s izmantot k\u0101 garantu Ukrainas atbalstam<\/a>&nbsp;&nbsp;1188.lv<\/li>\n<li><a href=\"https:\/\/news.google.com\/rss\/articles\/CBMisAFBVV95cUxOZWl0blpBQXFKNUFJU2RfdXlQa0J0a180OWt3czVfdVVvUFpqc0E0bnNjNmMxaEwwMUZzQ0dLaWhPdk5wZzZRYmtid251R0duODhHR3c1cmhZRkpUUndRMm9BU2tKNzlRSnUtTDMzNFcteDVpYUd2XzMydWM5UkJzSnFqd2Vmb0JGY1U3QmdvaVJoX2MwWHV3ZXlDQy1mcGNibVM4Ynl3WEEwbEU4amtGeA?oc=5\" target=\"_blank\" rel=\"nofollow noopener\">ES pl\u0101ns izmantot iesald\u0113tos Krievijas akt\u012bvus Ukrainas finans\u0113\u0161anai<\/a>&nbsp;&nbsp;Sargs.lv<\/li>\n<\/ol>\n","protected":false},"excerpt":{"rendered":"ES neizdodas vienoties par Krievijas iesald\u0113to akt\u012bvu izmanto\u0161anu Ukrainas finans\u0113\u0161anai&nbsp;&nbsp;Delfi Eiropadomes samit\u0101 izce\u013cas karstas diskusijas par repar\u0101ciju aizdevumu&hellip;\n","protected":false},"author":2,"featured_media":30045,"comment_status":"","ping_status":"","sticky":false,"template":"","format":"standard","meta":{"footnotes":""},"categories":[5],"tags":[23,28,29,514,32,33,22,234,30,31,35,39,38,36,37,34,40,20,26,27,24,25,276,21],"class_list":{"0":"post-30044","1":"post","2":"type-post","3":"status-publish","4":"format-standard","5":"has-post-thumbnail","7":"category-aktualitates","8":"tag-aktualitates","9":"tag-breaking-news","10":"tag-breakingnews","11":"tag-eiropas-savieniba","12":"tag-featured-news","13":"tag-featurednews","14":"tag-headlines","15":"tag-krievija","16":"tag-latest-news","17":"tag-latestnews","18":"tag-latvia","19":"tag-latvian","20":"tag-latviesu","21":"tag-latviesu-valoda","22":"tag-latviesuvaloda","23":"tag-latvija","24":"tag-lv","25":"tag-news","26":"tag-popularakas-zinas","27":"tag-popularakaszinas","28":"tag-top-stories","29":"tag-topstories","30":"tag-ukraina","31":"tag-zinas"},"share_on_mastodon":{"url":"https:\/\/pubeurope.com\/@lv\/115429111837019373","error":""},"_links":{"self":[{"href":"https:\/\/www.europesays.com\/lv\/wp-json\/wp\/v2\/posts\/30044","targetHints":{"allow":["GET"]}}],"collection":[{"href":"https:\/\/www.europesays.com\/lv\/wp-json\/wp\/v2\/posts"}],"about":[{"href":"https:\/\/www.europesays.com\/lv\/wp-json\/wp\/v2\/types\/post"}],"author":[{"embeddable":true,"href":"https:\/\/www.europesays.com\/lv\/wp-json\/wp\/v2\/users\/2"}],"replies":[{"embeddable":true,"href":"https:\/\/www.europesays.com\/lv\/wp-json\/wp\/v2\/comments?post=30044"}],"version-history":[{"count":0,"href":"https:\/\/www.europesays.com\/lv\/wp-json\/wp\/v2\/posts\/30044\/revisions"}],"wp:featuredmedia":[{"embeddable":true,"href":"https:\/\/www.europesays.com\/lv\/wp-json\/wp\/v2\/media\/30045"}],"wp:attachment":[{"href":"https:\/\/www.europesays.com\/lv\/wp-json\/wp\/v2\/media?parent=30044"}],"wp:term":[{"taxonomy":"category","embeddable":true,"href":"https:\/\/www.europesays.com\/lv\/wp-json\/wp\/v2\/categories?post=30044"},{"taxonomy":"post_tag","embeddable":true,"href":"https:\/\/www.europesays.com\/lv\/wp-json\/wp\/v2\/tags?post=30044"}],"curies":[{"name":"wp","href":"https:\/\/api.w.org\/{rel}","templated":true}]}}