{"id":30048,"date":"2025-10-24T12:22:07","date_gmt":"2025-10-24T12:22:07","guid":{"rendered":"https:\/\/www.europesays.com\/lv\/30048\/"},"modified":"2025-10-24T12:22:07","modified_gmt":"2025-10-24T12:22:07","slug":"nacionalais-kiberdrosibas-centrs-aicina-apmeklet-seminarus-par-kiberdrosibu-bauska-jekabpili-cesis-un-riga","status":"publish","type":"post","link":"https:\/\/www.europesays.com\/lv\/30048\/","title":{"rendered":"Nacion\u0101lais kiberdro\u0161\u012bbas centrs aicina apmekl\u0113t semin\u0101rus par kiberdro\u0161\u012bbu Bausk\u0101, J\u0113kabpil\u012b, C\u0113s\u012bs un R\u012bg\u0101"},"content":{"rendered":"<p class=\"text-align-justify\">Novembr\u012b un decembr\u012b Nacion\u0101lais kiberdro\u0161\u012bbas centrs organiz\u0113 re\u0123ion\u0101los semin\u0101rus Bausk\u0101, J\u0113kabpil\u012b, C\u0113s\u012bs un R\u012bg\u0101 ar m\u0113r\u0137i veicin\u0101t kiberdro\u0161\u012bbas p\u0101rvaldnieku un b\u016btisko un svar\u012bgo pakalpojumu sniedz\u0113ju izpratni par kiberdro\u0161\u012bbu, t\u0101s noz\u012bmi, k\u0101 ar\u012b inform\u0113tu par kiberdro\u0161\u012bbas stiprin\u0101\u0161anu, kiberdro\u0161\u012bbas p\u0101rvaldnieka kompetences uzlabo\u0161anu un inform\u0101ciju par aktualit\u0101t\u0113m jauno pras\u012bbu piem\u0113ro\u0161an\u0101.\u00a0<\/p>\n<p class=\"text-align-justify\">Semin\u0101ros \u012bpa\u0161a uzman\u012bba tiks piev\u0113rsta situ\u0101cijai Latvijas kibertelp\u0101, apl\u016bkojot aktu\u0101los apdraud\u0113jumu veidus un sniedzot ieteikumus kiberhigi\u0113nas uzlabo\u0161anai. Semin\u0101ru dal\u012bbnieki tiks inform\u0113ti par CERT.LV pied\u0101v\u0101tajiem bezmaksas risin\u0101jumiem kiberdro\u0161\u012bbas uzlabo\u0161anai, par kiberincidentu atpaz\u012b\u0161anu un nov\u0113r\u0161anu, k\u0101 ar\u012b pareizu zi\u0146o\u0161anas k\u0101rt\u012bbu, ja n\u0101cies saskarties ar kiberuzbrukumu.<\/p>\n<p class=\"text-align-justify\">Dal\u012bbnieki tiks iepaz\u012bstin\u0101ti ar Ministru kabineta 2025. gada 25. j\u016bnija noteikumiem Nr. 397 \u201cMinim\u0101l\u0101s kiberdro\u0161\u012bbas pras\u012bbas\u201d un praktiskiem padomiem jauno pras\u012bbu ievie\u0161an\u0101. Semin\u0101ros pl\u0101nots inform\u0113t ar\u012b par t\u0101l\u0101ko Nacion\u0101l\u0101s kiberdro\u0161\u012bbas likum\u0101 noteikto uzraudz\u012bbas procesu un par to, ko no \u0161\u012b procesa var sagaid\u012bt uz\u0146\u0113mumi un iest\u0101des.<\/p>\n<p class=\"text-align-justify\">Nozares eksperti semin\u0101ros dal\u012bsies ar\u012b praktiskos piem\u0113ros un rekomend\u0101cij\u0101s, k\u0101 stiprin\u0101t kiberdro\u0161\u012bbu ikdienas darb\u0101, k\u0101 ar\u012b palielin\u0101t notur\u012bbu pret iesp\u0113jamiem uzbrukumiem.<\/p>\n<p class=\"text-align-justify\">Semin\u0101rs Bausk\u0101 norisin\u0101sies 6. novembr\u012b pulksten 10.00, J\u0113kabpil\u012b \u2013 21. novembr\u012b pulksten 13.00, C\u0113s\u012bs \u2013 26. novembr\u012b pulksten 13.00, bet R\u012bg\u0101 \u2013 4. decembr\u012b pulksten 10.30.\u00a0<\/p>\n<p class=\"text-align-justify\">Lai piedal\u012btos semin\u0101r\u0101, l\u016bdzam aizpild\u012bt re\u0123istr\u0101cijas anketu, kas pieejama <a href=\"https:\/\/aptauja.mod.gov.lv\/index.php\/919964?lang=lv\" rel=\"nofollow noopener\" target=\"_blank\">\u0160EIT<\/a>. Vietu skaits ierobe\u017eots, t\u0101p\u0113c aicin\u0101m pieteikties savlaic\u012bgi.<\/p>\n<p class=\"text-align-justify\">Papildu inform\u0101cija par semin\u0101ra norises vietu un detaliz\u0113ta programma tiks nos\u016bt\u012bta apstiprin\u0101tajiem dal\u012bbniekiem divas dienas pirms pl\u0101not\u0101 semin\u0101ra.<\/p>\n<p class=\"text-align-justify\">Papildu jaut\u0101jumu gad\u012bjum\u0101 aicin\u0101m rakst\u012bt uz <a href=\"https:\/\/www.mod.gov.lv\/lv\/zinas\/mailto:NIS2@mod.gov.lv\" rel=\"nofollow noopener\" target=\"_blank\">NIS2@mod.gov.lv<\/a> vai zvan\u012bt pa t\u0101lruni 67335131.<\/p>\n<p class=\"text-align-justify\">Re\u0123ion\u0101lo semin\u0101ru norisi atbalsta Latvijas kiberdro\u0161\u012bbas koordin\u0101cijas centrs (NCC-LV), Eiropas kiberdro\u0161\u012bbas kompeten\u010du centrs (ECCC) un l\u012bdzfinans\u0113 Eiropas Savien\u012bba.<\/p>\n<p class=\"text-align-justify\">Nacion\u0101lais kiberdro\u0161\u012bbas centrs darbojas k\u0101 vienotais kontaktpunkts kiberdro\u0161\u012bbas jaut\u0101jumos, veic nacion\u0101lo kiberdro\u0161\u012bbas pras\u012bbu ievie\u0161anas p\u0101rraudz\u012bbu, k\u0101 ar\u012b izstr\u0101d\u0101 nacion\u0101l\u0101s kiberdro\u0161\u012bbas r\u012bc\u012bbpolitikas iniciat\u012bvas. Centra funkcijas \u012bsteno Aizsardz\u012bbas ministrija sadarb\u012bb\u0101 ar Latvijas Universit\u0101tes Matem\u0101tikas un inform\u0101tikas instit\u016bta strukt\u016brvien\u012bbu CERT.LV. Inform\u0101cijas un komunik\u0101cijas tehnolo\u0123iju kritisk\u0101s infrastrukt\u016bras uzraudz\u012bbas iest\u0101de ir Satversmes aizsardz\u012bbas birojs.<\/p>\n<p class=\"text-align-justify\">Inform\u0101ciju sagatavoja:<br \/>AM Milit\u0101ri publisko attiec\u012bbu departamenta<br \/>Preses noda\u013ca<br \/>T\u0101lrunis: 67335210<br \/>E-pasts: <a href=\"https:\/\/www.mod.gov.lv\/lv\/zinas\/mailto:prese@mod.gov.lv\" rel=\"nofollow noopener\" target=\"_blank\">prese@mod.gov.lv<\/a><\/p>\n","protected":false},"excerpt":{"rendered":"Novembr\u012b un decembr\u012b Nacion\u0101lais kiberdro\u0161\u012bbas centrs organiz\u0113 re\u0123ion\u0101los semin\u0101rus Bausk\u0101, J\u0113kabpil\u012b, C\u0113s\u012bs un R\u012bg\u0101 ar m\u0113r\u0137i veicin\u0101t kiberdro\u0161\u012bbas&hellip;\n","protected":false},"author":2,"featured_media":1424,"comment_status":"","ping_status":"","sticky":false,"template":"","format":"standard","meta":{"footnotes":""},"categories":[16],"tags":[77,76,35,39,38,36,37,34,40],"class_list":{"0":"post-30048","1":"post","2":"type-post","3":"status-publish","4":"format-standard","5":"has-post-thumbnail","7":"category-bizness","8":"tag-bizness","9":"tag-business","10":"tag-latvia","11":"tag-latvian","12":"tag-latviesu","13":"tag-latviesu-valoda","14":"tag-latviesuvaloda","15":"tag-latvija","16":"tag-lv"},"share_on_mastodon":{"url":"https:\/\/pubeurope.com\/@lv\/115429123231322557","error":""},"_links":{"self":[{"href":"https:\/\/www.europesays.com\/lv\/wp-json\/wp\/v2\/posts\/30048","targetHints":{"allow":["GET"]}}],"collection":[{"href":"https:\/\/www.europesays.com\/lv\/wp-json\/wp\/v2\/posts"}],"about":[{"href":"https:\/\/www.europesays.com\/lv\/wp-json\/wp\/v2\/types\/post"}],"author":[{"embeddable":true,"href":"https:\/\/www.europesays.com\/lv\/wp-json\/wp\/v2\/users\/2"}],"replies":[{"embeddable":true,"href":"https:\/\/www.europesays.com\/lv\/wp-json\/wp\/v2\/comments?post=30048"}],"version-history":[{"count":0,"href":"https:\/\/www.europesays.com\/lv\/wp-json\/wp\/v2\/posts\/30048\/revisions"}],"wp:featuredmedia":[{"embeddable":true,"href":"https:\/\/www.europesays.com\/lv\/wp-json\/wp\/v2\/media\/1424"}],"wp:attachment":[{"href":"https:\/\/www.europesays.com\/lv\/wp-json\/wp\/v2\/media?parent=30048"}],"wp:term":[{"taxonomy":"category","embeddable":true,"href":"https:\/\/www.europesays.com\/lv\/wp-json\/wp\/v2\/categories?post=30048"},{"taxonomy":"post_tag","embeddable":true,"href":"https:\/\/www.europesays.com\/lv\/wp-json\/wp\/v2\/tags?post=30048"}],"curies":[{"name":"wp","href":"https:\/\/api.w.org\/{rel}","templated":true}]}}