{"id":30049,"date":"2025-10-24T12:25:13","date_gmt":"2025-10-24T12:25:13","guid":{"rendered":"https:\/\/www.europesays.com\/lv\/30049\/"},"modified":"2025-10-24T12:25:13","modified_gmt":"2025-10-24T12:25:13","slug":"jauns-speks-ar-neparastam-iezimem","status":"publish","type":"post","link":"https:\/\/www.europesays.com\/lv\/30049\/","title":{"rendered":"Jauns sp\u0113ks ar neparast\u0101m iez\u012bm\u0113m"},"content":{"rendered":"<p>Pirms katr\u0101m Saeimas v\u0113l\u0113\u0161an\u0101m sevi piesaka k\u0101ds jauns politiskais sp\u0113ks.\u00a0<\/p>\n<p>T\u0101pat k\u0101da no partij\u0101m run\u0101 ar\u012b par v\u0113l\u0113\u0161anu sist\u0113mas mai\u0146u. Tik t\u0101lu viss ir k\u0101 parasti. Ta\u010du \u0161oreiz sevi piesaka nevis jauna partija, bet gan domubiedru grupa re\u017eisora Alvja Herma\u0146a vad\u012bb\u0101. T\u0101s s\u0101kotn\u0113jais nosaukums ir &#8220;Bez partij\u0101m&#8221;.\u00a0<\/p>\n<p>No sniegt\u0101s inform\u0101cijas izriet, ka t\u0101 b\u016bs &#8220;tautas kust\u012bba vienreiz\u0113jai lieto\u0161anai un apvienos cilv\u0113kus ar da\u017e\u0101d\u0101m ideolo\u0123iskaj\u0101m p\u0101rliec\u012bb\u0101m&#8221;. Kust\u012bbas m\u0113r\u0137is ir main\u012bt v\u0113l\u0113\u0161anu sist\u0113mu, ko tikpat k\u0101 neiesp\u0113jami izdar\u012bt bez p\u0101rst\u0101vniec\u012bbas Saeim\u0101. V\u0113l ir iesp\u0113ja, ka 1\/10 da\u013ca v\u0113l\u0113t\u0101ju Valsts prezidentam iesniedz likumprojektu vai piln\u012bgi izstr\u0101d\u0101tu Satversmes groz\u012bjumu projektu.<\/p>\n","protected":false},"excerpt":{"rendered":"Pirms katr\u0101m Saeimas v\u0113l\u0113\u0161an\u0101m sevi piesaka k\u0101ds jauns politiskais sp\u0113ks.\u00a0 T\u0101pat k\u0101da no partij\u0101m run\u0101 ar\u012b par v\u0113l\u0113\u0161anu&hellip;\n","protected":false},"author":2,"featured_media":30050,"comment_status":"","ping_status":"","sticky":false,"template":"","format":"standard","meta":{"footnotes":""},"categories":[5],"tags":[23,28,29,32,33,22,30,31,35,39,38,36,37,34,40,20,26,27,24,25,21],"class_list":{"0":"post-30049","1":"post","2":"type-post","3":"status-publish","4":"format-standard","5":"has-post-thumbnail","7":"category-aktualitates","8":"tag-aktualitates","9":"tag-breaking-news","10":"tag-breakingnews","11":"tag-featured-news","12":"tag-featurednews","13":"tag-headlines","14":"tag-latest-news","15":"tag-latestnews","16":"tag-latvia","17":"tag-latvian","18":"tag-latviesu","19":"tag-latviesu-valoda","20":"tag-latviesuvaloda","21":"tag-latvija","22":"tag-lv","23":"tag-news","24":"tag-popularakas-zinas","25":"tag-popularakaszinas","26":"tag-top-stories","27":"tag-topstories","28":"tag-zinas"},"share_on_mastodon":{"url":"https:\/\/pubeurope.com\/@lv\/115429135077593902","error":""},"_links":{"self":[{"href":"https:\/\/www.europesays.com\/lv\/wp-json\/wp\/v2\/posts\/30049","targetHints":{"allow":["GET"]}}],"collection":[{"href":"https:\/\/www.europesays.com\/lv\/wp-json\/wp\/v2\/posts"}],"about":[{"href":"https:\/\/www.europesays.com\/lv\/wp-json\/wp\/v2\/types\/post"}],"author":[{"embeddable":true,"href":"https:\/\/www.europesays.com\/lv\/wp-json\/wp\/v2\/users\/2"}],"replies":[{"embeddable":true,"href":"https:\/\/www.europesays.com\/lv\/wp-json\/wp\/v2\/comments?post=30049"}],"version-history":[{"count":0,"href":"https:\/\/www.europesays.com\/lv\/wp-json\/wp\/v2\/posts\/30049\/revisions"}],"wp:featuredmedia":[{"embeddable":true,"href":"https:\/\/www.europesays.com\/lv\/wp-json\/wp\/v2\/media\/30050"}],"wp:attachment":[{"href":"https:\/\/www.europesays.com\/lv\/wp-json\/wp\/v2\/media?parent=30049"}],"wp:term":[{"taxonomy":"category","embeddable":true,"href":"https:\/\/www.europesays.com\/lv\/wp-json\/wp\/v2\/categories?post=30049"},{"taxonomy":"post_tag","embeddable":true,"href":"https:\/\/www.europesays.com\/lv\/wp-json\/wp\/v2\/tags?post=30049"}],"curies":[{"name":"wp","href":"https:\/\/api.w.org\/{rel}","templated":true}]}}