{"id":30057,"date":"2025-10-24T12:37:08","date_gmt":"2025-10-24T12:37:08","guid":{"rendered":"https:\/\/www.europesays.com\/lv\/30057\/"},"modified":"2025-10-24T12:37:08","modified_gmt":"2025-10-24T12:37:08","slug":"bnn-fokusa-politologa-skats-bez-partijam-sabiedribas-ceriba-vai-politisks-eksperiments","status":"publish","type":"post","link":"https:\/\/www.europesays.com\/lv\/30057\/","title":{"rendered":"BNN fokus\u0101 | Politologa skats: \u201cBez partij\u0101m\u201d \u2013 sabiedr\u012bbas cer\u012bba vai politisks eksperiments? &#8211;"},"content":{"rendered":"<p style=\"text-align: justify;\">\u0160\u012b ned\u0113\u013ca pag\u0101ja re\u017eisora Alvja Herma\u0146a un vi\u0146a domubiedru m\u0113r\u0137a \u2013 \u201cizsp\u0101rd\u012bt ir\u0161u p\u016bzni\u201d z\u012bm\u0113. Proti, ir j\u0101maina v\u0113l\u0113\u0161anu sist\u0113ma Latvij\u0101, lai v\u0113l\u0113t\u0101js var\u0113tu balsot par konkr\u0113tiem deput\u0101tu kandid\u0101tiem nevis partij\u0101m ar to \u201clokomot\u012bv\u0113m\u201d. Vai pazi\u0146ojums par kust\u012bbas \u201cBez partij\u0101m\u201d dibin\u0101\u0161anu bija negaid\u012bts, vai ar\u012b sabiedr\u012bb\u0101 piepras\u012bjums p\u0113c \u0161\u0101das kust\u012bbas tika r\u016bdzis jau labu laiku, BNN vaic\u0101ja uz\u0146\u0113muma \u201cMediju tilts\u201d l\u012bdz\u012bpa\u0161niekam, politologam Filipam Rajevskim.<\/p>\n<p style=\"text-align: justify;\">Partiju reitingi, kuri jau hroniski ir \u013coti zemi un ar lielu neizl\u0113mu\u0161o skaitu, ir \u013coti pateic\u012bga augsne tam, lai b\u016btu saj\u016bta \u2013 ir ni\u0161a, kur\u0101 var kaut ko pa\u0146emt, skaidro politologs. \u201cJa b\u016btu vismaz viena vai p\u0101ris partijas ar augstiem reitingiem, tu saproti, ka ir \u013coti gr\u016bti konkur\u0113t. T\u0101 k\u0101 visas partijas ir ar zemiem reitingiem un ar\u012b neizl\u0113mu\u0161o skaits ir liels, rodas saj\u016bta, ka tur var uzsp\u0113l\u0113t un dab\u016bt balsis,\u201d pau\u017e Filips Rajevskis.<\/p>\n<p style=\"text-align: justify;\">Uz BNN jaut\u0101jumu, vai \u0161\u012b saj\u016bta ir pamatota un cik liel\u0101 m\u0113r\u0101 v\u0113l\u0113t\u0101ji uz\u0137ersies uz pied\u0101v\u0101jumu main\u012bt v\u0113l\u0113\u0161anu sist\u0113mu, politologs atbild \u2013 tas ir jaut\u0101jums par to, cik viegli vai gr\u016bti ir iedvest cilv\u0113kiem, ka tas vi\u0146iem ir svar\u012bgi un risin\u0101s vi\u0146u probl\u0113mas.<\/p>\n<p style=\"text-align: justify;\">Vi\u0146\u0161 ar\u012b atg\u0101dina piem\u0113ru, kad apsol\u012btaj\u0101m un v\u0113l\u0113t\u0101ju gaid\u012btaj\u0101m izmai\u0146\u0101m bijis t\u012bri dekorat\u012bvs raksturs. \u201cArtuss Kaimi\u0146\u0161 savulaik iedvesa sabiedr\u012bbai, ka vajag c\u012bn\u012bties pret Koal\u012bcijas padomi un kop\u0161 t\u0101 br\u012b\u017ea t\u0101s saucas par koal\u012bcijas sadarb\u012bbas san\u0101ksm\u0113m. L\u012bdz ar to \u0161is jaut\u0101jums vair\u0101k attiecas uz to, cik liel\u0101 m\u0113r\u0101 tu sp\u0113j savu ideju p\u0101rdot, nevis cik t\u0101 ir laba vai slikta.\u201d Pa\u0161reiz v\u0113rojama situ\u0101cija, kad liel\u0101ko kritikas devu sa\u0146em tie\u0161i kust\u012bbas \u201cBez partij\u0101m\u201d iniciatori, nevis pati ideja.<\/p>\n<blockquote>\n<p style=\"text-align: center;\">T\u0101d\u0113\u013c rodas jaut\u0101jums, cik liel\u0101 m\u0113r\u0101 sabiedr\u012bbas attieksmi var ietekm\u0113t kust\u012bbu p\u0101rst\u0101vo\u0161\u0101s person\u0101lijas?<\/p>\n<\/blockquote>\n<p style=\"text-align: justify;\">Filips Rajevskis nor\u0101da, varb\u016bt nemaz nav slikti, ka par\u0101d\u0101s jauni cilv\u0113ki, kuri grib izm\u0113\u0123in\u0101t savu laimi politik\u0101. Savuk\u0101rt tauj\u0101ts, k\u0101d\u0113\u013c pati ideja netiek \u012bpa\u0161i kritiz\u0113ta, politologs atbild, ka diskusijas k\u0101 uzlabot, moderniz\u0113t v\u0113l\u0113\u0161anu sist\u0113mu, praktiski ir visu laiku.<\/p>\n<p style=\"text-align: justify;\">\u201cKop\u0161 neatkar\u012bbas atjauno\u0161anas mums pie\u0146emta vesela rinda da\u017e\u0101du pilnveidojo\u0161u groz\u012bjumu, kas main\u012bju\u0161i veidu, k\u0101 m\u0113s iev\u0113lam savus priek\u0161st\u0101vjus. T\u0101 debate notiek visu laiku un tas nav kaut kas revolucion\u0101ri jauns.\u201d \u201cBez partij\u0101m\u201d nesl\u0113pj ieceri start\u0113t n\u0101kam\u0101s Saeimas v\u0113l\u0113\u0161an\u0101s sadarb\u012bb\u0101 ar k\u0101du citu politisko sp\u0113ku. T\u0101 k\u0101 \u0161\u012b politisk\u0101 kust\u012bba re\u0123istr\u0113ta maz\u0101k k\u0101 gadu pirms v\u0113l\u0113\u0161an\u0101m, likums tai liedz start\u0113t vienai pa\u0161ai un \u0161\u0101da simbioze ir neizb\u0113gama.<\/p>\n<p style=\"text-align: justify;\">\u201c\u0160\u0101dai partijai j\u0101grib atv\u0113l\u0113t vi\u0146iem kaut k\u0101das vietas savos sarakstos, vi\u0146iem j\u0101pier\u0101da, ka vi\u0146i var piesaist\u012bt v\u0113l\u0113t\u0101jus un \u0161iem cilv\u0113kiem ir atbalsts sabiedr\u012bb\u0101. Nevar teikt, ka tur tr\u016bktu izaicin\u0101jumu, kaut vai t\u012bri tehnisku,\u201d skaidro Filips Rajevskis.<\/p>\n<p style=\"text-align: justify;\">Kust\u012bbai n\u0101ksies pier\u0101d\u012bt, ka vi\u0146i ir \u201clokomot\u012bves\u201d un vi\u0146iem ir vilkme. Tas neb\u016bs vienk\u0101r\u0161i, jo iesp\u0113jam\u0101m sadarb\u012bbas partij\u0101m ir savas \u201clokomot\u012bves\u201d, skaidro Filips Rajevskis. \u201cProtams, b\u016bs partijas, kuriem \u0161\u0101du vilc\u0113ju nav un kuras labpr\u0101t grib\u0113tu \u0161o kust\u012bbu pieaicin\u0101t, bet te atkal vi\u0146iem \u0161\u0101ds potenci\u0101lais sabiedrotais var\u0113tu nepatikt, jo vi\u0146i grib stipru partiju, nevis v\u0101ju. B\u016bs interesanti.\u201d<\/p>\n<p style=\"text-align: justify;\"><a href=\"https:\/\/bnn.lv\/bnn-fokusa-ideologiska-cina-ap-stambulas-konvenciju-kurs-to-izmanto-labak-64932\" rel=\"nofollow noopener\" target=\"_blank\">Lasiet ar\u012b: BNN fokus\u0101 | Ideolo\u0123isk\u0101 c\u012b\u0146a ap Stambulas konvenciju \u2013 kur\u0161 to izmanto lab\u0101k?<\/a><\/p>\n<p>Seko mums ar\u012b\u00a0<a href=\"https:\/\/www.facebook.com\/bnnlv\" rel=\"nofollow noopener\" target=\"_blank\">Facebook<\/a>,\u00a0<a href=\"https:\/\/www.draugiem.lv\/bnn.lv\/\" rel=\"nofollow noopener\" target=\"_blank\">Draugiem<\/a>\u00a0un\u00a0<a href=\"https:\/\/twitter.com\/home\" rel=\"nofollow noopener\" target=\"_blank\">X<\/a>!<\/p>\n<p><script async src=\"https:\/\/platform.twitter.com\/widgets.js\" charset=\"utf-8\"><\/script><\/p>\n","protected":false},"excerpt":{"rendered":"\u0160\u012b ned\u0113\u013ca pag\u0101ja re\u017eisora Alvja Herma\u0146a un vi\u0146a domubiedru m\u0113r\u0137a \u2013 \u201cizsp\u0101rd\u012bt ir\u0161u p\u016bzni\u201d z\u012bm\u0113. Proti, ir j\u0101maina&hellip;\n","protected":false},"author":2,"featured_media":30058,"comment_status":"","ping_status":"","sticky":false,"template":"","format":"standard","meta":{"footnotes":""},"categories":[5],"tags":[23,28,29,32,33,22,30,31,35,39,38,36,37,34,40,20,26,27,24,25,21],"class_list":{"0":"post-30057","1":"post","2":"type-post","3":"status-publish","4":"format-standard","5":"has-post-thumbnail","7":"category-aktualitates","8":"tag-aktualitates","9":"tag-breaking-news","10":"tag-breakingnews","11":"tag-featured-news","12":"tag-featurednews","13":"tag-headlines","14":"tag-latest-news","15":"tag-latestnews","16":"tag-latvia","17":"tag-latvian","18":"tag-latviesu","19":"tag-latviesu-valoda","20":"tag-latviesuvaloda","21":"tag-latvija","22":"tag-lv","23":"tag-news","24":"tag-popularakas-zinas","25":"tag-popularakaszinas","26":"tag-top-stories","27":"tag-topstories","28":"tag-zinas"},"share_on_mastodon":{"url":"https:\/\/pubeurope.com\/@lv\/115429182202371028","error":""},"_links":{"self":[{"href":"https:\/\/www.europesays.com\/lv\/wp-json\/wp\/v2\/posts\/30057","targetHints":{"allow":["GET"]}}],"collection":[{"href":"https:\/\/www.europesays.com\/lv\/wp-json\/wp\/v2\/posts"}],"about":[{"href":"https:\/\/www.europesays.com\/lv\/wp-json\/wp\/v2\/types\/post"}],"author":[{"embeddable":true,"href":"https:\/\/www.europesays.com\/lv\/wp-json\/wp\/v2\/users\/2"}],"replies":[{"embeddable":true,"href":"https:\/\/www.europesays.com\/lv\/wp-json\/wp\/v2\/comments?post=30057"}],"version-history":[{"count":0,"href":"https:\/\/www.europesays.com\/lv\/wp-json\/wp\/v2\/posts\/30057\/revisions"}],"wp:featuredmedia":[{"embeddable":true,"href":"https:\/\/www.europesays.com\/lv\/wp-json\/wp\/v2\/media\/30058"}],"wp:attachment":[{"href":"https:\/\/www.europesays.com\/lv\/wp-json\/wp\/v2\/media?parent=30057"}],"wp:term":[{"taxonomy":"category","embeddable":true,"href":"https:\/\/www.europesays.com\/lv\/wp-json\/wp\/v2\/categories?post=30057"},{"taxonomy":"post_tag","embeddable":true,"href":"https:\/\/www.europesays.com\/lv\/wp-json\/wp\/v2\/tags?post=30057"}],"curies":[{"name":"wp","href":"https:\/\/api.w.org\/{rel}","templated":true}]}}