{"id":30061,"date":"2025-10-24T12:45:08","date_gmt":"2025-10-24T12:45:08","guid":{"rendered":"https:\/\/www.europesays.com\/lv\/30061\/"},"modified":"2025-10-24T12:45:08","modified_gmt":"2025-10-24T12:45:08","slug":"latvijas-sieviesu-futbola-izlase-parspej-igaunietes-ieklust-baltijas-kausa-finala-raksts","status":"publish","type":"post","link":"https:\/\/www.europesays.com\/lv\/30061\/","title":{"rendered":"Latvijas sievie\u0161u futbola izlase p\u0101rsp\u0113j igaunietes, iek\u013c\u016bst Baltijas kausa fin\u0101l\u0101 \/ Raksts"},"content":{"rendered":"<p>Latvijas sievie\u0161u futbola izlase piektdien Kau\u0146\u0101 iek\u013cuva Baltijas kausa fin\u0101l\u0101, zi\u0146o Latvijas Futbola feder\u0101cija (LFF). Latvijas valstsvien\u012bba p\u0113rn\u0101 gada fin\u0101la atk\u0101rtojum\u0101 ar 1:0 p\u0101rsp\u0113ja Igaunijas valstsvien\u012bbu.<\/p>\n<p>Sp\u0113les s\u0101kum\u0101 divreiz sitienus atvair\u012bja Latvijas izlases v\u0101rtsardze Elza Ren\u0101te Strazdi\u0146a. 16. min\u016bt\u0113 vad\u012bb\u0101 izvirz\u012bj\u0101s Latvijas izlase, kad Santas Sanijas Vu\u0161k\u0101nes nopeln\u012bto 11 metru soda sitienu realiz\u0113ja Karl\u012bna Miksone. P\u0113c\u0101k iniciat\u012bva bija Latvijas izlasei, igauniet\u0113m atbildot ar pretuzbrukumiem<\/p>\n<p>Otr\u0101 puslaika s\u0101kum\u0101 pie Strazdi\u0146as sarg\u0101tajiem v\u0101rtiem bija vair\u0101kas b\u012bstamas epizodes, bet 65. min\u016bt\u0113 p\u0113c st\u016bra sitiena Latvijas izlases aizsardze Sofija Gergele\u017eiu ar galvu sita bumbu p\u0101ri Igaunijas v\u0101rtiem. Da\u017eas min\u016btes v\u0113l\u0101k debiju Latvijas izlas\u0113 piedz\u012bvoja Nikola Preijere.<\/p>\n<p>Igaunijas izlasei, tuvojoties sp\u0113les izska\u0146ai, bija teritori\u0101lais p\u0101rsvars, tika izveidotas vair\u0101kas b\u012bstamas epizodes, ta\u010du sitieni v\u0101rtu \u010detrst\u016br\u012b izpalika l\u012bdz pat 81. min\u016btei. Teicama iesp\u0113ja atsp\u0113l\u0113ties Igaunijas komandai bija 85. min\u016bt\u0113, tom\u0113r sare\u017e\u0123\u012bt\u0101 situ\u0101cij\u0101 savu komandu gl\u0101ba Strazdi\u0146a. Atliku\u0161aj\u0101 laik\u0101 latvietes iztur\u0113ja pretinie\u010du ofens\u012bvu un p\u0101rsvaru nosarg\u0101ja.<\/p>\n<p>Otr\u0101 pusfin\u0101la p\u0101r\u012b piektdien tiksies Lietuva un F\u0113ru salas, bet 27. oktobr\u012b notiks fin\u0101ls un ma\u010ds par tre\u0161o vietu.<\/p>\n<p>Latvijas izlases galven\u0101 trenere Liene V\u0101ciete kandid\u0101tu sarakst\u0101 ir iek\u013c\u0101vusi \u010detras potenci\u0101l\u0101s debitantes \u2013\u00a0uz izlasi pirmoreiz izsaukt\u0101s aizsardzes Alisi Keitu Baltru\u0161aiti un Umu Up\u012bti, k\u0101 ar\u012b pussardzes Nikolu Preijeri un L\u012bvu \u0160teinbergu.<\/p>\n<p>\u0160ogad Latvijas izlase ir c\u012bn\u012bjusies bez zaud\u0113jumiem, se\u0161\u0101s UEFA N\u0101ciju l\u012bgas sp\u0113l\u0113s febru\u0101r\u012b, apr\u012bl\u012b, maij\u0101 un j\u016bnij\u0101 uzvarot C l\u012bg\u0101 un nodro\u0161inot iesp\u0113ju 2027. gada Pasaules kausa\u00a0izc\u012b\u0146as kvalifik\u0101cijas turn\u012bru aizvad\u012bt B l\u012bg\u0101. Kvalifik\u0101cijas sacens\u012bbu izloze notiks 4. novembr\u012b.<\/p>\n<p>P\u0113rn Baltijas kausa izc\u012b\u0146a notika R\u012bg\u0101, Latvijas izlasei pusfin\u0101l\u0101 ar 2:1 uzvarot F\u0113ru salas, bet fin\u0101l\u0101 ar 0:1 piek\u0101pjoties Igaunijai, kas turn\u012br\u0101 ir uzvar\u0113jusi p\u0113d\u0113j\u0101s divas reizes.<\/p>\n<p>Latvijas izlase Baltijas kausa izc\u012b\u0146\u0101 ir uzvar\u0113jusi piecas reizes, ieskaitot tr\u012bs pan\u0101kumus p\u0113c k\u0101rtas laik\u0101 no 2017. l\u012bdz 2019. gadam.<\/p>\n<p>                    Valodas k\u013c\u016bda rakst\u0101?<\/p>\n<p class=\"d-none d-md-block\">Iez\u012bm\u0113jiet tekstu un spiediet Ctrl+Enter, lai nos\u016bt\u012btu labojamo teksta fragmentu redaktoram! Par faktu k\u013c\u016bd\u0101m l\u016bdzam zi\u0146ot e-past\u0101 <a href=\"https:\/\/www.lsm.lv\/cdn-cgi\/l\/email-protection\" class=\"__cf_email__\" data-cfemail=\"631106070208000a0902230f100e4d0f15\" rel=\"nofollow noopener\" target=\"_blank\">[email\u00a0protected]<\/a>.<\/p>\n<p class=\"d-md-none\">Iez\u012bm\u0113jiet tekstu un spiediet uz Zi\u0146ot par k\u013c\u016bdu pogas, lai nos\u016bt\u012btu labojamo teksta fragmentu redaktoram!<\/p>\n<p>\n                    Zi\u0146ot par k\u013c\u016bdu\n                <\/p>\n","protected":false},"excerpt":{"rendered":"Latvijas sievie\u0161u futbola izlase piektdien Kau\u0146\u0101 iek\u013cuva Baltijas kausa fin\u0101l\u0101, zi\u0146o Latvijas Futbola feder\u0101cija (LFF). Latvijas valstsvien\u012bba p\u0113rn\u0101&hellip;\n","protected":false},"author":2,"featured_media":30062,"comment_status":"","ping_status":"","sticky":false,"template":"","format":"standard","meta":{"footnotes":""},"categories":[17],"tags":[35,39,38,36,37,34,40,67],"class_list":{"0":"post-30061","1":"post","2":"type-post","3":"status-publish","4":"format-standard","5":"has-post-thumbnail","7":"category-sports","8":"tag-latvia","9":"tag-latvian","10":"tag-latviesu","11":"tag-latviesu-valoda","12":"tag-latviesuvaloda","13":"tag-latvija","14":"tag-lv","15":"tag-sports"},"share_on_mastodon":{"url":"https:\/\/pubeurope.com\/@lv\/115429213873741256","error":""},"_links":{"self":[{"href":"https:\/\/www.europesays.com\/lv\/wp-json\/wp\/v2\/posts\/30061","targetHints":{"allow":["GET"]}}],"collection":[{"href":"https:\/\/www.europesays.com\/lv\/wp-json\/wp\/v2\/posts"}],"about":[{"href":"https:\/\/www.europesays.com\/lv\/wp-json\/wp\/v2\/types\/post"}],"author":[{"embeddable":true,"href":"https:\/\/www.europesays.com\/lv\/wp-json\/wp\/v2\/users\/2"}],"replies":[{"embeddable":true,"href":"https:\/\/www.europesays.com\/lv\/wp-json\/wp\/v2\/comments?post=30061"}],"version-history":[{"count":0,"href":"https:\/\/www.europesays.com\/lv\/wp-json\/wp\/v2\/posts\/30061\/revisions"}],"wp:featuredmedia":[{"embeddable":true,"href":"https:\/\/www.europesays.com\/lv\/wp-json\/wp\/v2\/media\/30062"}],"wp:attachment":[{"href":"https:\/\/www.europesays.com\/lv\/wp-json\/wp\/v2\/media?parent=30061"}],"wp:term":[{"taxonomy":"category","embeddable":true,"href":"https:\/\/www.europesays.com\/lv\/wp-json\/wp\/v2\/categories?post=30061"},{"taxonomy":"post_tag","embeddable":true,"href":"https:\/\/www.europesays.com\/lv\/wp-json\/wp\/v2\/tags?post=30061"}],"curies":[{"name":"wp","href":"https:\/\/api.w.org\/{rel}","templated":true}]}}