{"id":30063,"date":"2025-10-24T12:46:10","date_gmt":"2025-10-24T12:46:10","guid":{"rendered":"https:\/\/www.europesays.com\/lv\/30063\/"},"modified":"2025-10-24T12:46:10","modified_gmt":"2025-10-24T12:46:10","slug":"riga-tiekas-nato-eksperti-lai-veidotu-nakotnes-aizsardzibas-tehnologijas-2","status":"publish","type":"post","link":"https:\/\/www.europesays.com\/lv\/30063\/","title":{"rendered":"R\u012bg\u0101 tiekas NATO eksperti, lai veidotu n\u0101kotnes aizsardz\u012bbas tehnolo\u0123ijas"},"content":{"rendered":"<p>\u0160aj\u0101 ned\u0113\u013c\u0101 R\u012bg\u0101 pulc\u0113j\u0101s vair\u0101k nek\u0101 500 dal\u012bbnieku no NATO dal\u012bbvalst\u012bm, lai piedal\u012btos NATO Zin\u0101tnes un tehnolo\u0123iju organiz\u0101cijas (Science and Technology Organization) Lieti\u0161\u0137o transportl\u012bdzek\u013cu tehnolo\u0123iju pane\u013ca san\u0101ksm\u0113. Pas\u0101kum\u0101 piedal\u012bj\u0101s ar\u012b aizsardz\u012bbas ministrs Andris Spr\u016bds, uzsverot zin\u0101tnes un tehnolo\u0123iju noz\u012bmi NATO milit\u0101r\u0101 un tehnolo\u0123isk\u0101 p\u0101r\u0101kuma nodro\u0161in\u0101\u0161an\u0101.<\/p>\n<p>\u201cBiznes\u0101 m\u0113dz teikt \u201cinov\u0113 vai mirsti\u201d, un tas pats ir attiecin\u0101ms uz milit\u0101ro jomu. Inov\u0101cijas un invest\u012bcijas jaun\u0101s tehnolo\u0123ij\u0101s ir sp\u0113ks, kas nodro\u0161ina NATO priek\u0161roc\u012bbas un sp\u0113ju rea\u0123\u0113t uz draudiem. Sadarb\u012bba starp sabiedrotajiem zin\u0101tnes un tehnolo\u0123iju jom\u0101 stiprina transatlantisk\u0101s saites un pal\u012bdz efekt\u012bv\u0101k pild\u012bt kop\u012bg\u0101s aizsardz\u012bbas saist\u012bbas,\u201d uzsver A. Spr\u016bds.<\/p>\n<p>Latvija ir ap\u0146\u0113musies b\u016bt par akt\u012bvu ieguld\u012bt\u0101ju NATO kop\u0113j\u0101 progres\u0101, jau no 2026. gada ieguldot aizsardz\u012bb\u0101 gandr\u012bz 5% no IKP. L\u012bdz 2028. gadam pl\u0101nots dubultot viet\u0113jo industriju iesaisti aizsardz\u012bbas projektos un tr\u012bsk\u0101r\u0161ot to l\u012bdz 2036. gadam, savuk\u0101rt aizsardz\u012bbas inov\u0101cij\u0101m un p\u0113tniec\u012bbai pl\u0101nots atv\u0113l\u0113t 1.5% no kop\u0113j\u0101 aizsardz\u012bbas bud\u017eeta l\u012bdz 2028. gadam un 3% &#8211; l\u012bdz 2036. gadam. T\u0101pat pl\u0101nots, ka aizsardz\u012bbas industrijas \u012bpatsvars Latvijas ekonomik\u0101 sasniegs 3% no IKP l\u012bdz 2028. gadam un 5% &#8211; l\u012bdz 2036. gadam.<\/p>\n<p>Ministrs uzsv\u0113ra ar\u012b to, ka \u012bpa\u0161a uzman\u012bba tiek piev\u0113rsta dronu tehnolo\u0123ij\u0101m \u2013 Latvija kop\u0101 ar Apvienoto karalisti vada Dronu koal\u012bciju Ukrainas atbalstam, un Aizsardz\u012bbas ministrija 2026. gad\u0101 pl\u0101no palielin\u0101t ieguld\u012bjumus dronu att\u012bst\u012bb\u0101 l\u012bdz 100 miljoniem eiro. Ar jaunizveidot\u0101 Autonomo sist\u0113mu kompetences centra pal\u012bdz\u012bbu Latvija apvieno nacion\u0101l\u0101s un starptautisk\u0101s zin\u0101\u0161anas dronu att\u012bst\u012bb\u0101, savuk\u0101rt 25 hekt\u0101rus pla\u0161ais S\u0113lijas poligons ir NATO apstiprin\u0101ts pilotprojekta m\u0101c\u012bbu poligons starptautiskiem inovatoriem.<\/p>\n<p>R\u012bg\u0101 notieko\u0161ais pas\u0101kums apliecina sabiedroto vienot\u012bbu un praktisku sadarb\u012bbu zin\u0101tnes un tehnolo\u0123iju jom\u0101. Tas tostarp sniedz iesp\u0113ju Latvijas zin\u0101tniekiem, uz\u0146\u0113m\u0113jiem un inovatoriem demonstr\u0113t savas kompetences, veidot jaunus sadarb\u012bbas projektus un stiprin\u0101t m\u016bsu valsts lomu NATO inov\u0101ciju ekosistem\u0101.<\/p>\n<p>Inform\u0101ciju sagatavoja:<br \/>AM Milit\u0101ri publisko attiec\u012bbu departamenta<br \/>Preses noda\u013ca<br \/>T\u0101lrunis: 67335129<br \/>E-pasts: <a href=\"https:\/\/www.mod.gov.lv\/lv\/zinas\/mailto:prese@mod.gov.lv\" rel=\"nofollow noopener\" target=\"_blank\">prese@mod.gov.lv<\/a><\/p>\n","protected":false},"excerpt":{"rendered":"\u0160aj\u0101 ned\u0113\u013c\u0101 R\u012bg\u0101 pulc\u0113j\u0101s vair\u0101k nek\u0101 500 dal\u012bbnieku no NATO dal\u012bbvalst\u012bm, lai piedal\u012btos NATO Zin\u0101tnes un tehnolo\u0123iju organiz\u0101cijas&hellip;\n","protected":false},"author":2,"featured_media":1424,"comment_status":"","ping_status":"","sticky":false,"template":"","format":"standard","meta":{"footnotes":""},"categories":[16],"tags":[77,76,35,39,38,36,37,34,40],"class_list":{"0":"post-30063","1":"post","2":"type-post","3":"status-publish","4":"format-standard","5":"has-post-thumbnail","7":"category-bizness","8":"tag-bizness","9":"tag-business","10":"tag-latvia","11":"tag-latvian","12":"tag-latviesu","13":"tag-latviesu-valoda","14":"tag-latviesuvaloda","15":"tag-latvija","16":"tag-lv"},"share_on_mastodon":{"url":"https:\/\/pubeurope.com\/@lv\/115429217695288470","error":""},"_links":{"self":[{"href":"https:\/\/www.europesays.com\/lv\/wp-json\/wp\/v2\/posts\/30063","targetHints":{"allow":["GET"]}}],"collection":[{"href":"https:\/\/www.europesays.com\/lv\/wp-json\/wp\/v2\/posts"}],"about":[{"href":"https:\/\/www.europesays.com\/lv\/wp-json\/wp\/v2\/types\/post"}],"author":[{"embeddable":true,"href":"https:\/\/www.europesays.com\/lv\/wp-json\/wp\/v2\/users\/2"}],"replies":[{"embeddable":true,"href":"https:\/\/www.europesays.com\/lv\/wp-json\/wp\/v2\/comments?post=30063"}],"version-history":[{"count":0,"href":"https:\/\/www.europesays.com\/lv\/wp-json\/wp\/v2\/posts\/30063\/revisions"}],"wp:featuredmedia":[{"embeddable":true,"href":"https:\/\/www.europesays.com\/lv\/wp-json\/wp\/v2\/media\/1424"}],"wp:attachment":[{"href":"https:\/\/www.europesays.com\/lv\/wp-json\/wp\/v2\/media?parent=30063"}],"wp:term":[{"taxonomy":"category","embeddable":true,"href":"https:\/\/www.europesays.com\/lv\/wp-json\/wp\/v2\/categories?post=30063"},{"taxonomy":"post_tag","embeddable":true,"href":"https:\/\/www.europesays.com\/lv\/wp-json\/wp\/v2\/tags?post=30063"}],"curies":[{"name":"wp","href":"https:\/\/api.w.org\/{rel}","templated":true}]}}