{"id":30064,"date":"2025-10-24T12:47:08","date_gmt":"2025-10-24T12:47:08","guid":{"rendered":"https:\/\/www.europesays.com\/lv\/30064\/"},"modified":"2025-10-24T12:47:08","modified_gmt":"2025-10-24T12:47:08","slug":"tramps-komente-putina-pazinojumu-ka-sankcijas-neietekmes-krievijas-ekonomiku","status":"publish","type":"post","link":"https:\/\/www.europesays.com\/lv\/30064\/","title":{"rendered":"Tramps koment\u0113 Putina pazi\u0146ojumu, ka sankcijas neietekm\u0113s Krievijas ekonomiku"},"content":{"rendered":"<p>&#8220;\u0145emot v\u0113r\u0101 Putina atteik\u0161anos izbeigt \u0161o bezj\u0113dz\u012bgo karu, Finan\u0161u ministrija nosaka sankcijas pret div\u0101m liel\u0101kaj\u0101m Krievijas naftas komp\u0101nij\u0101m, kuras finans\u0113 Krem\u013ca kara ma\u0161\u012bn\u0113riju,&#8221; pazi\u0146oja Besents.<\/p>\n<p>Vi\u0146\u0161 br\u012bdin\u0101ja, ka Finan\u0161u ministrija ir gatava &#8220;t\u0101l\u0101kai darb\u012bbai, ja nepiecie\u0161ams&#8221;, lai atbalst\u012btu Trampa centienus izbeigt karu.<\/p>\n<p>Pirms ofici\u0101l\u0101 pazi\u0146ojuma run\u0101jot ar telekan\u0101lu &#8220;Fox Business&#8221;, Besents sac\u012bja, ka t\u0101s ir &#8220;vienas no liel\u0101kaj\u0101m sankcij\u0101m, ko m\u0113s esam noteiku\u0161i pret Krievijas Feder\u0101ciju&#8221;.<\/p>\n<p>Tramps m\u0113ne\u0161iem ilgi atlika jaunu sankciju noteik\u0161anu, cerot p\u0101rliecin\u0101t Putinu nosl\u0113gt mieru, lai gan Trampa neapmierin\u0101t\u012bba ar Krem\u013ca l\u012bderi pieauga.<\/p>\n<p>Trampa paciet\u012bba izs\u012bka se\u0161u dienu laik\u0101 kop\u0161 vi\u0146a telefonsarunas ar Putinu pag\u0101ju\u0161aj\u0101 ceturtdien\u0101.<\/p>\n<p>&#8220;Prezidents Putins nav atn\u0101cis pie [sarunu] galda god\u012bg\u0101 un atkl\u0101t\u0101 veid\u0101, uz k\u0101du m\u0113s cer\u0113j\u0101m,&#8221; Besents sac\u012bja telekan\u0101lam &#8220;Fox Business&#8221;.<\/p>\n<p>Vi\u0146\u0161 atg\u0101din\u0101ja, ka Trampa un Putina tik\u0161an\u0101s laik\u0101 august\u0101 A\u013cask\u0101 &#8220;prezidents Tramps aizg\u0101ja prom, kad vi\u0146\u0161 saprata, ka lietas nevirz\u0101s uz priek\u0161u&#8221;.<\/p>\n<p>&#8220;Ir biju\u0161as aizkuli\u0161u sarunas, bet es uzskatu, ka prezidents ir v\u012blies par to, kur m\u0113s esam \u0161aj\u0101s sarun\u0101s,&#8221; piebilda Besents.<\/p>\n<p>Par jaunu sankciju noteik\u0161anu pret Krieviju tre\u0161dien pazi\u0146oja ar\u012b ES. Jau 19. sankciju k\u0101rta, kam <a target=\"_blank\" rel=\"noopener noreferrer nofollow\" href=\"https:\/\/www.tvnet.lv\/term\/555452\/krievija\">Krievija<\/a> pak\u013cauta kop\u0161 t\u0101s atk\u0101rtot\u0101 iebrukuma Ukrain\u0101 2022. gada febru\u0101r\u012b, paredz l\u012bdz 2027. gadam aizliegt sa\u0161\u0137idrin\u0101t\u0101s g\u0101zes importu no Krievijas, iek\u013caut &#8220;melnaj\u0101 sarakst\u0101&#8221; v\u0113l liel\u0101ku skaitu Krievijas &#8220;\u0113nu flotes&#8221; tankku\u0123u un ierobe\u017eot Krievijas diplom\u0101tu p\u0101rvieto\u0161anos Eirop\u0101.<\/p>\n<p>Kad k\u013cuva zin\u0101ms par jaunaj\u0101m sankcij\u0101m, pasaules naftas cenas elektroniskaj\u0101 tirdzniec\u012bb\u0101 p\u0113c bir\u017eu sl\u0113g\u0161anas pieauga. WTI markas j\u0113lnaftas cena \u0145ujorkas bir\u017e\u0101 un &#8220;Brent&#8221; markas j\u0113lnaftas cena Londonas bir\u017e\u0101 k\u0101pa par vair\u0101k nek\u0101 1%.<\/p>\n","protected":false},"excerpt":{"rendered":"&#8220;\u0145emot v\u0113r\u0101 Putina atteik\u0161anos izbeigt \u0161o bezj\u0113dz\u012bgo karu, Finan\u0161u ministrija nosaka sankcijas pret div\u0101m liel\u0101kaj\u0101m Krievijas naftas komp\u0101nij\u0101m,&hellip;\n","protected":false},"author":2,"featured_media":30065,"comment_status":"","ping_status":"","sticky":false,"template":"","format":"standard","meta":{"footnotes":""},"categories":[14],"tags":[23,57,292,28,29,542,32,33,22,234,74,30,31,35,39,38,36,37,34,40,20,26,27,511,24,25,276,54,55,56,21,58],"class_list":{"0":"post-30064","1":"post","2":"type-post","3":"status-publish","4":"format-standard","5":"has-post-thumbnail","7":"category-zinas-no-arvalstim","8":"tag-aktualitates","9":"tag-arvalstim","10":"tag-asv","11":"tag-breaking-news","12":"tag-breakingnews","13":"tag-donalds-tramps","14":"tag-featured-news","15":"tag-featurednews","16":"tag-headlines","17":"tag-krievija","18":"tag-krievijas-iebrukums-ukraina","19":"tag-latest-news","20":"tag-latestnews","21":"tag-latvia","22":"tag-latvian","23":"tag-latviesu","24":"tag-latviesu-valoda","25":"tag-latviesuvaloda","26":"tag-latvija","27":"tag-lv","28":"tag-news","29":"tag-popularakas-zinas","30":"tag-popularakaszinas","31":"tag-sankcijas","32":"tag-top-stories","33":"tag-topstories","34":"tag-ukraina","35":"tag-world","36":"tag-world-news","37":"tag-worldnews","38":"tag-zinas","39":"tag-zinas-no-arvalstim"},"share_on_mastodon":{"url":"https:\/\/pubeurope.com\/@lv\/115429221580708945","error":""},"_links":{"self":[{"href":"https:\/\/www.europesays.com\/lv\/wp-json\/wp\/v2\/posts\/30064","targetHints":{"allow":["GET"]}}],"collection":[{"href":"https:\/\/www.europesays.com\/lv\/wp-json\/wp\/v2\/posts"}],"about":[{"href":"https:\/\/www.europesays.com\/lv\/wp-json\/wp\/v2\/types\/post"}],"author":[{"embeddable":true,"href":"https:\/\/www.europesays.com\/lv\/wp-json\/wp\/v2\/users\/2"}],"replies":[{"embeddable":true,"href":"https:\/\/www.europesays.com\/lv\/wp-json\/wp\/v2\/comments?post=30064"}],"version-history":[{"count":0,"href":"https:\/\/www.europesays.com\/lv\/wp-json\/wp\/v2\/posts\/30064\/revisions"}],"wp:featuredmedia":[{"embeddable":true,"href":"https:\/\/www.europesays.com\/lv\/wp-json\/wp\/v2\/media\/30065"}],"wp:attachment":[{"href":"https:\/\/www.europesays.com\/lv\/wp-json\/wp\/v2\/media?parent=30064"}],"wp:term":[{"taxonomy":"category","embeddable":true,"href":"https:\/\/www.europesays.com\/lv\/wp-json\/wp\/v2\/categories?post=30064"},{"taxonomy":"post_tag","embeddable":true,"href":"https:\/\/www.europesays.com\/lv\/wp-json\/wp\/v2\/tags?post=30064"}],"curies":[{"name":"wp","href":"https:\/\/api.w.org\/{rel}","templated":true}]}}