{"id":30073,"date":"2025-10-24T12:59:08","date_gmt":"2025-10-24T12:59:08","guid":{"rendered":"https:\/\/www.europesays.com\/lv\/30073\/"},"modified":"2025-10-24T12:59:08","modified_gmt":"2025-10-24T12:59:08","slug":"tragedija-plavniekos-viens-no-puikam-nejausi-nosavis-otru-un-pec-tam-iesavis-sev-galva","status":"publish","type":"post","link":"https:\/\/www.europesays.com\/lv\/30073\/","title":{"rendered":"Tra\u0123\u0113dij\u0101 P\u013cavniekos viens no puik\u0101m nejau\u0161i no\u0161\u0101vis otru un p\u0113c tam ie\u0161\u0101vis sev galv\u0101"},"content":{"rendered":"<p>L\u012bdz \u0161im ties\u012bbsarg\u0101jo\u0161\u0101s iest\u0101des nebija prec\u012bzi atkl\u0101ju\u0161as z\u0113nu n\u0101ves apst\u0101k\u013cus.<\/p>\n<p>Tagad prokurat\u016br\u0101 a\u0123ent\u016brai LETA past\u0101st\u012bja, ka personai aps\u016bdz\u012bba celta p\u0113c diviem Krimin\u0101llikuma pantiem, proti, par \u0161aujamiero\u010da, \u0161aujamiero\u010da b\u016btisko sast\u0101vda\u013cu, \u0161aujamiero\u010da mun\u012bcijas glab\u0101\u0161anu, p\u0101rk\u0101pjot normat\u012bvos aktus, ja tas izrais\u012bjis smagas sekas, un par \u0161aujamiero\u010da mun\u012bcijas glab\u0101\u0161anu bez attiec\u012bgas at\u013caujas.<\/p>\n<p>Aps\u016bdz\u012bba aps\u016bdz\u0113tajam izsniegta \u0161oned\u0113\u013c, un, k\u0101 nor\u0101d\u012bja prokurat\u016br\u0101, personai bija nepiecie\u0161am\u0101 at\u013cauja gan iero\u010da, gan mun\u012bcijas glab\u0101\u0161anai, ta\u010du tika atrastas ar\u012b divas citiem iero\u010diem paredz\u0113tas patronas, kuru glab\u0101\u0161anai nebija at\u013caujas.<\/p>\n<p>Aps\u016bdz\u0113tais, zinot, ka vi\u0146am izsniegt\u0101 \u0161aujamiero\u010da glab\u0101\u0161anas at\u013cauja nosaka un uzliek pien\u0101kumus iev\u0113rot valsts noteikt\u0101s dro\u0161\u012bbas pras\u012bbas \u0161aujamiero\u010da, \u0161aujamiero\u010da b\u016btisko sast\u0101vda\u013cu un \u0161aujamiero\u010du mun\u012bcijas glab\u0101\u0161an\u0101, p\u0101rk\u0101pa Iero\u010du aprites likuma normu un Ministru kabineta noteikumu par iero\u010du un mun\u012bcijas apriti normu, uzskata prokurat\u016bra.<\/p>\n<p>Aps\u016bdz\u0113tais atst\u0101ja dz\u012bvokl\u012b izmekl\u0113\u0161anas laik\u0101 prec\u012bzi nenoskaidrot\u0101 viet\u0101 atsl\u0113gas no seifa, l\u012bdz ar to nenodro\u0161inot, ka citas personas nevar piek\u013c\u016bt seifam. T\u0101d\u0101 veid\u0101 seifa atsl\u0113gas k\u013cuva pieejamas mazgad\u012bg\u0101m person\u0101m &#8211; aps\u016bdz\u0113t\u0101 d\u0113lam un vi\u0146a klasesbiedram -, kuras piek\u013cuva taj\u0101 glab\u0101tajai mun\u012bcijai un \u0161aujamierocim, kas tika pa\u0146emts un aiztikts, nor\u0101da prokurat\u016bra.<\/p>\n","protected":false},"excerpt":{"rendered":"L\u012bdz \u0161im ties\u012bbsarg\u0101jo\u0161\u0101s iest\u0101des nebija prec\u012bzi atkl\u0101ju\u0161as z\u0113nu n\u0101ves apst\u0101k\u013cus. Tagad prokurat\u016br\u0101 a\u0123ent\u016brai LETA past\u0101st\u012bja, ka personai aps\u016bdz\u012bba&hellip;\n","protected":false},"author":2,"featured_media":30074,"comment_status":"","ping_status":"","sticky":false,"template":"","format":"standard","meta":{"footnotes":""},"categories":[12],"tags":[23,28,29,32,33,22,573,30,31,35,39,38,36,37,34,40,20,9164,26,27,24,25,21],"class_list":{"0":"post-30073","1":"post","2":"type-post","3":"status-publish","4":"format-standard","5":"has-post-thumbnail","7":"category-latvija","8":"tag-aktualitates","9":"tag-breaking-news","10":"tag-breakingnews","11":"tag-featured-news","12":"tag-featurednews","13":"tag-headlines","14":"tag-kriminallieta","15":"tag-latest-news","16":"tag-latestnews","17":"tag-latvia","18":"tag-latvian","19":"tag-latviesu","20":"tag-latviesu-valoda","21":"tag-latviesuvaloda","22":"tag-latvija","23":"tag-lv","24":"tag-news","25":"tag-plavnieki","26":"tag-popularakas-zinas","27":"tag-popularakaszinas","28":"tag-top-stories","29":"tag-topstories","30":"tag-zinas"},"share_on_mastodon":{"url":"https:\/\/pubeurope.com\/@lv\/115429268799352478","error":""},"_links":{"self":[{"href":"https:\/\/www.europesays.com\/lv\/wp-json\/wp\/v2\/posts\/30073","targetHints":{"allow":["GET"]}}],"collection":[{"href":"https:\/\/www.europesays.com\/lv\/wp-json\/wp\/v2\/posts"}],"about":[{"href":"https:\/\/www.europesays.com\/lv\/wp-json\/wp\/v2\/types\/post"}],"author":[{"embeddable":true,"href":"https:\/\/www.europesays.com\/lv\/wp-json\/wp\/v2\/users\/2"}],"replies":[{"embeddable":true,"href":"https:\/\/www.europesays.com\/lv\/wp-json\/wp\/v2\/comments?post=30073"}],"version-history":[{"count":0,"href":"https:\/\/www.europesays.com\/lv\/wp-json\/wp\/v2\/posts\/30073\/revisions"}],"wp:featuredmedia":[{"embeddable":true,"href":"https:\/\/www.europesays.com\/lv\/wp-json\/wp\/v2\/media\/30074"}],"wp:attachment":[{"href":"https:\/\/www.europesays.com\/lv\/wp-json\/wp\/v2\/media?parent=30073"}],"wp:term":[{"taxonomy":"category","embeddable":true,"href":"https:\/\/www.europesays.com\/lv\/wp-json\/wp\/v2\/categories?post=30073"},{"taxonomy":"post_tag","embeddable":true,"href":"https:\/\/www.europesays.com\/lv\/wp-json\/wp\/v2\/tags?post=30073"}],"curies":[{"name":"wp","href":"https:\/\/api.w.org\/{rel}","templated":true}]}}