{"id":30087,"date":"2025-10-24T13:10:15","date_gmt":"2025-10-24T13:10:15","guid":{"rendered":"https:\/\/www.europesays.com\/lv\/30087\/"},"modified":"2025-10-24T13:10:15","modified_gmt":"2025-10-24T13:10:15","slug":"es-dalibvalstu-lideri-atbalsta-vecuma-ierobezojuma-noteiksanu-piekluvei-socialajiem-tikliem","status":"publish","type":"post","link":"https:\/\/www.europesays.com\/lv\/30087\/","title":{"rendered":"ES dal\u012bbvalstu l\u012bderi atbalsta vecuma ierobe\u017eojuma noteik\u0161anu piek\u013cuvei soci\u0101lajiem t\u012bkliem"},"content":{"rendered":"<p>&#8220;Eiropadome uzsver, cik svar\u012bgi ir aizsarg\u0101t nepilngad\u012bgos, tai skait\u0101 nosakot digit\u0101lo pilngad\u012bbu, lai piek\u013c\u016btu soci\u0101lajiem t\u012bkliem, vienlaikus iev\u0113rojot valstu kompetenci,&#8221; teikts ceturtdien Brisel\u0113 notiku\u0161aj\u0101 ES samit\u0101 pie\u0146emtaj\u0101 pazi\u0146ojum\u0101.<\/p>\n<p>Eiropas Komisijas (EK) prezidente Urzula fon der Leiena nesen deva jaunu impulsu debat\u0113m, aicinot vis\u0101 ES noteikt minim\u0101lo vecumu soci\u0101lo t\u012bklu lieto\u0161anai. Ekspertu grupai l\u012bdz gada beig\u0101m ir j\u0101iesniedz EK ieteikumi turpm\u0101kai r\u012bc\u012bbai.<\/p>\n<p>EK preses p\u0101rst\u0101vis uzsv\u0113ra, ka ir iesp\u0113jams un j\u0101dara vair\u0101k, lai lab\u0101k aizsarg\u0101tu b\u0113rnus tie\u0161saist\u0113.<\/p>\n<p>Leiena sal\u012bdzin\u0101ja iesp\u0113jamos vecuma ierobe\u017eojumus soci\u0101lo t\u012bklu izmanto\u0161anai ar tabakas un alkohola pat\u0113ri\u0146a ierobe\u017eojumiem. Vi\u0146a ar\u012b nor\u0101d\u012bja uz Austr\u0101liju, kur parlaments 2024. gada novembr\u012b pie\u0146\u0113ma likumprojektu, kas ierobe\u017eo b\u0113rnu un pusaud\u017eu piek\u013cuvi soci\u0101lajiem t\u012bkliem. Saska\u0146\u0101 ar jaunajiem noteikumiem platform\u0101m dr\u012bkst\u0113s piek\u013c\u016bt tikai lietot\u0101ji, kas sasniegu\u0161i 16 gadu vecumu. Pas\u0101kums st\u0101sies sp\u0113k\u0101 decembr\u012b.<\/p>\n<p>EK jau str\u0101d\u0101 pie vecuma ierobe\u017eojumu tehnisk\u0101 pamatojuma. Komisija izstr\u0101d\u0101 verifik\u0101cijas lietotni, kuras m\u0113r\u0137is ir aizsarg\u0101t nepilngad\u012bgos tie\u0161saist\u0113.<\/p>\n","protected":false},"excerpt":{"rendered":"&#8220;Eiropadome uzsver, cik svar\u012bgi ir aizsarg\u0101t nepilngad\u012bgos, tai skait\u0101 nosakot digit\u0101lo pilngad\u012bbu, lai piek\u013c\u016btu soci\u0101lajiem t\u012bkliem, vienlaikus iev\u0113rojot&hellip;\n","protected":false},"author":2,"featured_media":30088,"comment_status":"","ping_status":"","sticky":false,"template":"","format":"standard","meta":{"footnotes":""},"categories":[14],"tags":[23,57,28,29,32,33,22,30,31,35,39,38,36,37,34,40,20,1956,26,27,3159,24,25,54,55,56,21,58],"class_list":{"0":"post-30087","1":"post","2":"type-post","3":"status-publish","4":"format-standard","5":"has-post-thumbnail","7":"category-zinas-no-arvalstim","8":"tag-aktualitates","9":"tag-arvalstim","10":"tag-breaking-news","11":"tag-breakingnews","12":"tag-featured-news","13":"tag-featurednews","14":"tag-headlines","15":"tag-latest-news","16":"tag-latestnews","17":"tag-latvia","18":"tag-latvian","19":"tag-latviesu","20":"tag-latviesu-valoda","21":"tag-latviesuvaloda","22":"tag-latvija","23":"tag-lv","24":"tag-news","25":"tag-padomju-savieniba","26":"tag-popularakas-zinas","27":"tag-popularakaszinas","28":"tag-telefons","29":"tag-top-stories","30":"tag-topstories","31":"tag-world","32":"tag-world-news","33":"tag-worldnews","34":"tag-zinas","35":"tag-zinas-no-arvalstim"},"share_on_mastodon":{"url":"https:\/\/pubeurope.com\/@lv\/115429312125563529","error":""},"_links":{"self":[{"href":"https:\/\/www.europesays.com\/lv\/wp-json\/wp\/v2\/posts\/30087","targetHints":{"allow":["GET"]}}],"collection":[{"href":"https:\/\/www.europesays.com\/lv\/wp-json\/wp\/v2\/posts"}],"about":[{"href":"https:\/\/www.europesays.com\/lv\/wp-json\/wp\/v2\/types\/post"}],"author":[{"embeddable":true,"href":"https:\/\/www.europesays.com\/lv\/wp-json\/wp\/v2\/users\/2"}],"replies":[{"embeddable":true,"href":"https:\/\/www.europesays.com\/lv\/wp-json\/wp\/v2\/comments?post=30087"}],"version-history":[{"count":0,"href":"https:\/\/www.europesays.com\/lv\/wp-json\/wp\/v2\/posts\/30087\/revisions"}],"wp:featuredmedia":[{"embeddable":true,"href":"https:\/\/www.europesays.com\/lv\/wp-json\/wp\/v2\/media\/30088"}],"wp:attachment":[{"href":"https:\/\/www.europesays.com\/lv\/wp-json\/wp\/v2\/media?parent=30087"}],"wp:term":[{"taxonomy":"category","embeddable":true,"href":"https:\/\/www.europesays.com\/lv\/wp-json\/wp\/v2\/categories?post=30087"},{"taxonomy":"post_tag","embeddable":true,"href":"https:\/\/www.europesays.com\/lv\/wp-json\/wp\/v2\/tags?post=30087"}],"curies":[{"name":"wp","href":"https:\/\/api.w.org\/{rel}","templated":true}]}}