{"id":30091,"date":"2025-10-24T13:12:09","date_gmt":"2025-10-24T13:12:09","guid":{"rendered":"https:\/\/www.europesays.com\/lv\/30091\/"},"modified":"2025-10-24T13:12:09","modified_gmt":"2025-10-24T13:12:09","slug":"video-negadijums-iecavas-puse-pec-avarijas-miklaini-pazudis-bmw-vaditajs-sadragataja-auto-pametot-ievainotu-sievieti-jauns-lv","status":"publish","type":"post","link":"https:\/\/www.europesays.com\/lv\/30091\/","title":{"rendered":"VIDEO. Negad\u012bjums Iecavas pus\u0113: p\u0113c av\u0101rijas m\u012bklaini pazudis BMW vad\u012bt\u0101js, sadrag\u0101taj\u0101 auto pametot ievainotu sievieti &#8211; Jauns.lv"},"content":{"rendered":"<ol>\n<li><a href=\"https:\/\/news.google.com\/rss\/articles\/CBMi6AFBVV95cUxQc0szUGpnenI1bmhGazhFbG5fcmE0cXRsaFMxX3hGTnhIazBRRFFuS3VsYUthc2xfVEYxN2JJVXVSS2p5OGtvamxqdnhmMFBGVl9oa0FJZ3VMTDRMM3d6QjV6RTFxZkFNaXBUZVJqNFJiLXFJTmJ2OTlqTHFKNzNwVWtxYUxjZHdRQmh3UlJScDJpcldPTWxjcGRLY2V1WFlvelhiZGRQRmRZcmtmZU8taFVQVGhCMTFVTTdpcU1MZG1VeFF4NWdLOUxPQW0xUmNXMXJDTTlIQWRKcUFhbklUNUpGMUNyTU1p?oc=5\" target=\"_blank\" rel=\"nofollow noopener\">VIDEO. Negad\u012bjums Iecavas pus\u0113: p\u0113c av\u0101rijas m\u012bklaini pazudis BMW vad\u012bt\u0101js, sadrag\u0101taj\u0101 auto pametot ievainotu sievieti<\/a>&nbsp;&nbsp;Jauns.lv<\/li>\n<li><a href=\"https:\/\/news.google.com\/rss\/articles\/CBMihgFBVV95cUxQdldvQTVCWk1fX0Z3Z1g3Uk9WWjlwMkFYbE1XYVZoWTV1Xzd5R0VLTkVPSThVaUw2Q2k4cU4tNWNiX2lnMExaUm4wZDBiUDBDa2ZBSmg1Vk9KM29WSnB4ZUlnZ29WTy1PZ3l3U1Z2VDVvWGJvUkRoNXlMbjhTVmF1by1Da01PZw?oc=5\" target=\"_blank\" rel=\"nofollow noopener\">Av\u0101rij\u0101 uz A-7 cie\u0161 &#8220;\u0160kodas&#8221; vad\u012bt\u0101js<\/a>&nbsp;&nbsp;BauskasDzive.lv<\/li>\n<li><a href=\"https:\/\/news.google.com\/rss\/articles\/CBMiwgFBVV95cUxOUUdZWU1Qb0VUaWdZUERGLXlxbEtYYWxsNDk0NDM2UlNIOG11cWhjY0VtMkVyUGNjeWFvSEYzOHZYSlNRMVJMODEwa0hCbzhIOTlZWlN3VHRYNlhXQ0RJQURXY1dCYlpsU1hzbS1oZjZzX1ZoN005THhaWnkxenRXRVVPQmg0ZHhSekZVLWRqQlplSEFlenc5cmhUUE5neDBwdm1Oc2ZqNEU5LTJ5Q0dkUTlKeWJ2dHRRekVJeTU5cVBUZw?oc=5\" target=\"_blank\" rel=\"nofollow noopener\">P\u0113c av\u0101rijas Iecavas pus\u0113 BMW vad\u012bt\u0101js sadrag\u0101taj\u0101 auto pamet ievainotu sievieti un aizb\u0113g<\/a>&nbsp;&nbsp;1188.lv<\/li>\n<li><a href=\"https:\/\/news.google.com\/rss\/articles\/CBMi3AFBVV95cUxOb0lucUpZOVgtQjRpbVNqNEMzM3llVDROTnV2ZGZlekJNaXBQLW04LTNsaDFmVXZCbGlEU0htY1ZERDRsTy1TRmw0NzN6NnRPSGg1R2Z2dFpxZXhkMGdBbVlSbldZSm5hdGVjbGF3bGQyZEpxb0tPYkFmWU0tS3hMeWFzcnNmREx0YWp2aUFhUFJsd3VvY2Y1VlJ1OVVnZkFLVGdLSmRuV2lZZmpaUTBMQ1FiR0x3YTVlUV9uQVdBa216YXNhSlBlTUlCVHJBSUNPNlZtYUM0OUJHcmVz?oc=5\" target=\"_blank\" rel=\"nofollow noopener\">Smaga av\u0101rija uz Bauskas \u0161osejas: kravinieka \u0161oferis un policija at\u0161\u0137ir\u012bgi redz negad\u012bjuma apst\u0101k\u013cus<\/a>&nbsp;&nbsp;Lente.lv<\/li>\n<li><a href=\"https:\/\/news.google.com\/rss\/articles\/CBMi0wFBVV95cUxPbXhhUUtPQzMzYjMtdWJYNDQ1YjZMbWVMMldyaFIyMkxkaDdHVXREV25pNG5XU0N4OXE4d2hEdDhDZU11Zl9mS3JVVmFhYkRsOVlEa09Za1E1ZHNlclI2bUQ1TmJxd1JTWVBiM1QzRk41UkpDeTYxU1pPWThwMEVUWF9OVEtNTkxTdE9mVFR5ck9kaHV0VTZkUV9aU2pkYmtfcFhjZGxqd3dGNFFmbWhxWFdXN0lDT0M1dmJwaU1Ya210YXRuN3VBZVZOUWpORy1VUE9V?oc=5\" target=\"_blank\" rel=\"nofollow noopener\">Av\u0101rija uz Bauskas \u0161osejas: kravinieka \u0161oferis par notiku\u0161o st\u0101sta vienu, bet policija ko citu<\/a>&nbsp;&nbsp;tv3.lv<\/li>\n<\/ol>\n","protected":false},"excerpt":{"rendered":"VIDEO. Negad\u012bjums Iecavas pus\u0113: p\u0113c av\u0101rijas m\u012bklaini pazudis BMW vad\u012bt\u0101js, sadrag\u0101taj\u0101 auto pametot ievainotu sievieti&nbsp;&nbsp;Jauns.lv Av\u0101rij\u0101 uz A-7&hellip;\n","protected":false},"author":2,"featured_media":30092,"comment_status":"","ping_status":"","sticky":false,"template":"","format":"standard","meta":{"footnotes":""},"categories":[5],"tags":[23,28,29,32,33,22,30,31,35,39,38,36,37,34,40,20,26,27,24,25,21],"class_list":{"0":"post-30091","1":"post","2":"type-post","3":"status-publish","4":"format-standard","5":"has-post-thumbnail","7":"category-aktualitates","8":"tag-aktualitates","9":"tag-breaking-news","10":"tag-breakingnews","11":"tag-featured-news","12":"tag-featurednews","13":"tag-headlines","14":"tag-latest-news","15":"tag-latestnews","16":"tag-latvia","17":"tag-latvian","18":"tag-latviesu","19":"tag-latviesu-valoda","20":"tag-latviesuvaloda","21":"tag-latvija","22":"tag-lv","23":"tag-news","24":"tag-popularakas-zinas","25":"tag-popularakaszinas","26":"tag-top-stories","27":"tag-topstories","28":"tag-zinas"},"share_on_mastodon":{"url":"https:\/\/pubeurope.com\/@lv\/115429319846214099","error":""},"_links":{"self":[{"href":"https:\/\/www.europesays.com\/lv\/wp-json\/wp\/v2\/posts\/30091","targetHints":{"allow":["GET"]}}],"collection":[{"href":"https:\/\/www.europesays.com\/lv\/wp-json\/wp\/v2\/posts"}],"about":[{"href":"https:\/\/www.europesays.com\/lv\/wp-json\/wp\/v2\/types\/post"}],"author":[{"embeddable":true,"href":"https:\/\/www.europesays.com\/lv\/wp-json\/wp\/v2\/users\/2"}],"replies":[{"embeddable":true,"href":"https:\/\/www.europesays.com\/lv\/wp-json\/wp\/v2\/comments?post=30091"}],"version-history":[{"count":0,"href":"https:\/\/www.europesays.com\/lv\/wp-json\/wp\/v2\/posts\/30091\/revisions"}],"wp:featuredmedia":[{"embeddable":true,"href":"https:\/\/www.europesays.com\/lv\/wp-json\/wp\/v2\/media\/30092"}],"wp:attachment":[{"href":"https:\/\/www.europesays.com\/lv\/wp-json\/wp\/v2\/media?parent=30091"}],"wp:term":[{"taxonomy":"category","embeddable":true,"href":"https:\/\/www.europesays.com\/lv\/wp-json\/wp\/v2\/categories?post=30091"},{"taxonomy":"post_tag","embeddable":true,"href":"https:\/\/www.europesays.com\/lv\/wp-json\/wp\/v2\/tags?post=30091"}],"curies":[{"name":"wp","href":"https:\/\/api.w.org\/{rel}","templated":true}]}}