{"id":30093,"date":"2025-10-24T13:16:15","date_gmt":"2025-10-24T13:16:15","guid":{"rendered":"https:\/\/www.europesays.com\/lv\/30093\/"},"modified":"2025-10-24T13:16:15","modified_gmt":"2025-10-24T13:16:15","slug":"pienemt-ka-krievija-mums-neuzbruks-ir-naivi-francijas-augstakais-generalis-bridina-par-soka-scenarijiem-tuvako-gadu-laika","status":"publish","type":"post","link":"https:\/\/www.europesays.com\/lv\/30093\/","title":{"rendered":"Pie\u0146emt, ka Krievija mums neuzbruks, ir naivi; Francijas augst\u0101kais \u0123ener\u0101lis br\u012bdina par \u201c\u0161oka\u201d scen\u0101rijiem tuv\u0101ko gadu laik\u0101"},"content":{"rendered":"<p>    <img decoding=\"async\" src=\"https:\/\/www.europesays.com\/lv\/wp-content\/uploads\/2025\/10\/20250128_984_k176_003-1-800x571.jpg\" alt=\"&#10;Ukrainas armijas karav\u012bri kaujas lauk\u0101 Do\u0146eckas apgabal\u0101.&#10;\"\/><\/p>\n<p>Ukrainas armijas karav\u012bri kaujas lauk\u0101 Do\u0146eckas apgabal\u0101.<\/p>\n<p>Foto: ZUMAPRESS.com\/SCANPIX\n<\/p>\n<p>Francijas augst\u0101kais \u0123ener\u0101lis nor\u0101da, ka ir instru\u0113jis bru\u0146otos sp\u0113kus gatavoties iesp\u0113jamiem \u201c\u0161oka\u201d scen\u0101rijiem no Krievijas n\u0101kamo gadu laik\u0101, br\u012bdinot, ka Maskava var\u0113tu b\u016bt k\u0101rdin\u0101ta papla\u0161in\u0101t karu \u0101rpus Ukrainas un NATO teritorij\u0101, v\u0113sta <a href=\"https:\/\/tvpworld.com\/89619578\/french-general-warns-of-possible-clash-with-russia-within-four-years\" rel=\"nofollow noopener\" target=\"_blank\">\u201cTVP world\u201d<\/a>.<\/p>\n<p>        Las\u012bt\u0101kie<br \/>\n        <a data-imagesrc=\"{&quot;300&quot;:&quot;https:\\\/\\\/lastatic.ams3.cdn.digitaloceanspaces.com\\\/2025\\\/10\\\/oul-2-300x200.png&quot;,&quot;1024&quot;:&quot;https:\\\/\\\/lastatic.ams3.cdn.digitaloceanspaces.com\\\/2025\\\/10\\\/oul-2-1024x683.png&quot;,&quot;1536&quot;:&quot;https:\\\/\\\/lastatic.ams3.cdn.digitaloceanspaces.com\\\/2025\\\/10\\\/oul-2-1536x1024.png&quot;,&quot;500&quot;:&quot;https:\\\/\\\/lastatic.ams3.cdn.digitaloceanspaces.com\\\/2025\\\/10\\\/oul-2-500x333.png&quot;,&quot;800&quot;:&quot;https:\\\/\\\/lastatic.ams3.cdn.digitaloceanspaces.com\\\/2025\\\/10\\\/oul-2-800x533.png&quot;,&quot;1800&quot;:&quot;https:\\\/\\\/lastatic.ams3.cdn.digitaloceanspaces.com\\\/2025\\\/10\\\/oul-2.png&quot;}\" data-focuspoint=\"&quot;&quot;\" data-p=\"2445017\" href=\"https:\/\/www.la.lv\/tu-pati-sev-pieliec-klat-gadus-8-ieradumi-kas-liek-sievietem-novecot-atrak\" class=\"content-item lazy-load\" wp_automatic_readability=\"26.5\" rel=\"nofollow noopener\" target=\"_blank\"><\/p>\n<p>                                <img decoding=\"async\" src=\"\" alt=\"\" style=\"\" data-imageid=\"\"\/><\/p>\n<p>\n                                                Tu pati sev pieliec kl\u0101t gadus! 8 ieradumi, kas liek sieviet\u0113m novecot \u0101tr\u0101k\n                            <\/p>\n<p><\/a><a data-imagesrc=\"{&quot;300&quot;:&quot;https:\\\/\\\/lastatic.ams3.cdn.digitaloceanspaces.com\\\/2025\\\/10\\\/png-13-300x200.png&quot;,&quot;1024&quot;:&quot;https:\\\/\\\/lastatic.ams3.cdn.digitaloceanspaces.com\\\/2025\\\/10\\\/png-13-1024x683.png&quot;,&quot;1536&quot;:&quot;https:\\\/\\\/lastatic.ams3.cdn.digitaloceanspaces.com\\\/2025\\\/10\\\/png-13-1536x1024.png&quot;,&quot;500&quot;:&quot;https:\\\/\\\/lastatic.ams3.cdn.digitaloceanspaces.com\\\/2025\\\/10\\\/png-13-500x333.png&quot;,&quot;800&quot;:&quot;https:\\\/\\\/lastatic.ams3.cdn.digitaloceanspaces.com\\\/2025\\\/10\\\/png-13-800x533.png&quot;,&quot;1800&quot;:&quot;https:\\\/\\\/lastatic.ams3.cdn.digitaloceanspaces.com\\\/2025\\\/10\\\/png-13.png&quot;}\" data-focuspoint=\"&quot;&quot;\" data-p=\"2455026\" href=\"https:\/\/www.la.lv\/mes-nevaram-nereaget-divas-krievijas-militaras-lidmasinas-parkapusas-lietuvas-gaisa-telpu\" class=\"content-item lazy-load\" wp_automatic_readability=\"26.5\" rel=\"nofollow noopener\" target=\"_blank\"><\/p>\n<p>                                <img decoding=\"async\" src=\"\" alt=\"\" style=\"\" data-imageid=\"\"\/><\/p>\n<p>\n                                                \u201cM\u0113s nevaram nerea\u0123\u0113t!\u201d Divas Krievijas milit\u0101r\u0101s lidma\u0161\u012bnas p\u0101rk\u0101pu\u0161as Lietuvas gaisa telpu\n                            <\/p>\n<p><\/a><a data-imagesrc=\"{&quot;300&quot;:&quot;https:\\\/\\\/lastatic.ams3.cdn.digitaloceanspaces.com\\\/2017\\\/06\\\/Fotolia_140605489_Subscription_Monthly_M-300x199.jpg&quot;,&quot;768&quot;:&quot;https:\\\/\\\/lastatic.ams3.cdn.digitaloceanspaces.com\\\/2017\\\/06\\\/Fotolia_140605489_Subscription_Monthly_M-768x510.jpg&quot;,&quot;1024&quot;:&quot;https:\\\/\\\/lastatic.ams3.cdn.digitaloceanspaces.com\\\/2017\\\/06\\\/Fotolia_140605489_Subscription_Monthly_M-1024x680.jpg&quot;,&quot;80&quot;:&quot;https:\\\/\\\/lastatic.ams3.cdn.digitaloceanspaces.com\\\/2017\\\/06\\\/Fotolia_140605489_Subscription_Monthly_M-80x48.jpg&quot;,&quot;112&quot;:&quot;https:\\\/\\\/lastatic.ams3.cdn.digitaloceanspaces.com\\\/2017\\\/06\\\/Fotolia_140605489_Subscription_Monthly_M-112x64.jpg&quot;,&quot;664&quot;:&quot;https:\\\/\\\/lastatic.ams3.cdn.digitaloceanspaces.com\\\/2017\\\/06\\\/Fotolia_140605489_Subscription_Monthly_M-664x441.jpg&quot;,&quot;241&quot;:&quot;https:\\\/\\\/lastatic.ams3.cdn.digitaloceanspaces.com\\\/2017\\\/06\\\/Fotolia_140605489_Subscription_Monthly_M-241x160.jpg&quot;,&quot;263&quot;:&quot;https:\\\/\\\/lastatic.ams3.cdn.digitaloceanspaces.com\\\/2017\\\/06\\\/Fotolia_140605489_Subscription_Monthly_M-263x175.jpg&quot;,&quot;509&quot;:&quot;https:\\\/\\\/lastatic.ams3.cdn.digitaloceanspaces.com\\\/2017\\\/06\\\/Fotolia_140605489_Subscription_Monthly_M-509x338.jpg&quot;,&quot;118&quot;:&quot;https:\\\/\\\/lastatic.ams3.cdn.digitaloceanspaces.com\\\/2017\\\/06\\\/Fotolia_140605489_Subscription_Monthly_M-118x70.jpg&quot;,&quot;348&quot;:&quot;https:\\\/\\\/lastatic.ams3.cdn.digitaloceanspaces.com\\\/2017\\\/06\\\/Fotolia_140605489_Subscription_Monthly_M-348x225.jpg&quot;,&quot;640&quot;:&quot;https:\\\/\\\/lastatic.ams3.cdn.digitaloceanspaces.com\\\/2017\\\/06\\\/Fotolia_140605489_Subscription_Monthly_M-640x640.jpg&quot;,&quot;90&quot;:&quot;https:\\\/\\\/lastatic.ams3.cdn.digitaloceanspaces.com\\\/2017\\\/06\\\/Fotolia_140605489_Subscription_Monthly_M-90x58.jpg&quot;,&quot;1691&quot;:&quot;https:\\\/\\\/lastatic.ams3.cdn.digitaloceanspaces.com\\\/2017\\\/06\\\/Fotolia_140605489_Subscription_Monthly_M.jpg&quot;}\" data-focuspoint=\"&quot;&quot;\" data-p=\"2443563\" href=\"https:\/\/www.la.lv\/veders-ka-bumba-5-ikdienas-ieradumi-kas-palidzes-mazinat-vedera-uzpusanos-un-tikt-gala-ar-ta-radito-diskomfortu\" class=\"content-item lazy-load\" wp_automatic_readability=\"27\" rel=\"nofollow noopener\" target=\"_blank\"><\/p>\n<p>                                <img decoding=\"async\" src=\"\" alt=\"\" style=\"\" data-imageid=\"\"\/><\/p>\n<p>                                Veselam<\/p>\n<p>\n                                                V\u0113ders k\u0101 bumba? 5 ikdienas ieradumi, kas pal\u012bdz\u0113s mazin\u0101t v\u0113dera uzp\u016b\u0161anos un tikt gal\u0101 ar t\u0101 rad\u012bto diskomfortu\n                            <\/p>\n<p><\/a><br \/>\n        <a class=\"read-more\" href=\"https:\/\/www.la.lv\/top\" rel=\"nofollow noopener\" target=\"_blank\">Las\u012bt citas zi\u0146as<\/a><\/p>\n<p>Bru\u0146oto sp\u0113ku \u0122ener\u0101l\u0161t\u0101ba vad\u012bt\u0101js Fabians Mandons (Fabien Mandon) tre\u0161dien Francijas Nacion\u0101l\u0101s asamblejas Aizsardz\u012bbas komitejas deput\u0101tiem sac\u012bja, ka gaid\u0101mais \u201c\u0161oks\u201d b\u016btu noteikta veida p\u0101rbaud\u012bjums NATO, piebilstot, ka, lai gan tas jau past\u0101v hibr\u012bdform\u0101s, tas var k\u013c\u016bt vardarb\u012bg\u0101ks n\u0101kamo tr\u012bs l\u012bdz \u010detru gadu laik\u0101.<\/p>\n<p>\u201cPie\u0146emt, ka 2022. gada iebrukums Ukrain\u0101 ir p\u0113d\u0113j\u0101 uzbrukuma reize un ka tas m\u016bsu kontinent\u0101 vairs nekad nenotiks, noz\u012bm\u0113 ignor\u0113t risku, ar ko saskaras m\u016bsu sabiedr\u012bbas,\u201d br\u012bdin\u0101ja Mandons, kur\u0161 \u0161o augst\u0101ko milit\u0101ro amatu ie\u0146\u0113ma septembr\u012b.<\/p>\n<p>    CITI \u0160OBR\u012aD LASA<\/p>\n<p>\u201cKrievi reorganiz\u0113jas ar vienu m\u0113r\u0137i pr\u0101t\u0101: konfront\u0113t NATO,\u201d vi\u0146\u0161 piebilda. \u201cKrievija ir valsts, kuru var\u0113tu k\u0101rdin\u0101t turpin\u0101t karu m\u016bsu kontinent\u0101, un tas ir iz\u0161\u0137iro\u0161ais elements, uz ko es gatavojos.\u201d<\/p>\n<p>Pieaugo\u0161a satraukuma vi\u013c\u0146i<\/p>\n<p>Mandons pievienojas arvien liel\u0101kam NATO un ES augsta l\u012bme\u0146a amatpersonu pulkam, kas br\u012bdin\u0101ju\u0161as, ka Krievijas ilgsto\u0161\u0101 agresija Ukrain\u0101, tagad tuvojas ceturtajai ziemai, var\u0113tu galu gal\u0101 izplat\u012bties \u0101rpus Ukrainas robe\u017e\u0101m, skarot ar\u012b NATO teritoriju.<\/p>\n<p>Spriedze \u012bpa\u0161i pieaugusi p\u0113d\u0113jos m\u0113ne\u0161os p\u0113c virknes Krievijai piedero\u0161u dronu un lidma\u0161\u012bnu p\u0101rk\u0101pumiem NATO gaisa telp\u0101, s\u0101kot ar nepieredz\u0113to Polijas gaisa telpas p\u0101rk\u0101pumu ar vair\u0101k nek\u0101 20 Krievijas droniem pag\u0101ju\u0161aj\u0101 m\u0113nes\u012b.<\/p>\n<p>P\u0113c \u0161iem incidentiem NATO uzs\u0101ka oper\u0101ciju \u201cEastern Sentry\u201d, lai pastiprin\u0101tu savas austrumu flanga aizsardz\u012bbas, kas joproj\u0101m ir visvair\u0101k pak\u013cautas iesp\u0113jamai Krievijas eskal\u0101cijai.<\/p>\n<p>Alianse ar\u012b j\u016bnij\u0101, noz\u012bm\u012bg\u0101 samita laik\u0101, vienoj\u0101s paredz\u0113t 5 % IKP aizsardz\u012bbai, kas ir b\u016btisks palielin\u0101jums sal\u012bdzin\u0101jum\u0101 ar iepriek\u0161 noteikto 2 %.<\/p>\n<p>Taj\u0101 pa\u0161\u0101 m\u0113nes\u012b NATO \u0123ener\u0101lsekret\u0101rs Mars Rutte br\u012bdin\u0101ja, ka Maskava var\u0113tu b\u016bt gatava uzs\u0101kt uzbrukumu aliansei piecu gadu laik\u0101.<\/p>\n<p>V\u0101j\u0101s Eiropas uztveres ietekme<\/p>\n<p>Mandons uzsv\u0113ra, ka Maskava uztver Eiropu k\u0101 kolekt\u012bvi v\u0101ju, kas Krievijas pus\u0113 veicin\u0101jis \u201cvardarb\u012bbas pielieto\u0161anas disinhib\u012bciju\u201d.<br \/>Tom\u0113r vi\u0146\u0161 cer, ka ES nesenais iero\u010du moderniz\u0101cijas un papildu aizsardz\u012bbas pastiprin\u0101\u0161anas projekts kalpos k\u0101 barjera Krievijas ekspansijai.<br \/>\u201cKrievija m\u016bs nevar nobied\u0113t, ja esam ap\u0146\u0113m\u012bbas pilni sevi aizst\u0101v\u0113t,\u201d sac\u012bja Mandons.<\/p>\n<p>T\u0113mas<\/p>\n<p>    SAIST\u012aTIE RAKSTI<\/p>\n","protected":false},"excerpt":{"rendered":"Ukrainas armijas karav\u012bri kaujas lauk\u0101 Do\u0146eckas apgabal\u0101. Foto: ZUMAPRESS.com\/SCANPIX Francijas augst\u0101kais \u0123ener\u0101lis nor\u0101da, ka ir instru\u0113jis bru\u0146otos sp\u0113kus&hellip;\n","protected":false},"author":2,"featured_media":30094,"comment_status":"","ping_status":"","sticky":false,"template":"","format":"standard","meta":{"footnotes":""},"categories":[14],"tags":[23,57,28,29,32,33,22,30,31,35,39,38,36,37,34,40,20,26,27,24,25,54,55,56,21,58],"class_list":{"0":"post-30093","1":"post","2":"type-post","3":"status-publish","4":"format-standard","5":"has-post-thumbnail","7":"category-zinas-no-arvalstim","8":"tag-aktualitates","9":"tag-arvalstim","10":"tag-breaking-news","11":"tag-breakingnews","12":"tag-featured-news","13":"tag-featurednews","14":"tag-headlines","15":"tag-latest-news","16":"tag-latestnews","17":"tag-latvia","18":"tag-latvian","19":"tag-latviesu","20":"tag-latviesu-valoda","21":"tag-latviesuvaloda","22":"tag-latvija","23":"tag-lv","24":"tag-news","25":"tag-popularakas-zinas","26":"tag-popularakaszinas","27":"tag-top-stories","28":"tag-topstories","29":"tag-world","30":"tag-world-news","31":"tag-worldnews","32":"tag-zinas","33":"tag-zinas-no-arvalstim"},"share_on_mastodon":{"url":"https:\/\/pubeurope.com\/@lv\/115429335617374272","error":""},"_links":{"self":[{"href":"https:\/\/www.europesays.com\/lv\/wp-json\/wp\/v2\/posts\/30093","targetHints":{"allow":["GET"]}}],"collection":[{"href":"https:\/\/www.europesays.com\/lv\/wp-json\/wp\/v2\/posts"}],"about":[{"href":"https:\/\/www.europesays.com\/lv\/wp-json\/wp\/v2\/types\/post"}],"author":[{"embeddable":true,"href":"https:\/\/www.europesays.com\/lv\/wp-json\/wp\/v2\/users\/2"}],"replies":[{"embeddable":true,"href":"https:\/\/www.europesays.com\/lv\/wp-json\/wp\/v2\/comments?post=30093"}],"version-history":[{"count":0,"href":"https:\/\/www.europesays.com\/lv\/wp-json\/wp\/v2\/posts\/30093\/revisions"}],"wp:featuredmedia":[{"embeddable":true,"href":"https:\/\/www.europesays.com\/lv\/wp-json\/wp\/v2\/media\/30094"}],"wp:attachment":[{"href":"https:\/\/www.europesays.com\/lv\/wp-json\/wp\/v2\/media?parent=30093"}],"wp:term":[{"taxonomy":"category","embeddable":true,"href":"https:\/\/www.europesays.com\/lv\/wp-json\/wp\/v2\/categories?post=30093"},{"taxonomy":"post_tag","embeddable":true,"href":"https:\/\/www.europesays.com\/lv\/wp-json\/wp\/v2\/tags?post=30093"}],"curies":[{"name":"wp","href":"https:\/\/api.w.org\/{rel}","templated":true}]}}