{"id":30095,"date":"2025-10-24T13:17:18","date_gmt":"2025-10-24T13:17:18","guid":{"rendered":"https:\/\/www.europesays.com\/lv\/30095\/"},"modified":"2025-10-24T13:17:18","modified_gmt":"2025-10-24T13:17:18","slug":"sarezgita-latvija-dzivnieku-keraji-kapec-nevareja-mus-pagaidit","status":"publish","type":"post","link":"https:\/\/www.europesays.com\/lv\/30095\/","title":{"rendered":"Sare\u017e\u0123\u012bt\u0101 Latvija. Dz\u012bvnieku \u0137\u0113r\u0101ji: &#8220;K\u0101p\u0113c nevar\u0113ja m\u016bs pagaid\u012bt?&#8221;"},"content":{"rendered":"<p>Dom\u0101ju, ka iemesls tam visam ir tie\u0161i tas, ka dienesti, mednieks un policija sav\u0101 starp\u0101 norm\u0101li nekomunic\u0113ja un nebija inform\u0113ti par kop\u0113jo situ\u0101ciju.<\/p>\n<p>K\u0101 j\u016bs tiktu gal\u0101, ja su\u0146i neb\u016btu no\u0161auti, tom\u0113r, iesp\u0113jams, bija agres\u012bvi noska\u0146oti?<\/p>\n<p>T\u0101 k\u0101 darbs ar agres\u012bviem su\u0146iem ir m\u016bsu ikdiena, m\u016bsu \u0137\u0113r\u0101jiem bija doti konkr\u0113ti nor\u0101d\u012bjumi, k\u0101 r\u012bkoties. Kad ierodamies uz notikumu, m\u0113s esam atbild\u012bgi par to, ko dara dz\u012bvnieks un k\u0101 m\u0113s vi\u0146u fiks\u0113jam.<\/p>\n<p>Latvij\u0101 v\u0113rojama \u0101rk\u0101rt\u012bgi slikta tendence neuztic\u0113ties speci\u0101listiem. Katrs koment\u0113t\u0101js internet\u0101 &#8220;zina lab\u0101k&#8221;, k\u0101 r\u012bkoties taj\u0101 situ\u0101cij\u0101, un katram ir sava &#8220;absol\u016bt\u0101 paties\u012bba&#8221;.<\/p>\n<p>Paties\u012bb\u0101, ja neesi taj\u0101 jom\u0101 str\u0101d\u0101jis, tu nezini neko. T\u0101pat k\u0101 j\u016bs pa\u0161i nelabojat sev zobus, t\u0101 ar\u012b j\u016bs pa\u0161i ne\u0137erat suni. Katram cilv\u0113kam, kur\u0161 k\u0101dreiz ir tur\u0113jis suni, \u0161\u0137iet, ka vi\u0146\u0161 ir su\u0146u speci\u0101lists. Piedodiet, t\u0101 nav.<\/p>\n<p>K\u0101das ir r\u016bgt\u0101s m\u0101c\u012bbas, lai \u0161\u0101das kr\u012bzes situ\u0101cijas n\u0101kotn\u0113 m\u0113s risin\u0101tu veiksm\u012bgi?<\/p>\n<p>Pirmk\u0101rt, ir j\u0101r\u012bkojas t\u0101, lai m\u0113s nenon\u0101ktu l\u012bdz \u0161\u0101d\u0101m kr\u012bzes situ\u0101cij\u0101m. L\u016bdzu, nelaidiet savus su\u0146us klai\u0146ot!\u00a0<\/p>\n<blockquote>\n<p>Nevajadz\u0113tu dom\u0101t, ka m\u016bsu ties\u012bbas ir liel\u0101kas par citu ties\u012bb\u0101m.\u00a0<\/p>\n<\/blockquote>\n<p>Ja mans suns aizb\u0113g, ieskrien kaimi\u0146a pagalm\u0101 un tur vi\u0146\u0161 vi\u0146u ar mietu, piedodiet, nosit, pirmk\u0101rt par to situ\u0101ciju es vaino\u0161u tikai un vien\u012bgi sevi, t\u0101p\u0113c ka neesmu attaisnojusi sava dz\u012bvnieka uztic\u012bbu. Pirmais vain\u012bgais esmu es, jo mans suns netika pieskat\u012bts.<\/p>\n<p>Run\u0101jot par kr\u012bzes risin\u0101\u0161an\u0101 iesaist\u012btajiem dienestiem, vienk\u0101r\u0161i j\u0101b\u016bt liel\u0101kai cilv\u0113c\u012bbai un savstarp\u0113jai komunik\u0101cijai. Ir j\u0101b\u016bt izpratnei par to, ko m\u0113s dar\u0101m, un atbild\u012bbai par savu r\u012bc\u012bbu.<\/p>\n<p>K\u0101di ir j\u016bsu v\u0113rojumi par m\u0101jas dz\u012bvnieku pieskat\u012b\u0161anu, \u012bpa\u0161i laukos?<\/p>\n<p>Pa\u0161vald\u012bb\u0101m ir \u0101rk\u0101rt\u012bgi daudz j\u0101dara, lai dz\u012bvnieku \u012bpa\u0161niekus motiv\u0113tu iev\u0113rot likumu. J\u0101, tas diem\u017e\u0113l noz\u012bm\u0113, ka tie ir sodi par dz\u012bvnieku klai\u0146o\u0161anu, br\u012bdin\u0101jumi un t\u0101 t\u0101l\u0101k. Mums, piem\u0113ram, R\u012bg\u0101 ir situ\u0101cija, kur viena un t\u0101 pa\u0161a saimnieka klai\u0146ojo\u0161ais suns tiek \u0137erts jau tre\u0161o reizi p\u0101ris m\u0113ne\u0161u laik\u0101. Bet R\u012bgas pa\u0161vald\u012bbas policija sodu tam cilv\u0113kam neliek. K\u0101 m\u0113s motiv\u0113sim \u0161os neapzin\u012bgos dz\u012bvnieku \u012bpa\u0161niekus, ja nav soda par klai\u0146o\u0161anu?<\/p>\n<p>Pie mums cilv\u0113ki \u0101rk\u0101rt\u012bgi normaliz\u0113 su\u0146u klai\u0146o\u0161anu, kas ir kategoriski nepie\u0146emama. Mums v\u0113l t\u0101ls ce\u013c\u0161 ejams uz sabiedr\u012bbu ar izpratni par atbild\u012bbu pret saviem dz\u012bvniekiem.<\/p>\n<p>Un k\u0101 pa\u0161vald\u012bb\u0101m sokas ar \u0161\u012bs atbild\u012bbas zonas kop\u0161anu?<\/p>\n<p>Lai mazliet attaisnotu Bauskas pa\u0161vald\u012bbas policiju, varu sac\u012bt, ka Bausk\u0101 un daudzos citos novados \u0161obr\u012bd ir \u013coti kritiska situ\u0101cija ar to, ka vienk\u0101r\u0161i nav neviena, kas grib sniegt \u0161o pakalpojumu \u2013 patversmi, dz\u012bvnieku iz\u0137er\u0161anu utt. Policisti non\u0101k situ\u0101cij\u0101, ka iedz\u012bvot\u0101ji zvana, ka klai\u0146o suns, bet vi\u0146iem nav instrumentu, k\u0101 tikt gal\u0101. M\u0113s n\u0101kam pa\u0161vald\u012bbai pal\u012bg\u0101, un Bauskas novadam tagad ir l\u012bgums ar Jelgavas dz\u012bvnieku patversmi.<\/p>\n<p>Su\u0146u nogalin\u0101\u0161ana Brunav\u0101 pamat\u012bgi sa\u0161\u016bpojusi sabiedr\u012bbu. Ar\u012b jums uzbruka soci\u0101lajos t\u012bklos. Par ko, j\u016bsupr\u0101t, \u0161\u0101da sabiedr\u012bbas reakcija liecina?<\/p>\n<p>Pirmk\u0101rt, tas liecina par \u0101rk\u0101rt\u012bgi agres\u012bvu sabiedr\u012bbu. Tas, k\u0101 m\u0113s at\u013caujamies izpausties koment\u0101ros, neliecina ne par cie\u0146u, ne par sp\u0113ju izprast otra cilv\u0113ka r\u012bc\u012bbu. M\u0113s visp\u0101r nedodam iesp\u0113ju izpausties cilv\u0113c\u012bbai \u2013 t\u0101ds diem\u017e\u0113l ir m\u016bsu sabiedr\u012bbas spogulis. Esmu \u0101rk\u0101rt\u012bgi v\u012blusies. Mums visiem j\u0101k\u013c\u016bst cilv\u0113c\u012bg\u0101kiem un izproto\u0161\u0101kiem.<\/p>\n<p><img decoding=\"async\" src=\"https:\/\/www.europesays.com\/lv\/wp-content\/uploads\/2025\/10\/202505271433126835a2f87164f.jpg\" alt=\"MAF 2025\" loading=\"lazy\"\/><\/p>\n<p>MAF 2025<\/p>\n<p>Foto:\u00a0#sif_maf2025<\/p>\n<p class=\"paragraph-muted\">Publik\u0101cija tapusi projekt\u0101 \u201cSare\u017e\u0123\u012bt\u0101 Latvija: no valsts l\u012bdz novadam\u201d, kur\u0101 \u201cLatvijas Av\u012bze\u201d sadarbojas ar laikrakstiem &#8220;Staburags&#8221;, &#8220;Dzirkstele&#8221;, &#8220;Br\u012bv\u0101 Daugava&#8221;, &#8220;Bauskas Dz\u012bve&#8221;, &#8220;Al\u016bksnes un Malienas Zi\u0146as&#8221; un \u201cZieme\u013clatvija\u201d.<\/p>\n<p class=\"paragraph-muted\">Mediju atbalsta fonda ieguld\u012bjums no Latvijas valsts bud\u017eeta l\u012bdzek\u013ciem. Par publik\u0101cijas saturu atbild \u201cLatvijas Av\u012bze\u201d.<\/p>\n","protected":false},"excerpt":{"rendered":"Dom\u0101ju, ka iemesls tam visam ir tie\u0161i tas, ka dienesti, mednieks un policija sav\u0101 starp\u0101 norm\u0101li nekomunic\u0113ja un&hellip;\n","protected":false},"author":2,"featured_media":30096,"comment_status":"","ping_status":"","sticky":false,"template":"","format":"standard","meta":{"footnotes":""},"categories":[12],"tags":[23,28,29,32,33,22,30,31,35,39,38,36,37,34,40,20,26,27,24,25,21],"class_list":{"0":"post-30095","1":"post","2":"type-post","3":"status-publish","4":"format-standard","5":"has-post-thumbnail","7":"category-latvija","8":"tag-aktualitates","9":"tag-breaking-news","10":"tag-breakingnews","11":"tag-featured-news","12":"tag-featurednews","13":"tag-headlines","14":"tag-latest-news","15":"tag-latestnews","16":"tag-latvia","17":"tag-latvian","18":"tag-latviesu","19":"tag-latviesu-valoda","20":"tag-latviesuvaloda","21":"tag-latvija","22":"tag-lv","23":"tag-news","24":"tag-popularakas-zinas","25":"tag-popularakaszinas","26":"tag-top-stories","27":"tag-topstories","28":"tag-zinas"},"share_on_mastodon":{"url":"https:\/\/pubeurope.com\/@lv\/115429339518532825","error":""},"_links":{"self":[{"href":"https:\/\/www.europesays.com\/lv\/wp-json\/wp\/v2\/posts\/30095","targetHints":{"allow":["GET"]}}],"collection":[{"href":"https:\/\/www.europesays.com\/lv\/wp-json\/wp\/v2\/posts"}],"about":[{"href":"https:\/\/www.europesays.com\/lv\/wp-json\/wp\/v2\/types\/post"}],"author":[{"embeddable":true,"href":"https:\/\/www.europesays.com\/lv\/wp-json\/wp\/v2\/users\/2"}],"replies":[{"embeddable":true,"href":"https:\/\/www.europesays.com\/lv\/wp-json\/wp\/v2\/comments?post=30095"}],"version-history":[{"count":0,"href":"https:\/\/www.europesays.com\/lv\/wp-json\/wp\/v2\/posts\/30095\/revisions"}],"wp:featuredmedia":[{"embeddable":true,"href":"https:\/\/www.europesays.com\/lv\/wp-json\/wp\/v2\/media\/30096"}],"wp:attachment":[{"href":"https:\/\/www.europesays.com\/lv\/wp-json\/wp\/v2\/media?parent=30095"}],"wp:term":[{"taxonomy":"category","embeddable":true,"href":"https:\/\/www.europesays.com\/lv\/wp-json\/wp\/v2\/categories?post=30095"},{"taxonomy":"post_tag","embeddable":true,"href":"https:\/\/www.europesays.com\/lv\/wp-json\/wp\/v2\/tags?post=30095"}],"curies":[{"name":"wp","href":"https:\/\/api.w.org\/{rel}","templated":true}]}}