{"id":30099,"date":"2025-10-24T13:22:12","date_gmt":"2025-10-24T13:22:12","guid":{"rendered":"https:\/\/www.europesays.com\/lv\/30099\/"},"modified":"2025-10-24T13:22:12","modified_gmt":"2025-10-24T13:22:12","slug":"tris-ieslodzitie-cietuma-izteikusi-draudus-bijusajam-francijas-prezidentam-nikola-sarkozi","status":"publish","type":"post","link":"https:\/\/www.europesays.com\/lv\/30099\/","title":{"rendered":"Tr\u012bs ieslodz\u012btie cietum\u0101 izteiku\u0161i draudus biju\u0161ajam Francijas prezidentam Nikol\u0101 Sarkoz\u012b"},"content":{"rendered":"<p>Mediji zi\u0146oja, ka prokurat\u016bra s\u0101kusi izmekl\u0113\u0161anu par n\u0101ves draudu izteik\u0161anu. Tika veikta ar\u012b krat\u012b\u0161ana, kuras laik\u0101 tika atrasti un konfisc\u0113ti divi mobilie telefoni. Sarkoz\u012b advok\u0101ts nor\u0101d\u012bja, ka eksprezidents tiek tur\u0113ts izol\u0113t\u0101 un \u012bpa\u0161i apsarg\u0101t\u0101 cietuma zon\u0101, bet vi\u0146\u0161 nesa\u0146em \u012bpa\u0161u attieksmi. \u0145emot v\u0113r\u0101 vi\u0146a vecumu, Sarkoz\u012b pieteicies nosac\u012btai atbr\u012bvo\u0161anai uzreiz p\u0113c non\u0101k\u0161anas cietum\u0101. Francij\u0101 \u0161\u0101da iesp\u0113ja ir ieslodz\u012btajiem, kuri ir vec\u0101ki par 70 gadiem.<\/p>\n","protected":false},"excerpt":{"rendered":"Mediji zi\u0146oja, ka prokurat\u016bra s\u0101kusi izmekl\u0113\u0161anu par n\u0101ves draudu izteik\u0161anu. Tika veikta ar\u012b krat\u012b\u0161ana, kuras laik\u0101 tika atrasti&hellip;\n","protected":false},"author":2,"featured_media":30100,"comment_status":"","ping_status":"","sticky":false,"template":"","format":"standard","meta":{"footnotes":""},"categories":[14],"tags":[23,57,28,29,32,33,22,30,31,35,39,38,36,37,34,40,20,26,27,24,25,54,55,56,21,58],"class_list":{"0":"post-30099","1":"post","2":"type-post","3":"status-publish","4":"format-standard","5":"has-post-thumbnail","7":"category-zinas-no-arvalstim","8":"tag-aktualitates","9":"tag-arvalstim","10":"tag-breaking-news","11":"tag-breakingnews","12":"tag-featured-news","13":"tag-featurednews","14":"tag-headlines","15":"tag-latest-news","16":"tag-latestnews","17":"tag-latvia","18":"tag-latvian","19":"tag-latviesu","20":"tag-latviesu-valoda","21":"tag-latviesuvaloda","22":"tag-latvija","23":"tag-lv","24":"tag-news","25":"tag-popularakas-zinas","26":"tag-popularakaszinas","27":"tag-top-stories","28":"tag-topstories","29":"tag-world","30":"tag-world-news","31":"tag-worldnews","32":"tag-zinas","33":"tag-zinas-no-arvalstim"},"share_on_mastodon":{"url":"https:\/\/pubeurope.com\/@lv\/115429359332570181","error":""},"_links":{"self":[{"href":"https:\/\/www.europesays.com\/lv\/wp-json\/wp\/v2\/posts\/30099","targetHints":{"allow":["GET"]}}],"collection":[{"href":"https:\/\/www.europesays.com\/lv\/wp-json\/wp\/v2\/posts"}],"about":[{"href":"https:\/\/www.europesays.com\/lv\/wp-json\/wp\/v2\/types\/post"}],"author":[{"embeddable":true,"href":"https:\/\/www.europesays.com\/lv\/wp-json\/wp\/v2\/users\/2"}],"replies":[{"embeddable":true,"href":"https:\/\/www.europesays.com\/lv\/wp-json\/wp\/v2\/comments?post=30099"}],"version-history":[{"count":0,"href":"https:\/\/www.europesays.com\/lv\/wp-json\/wp\/v2\/posts\/30099\/revisions"}],"wp:featuredmedia":[{"embeddable":true,"href":"https:\/\/www.europesays.com\/lv\/wp-json\/wp\/v2\/media\/30100"}],"wp:attachment":[{"href":"https:\/\/www.europesays.com\/lv\/wp-json\/wp\/v2\/media?parent=30099"}],"wp:term":[{"taxonomy":"category","embeddable":true,"href":"https:\/\/www.europesays.com\/lv\/wp-json\/wp\/v2\/categories?post=30099"},{"taxonomy":"post_tag","embeddable":true,"href":"https:\/\/www.europesays.com\/lv\/wp-json\/wp\/v2\/tags?post=30099"}],"curies":[{"name":"wp","href":"https:\/\/api.w.org\/{rel}","templated":true}]}}